{"id":45539,"date":"2025-03-05T00:07:23","date_gmt":"2025-03-05T00:07:23","guid":{"rendered":"https:\/\/armstrongyregion.com.ar\/diario\/?p=45539"},"modified":"2025-03-05T00:07:25","modified_gmt":"2025-03-05T00:07:25","slug":"impulsan-proyecto-para-revocar-mandatos-de-funcionarios","status":"publish","type":"post","link":"https:\/\/armstrongyregion.com.ar\/diario\/impulsan-proyecto-para-revocar-mandatos-de-funcionarios\/","title":{"rendered":"Impulsan Proyecto para REVOCAR MANDATOS de Funcionarios."},"content":{"rendered":"\n<figure class=\"wp-block-image size-large\"><img loading=\"lazy\" decoding=\"async\" width=\"640\" height=\"427\" src=\"http:\/\/armstrongyregion.com.ar\/diario\/wp-content\/uploads\/2025\/03\/del-frade-revocatoria-mandato-640x427.jpg\" alt=\"\" class=\"wp-image-45540\" srcset=\"https:\/\/armstrongyregion.com.ar\/diario\/wp-content\/uploads\/2025\/03\/del-frade-revocatoria-mandato-640x427.jpg 640w, https:\/\/armstrongyregion.com.ar\/diario\/wp-content\/uploads\/2025\/03\/del-frade-revocatoria-mandato-300x200.jpg 300w, https:\/\/armstrongyregion.com.ar\/diario\/wp-content\/uploads\/2025\/03\/del-frade-revocatoria-mandato.jpg 700w\" sizes=\"auto, (max-width: 640px) 100vw, 640px\" \/><\/figure>\n\n\n\n<h2 class=\"wp-block-heading\">El diputado Carlos del Frade del Frente Amplio por la Soberan\u00eda ingres\u00f3 un expediente en la C\u00e1mara de Diputados permitiendo la revocatoria de mandatos de funcionarios electivos de los poderes legislativos y Ejecutivo y tambi\u00e9n de las comunas \u00a0en Santa Fe,<\/h2>\n\n\n\n<p>Los requisitos para pedir la revocatoria de mandatos deben ser: Que hayan transcurrido m\u00e1s de doce (12) meses desde la asunci\u00f3n del cargo de la funcionaria o funcionario y resten cumplirse m\u00e1s de seis (6) meses de la finalizaci\u00f3n del per\u00edodo para el que hubiere sido electo\/a; Que re\u00fana al menos la firma del veinte por ciento (10%) de los electores y electoras de la Ciudad o Comuna, seg\u00fan corresponda y que se funde en causas atinentes al desempe\u00f1o de sus funciones.<\/p>\n\n\n\n<p>En tanto, dicha revocatoria debe ser impulsada por uno o m\u00e1s electores o electoras de la provincia.<\/p>\n\n\n\n<p>El proceder deber\u00e1 ser de la siguiente manera. Los interesados deber\u00e1n presentarse ante el Tribunal Superior de Justicia a los efectos de identificar al funcionario &nbsp;cuya revocaci\u00f3n de mandato se impulsa, el cargo que detenta y las fechas de inicio y finalizaci\u00f3n de su mandato. Tambi\u00e9n se\u00f1alar las causas por las que se solicita la revocatoria.<\/p>\n\n\n\n<p>Ahora bien, el Tribunal Superior de Justicia entregar\u00e1 a quienes impulsen tal o cual revocatoria de mandato &nbsp;las planillas foliadas en las que se deben asentar las firmas de los electores y electoras y dar\u00e1 un plazo de 12 meses para que &nbsp;presentan el total de firmas obtenidas para impulsar la revocatoria.<\/p>\n\n\n\n<p>En ese marco, y en caso de no cumplirse con el porcentaje requerido en los plazos establecidos, el Tribunal Superior de Justicia declarar\u00e1 la caducidad del procedimiento. Al respecto el piso del porcentaje debe ser el 10% del padr\u00f3n de la ciudad o comuna, seg\u00fan corresponda, y as\u00ed se tendr\u00e1 por iniciada la petici\u00f3n de revocatoria de mandato<\/p>\n\n\n\n<p><strong>REFER\u00c9NDUM DE CONVOCATORIA<\/strong><\/p>\n\n\n\n<p>Una vez que los demandantes presenten todo lo requerido y sea avalado por el Tribunal Superior de Justicia, este organismo &nbsp;debe convocar a refer\u00e9ndum de revocatoria de mandato que deber\u00e1 realizarse dentro de los noventa (90) d\u00edas.<\/p>\n\n\n\n<p>Si la opci\u00f3n por la revocatoria del mandato hubiere obtenido el apoyo de m\u00e1s del cincuenta por ciento (50%) de los electores inscriptos en el padr\u00f3n electoral del distrito correspondiente, el funcionario o funcionaria, luego del escrutinio definitivo, quedar\u00e1 separado de su cargo. En dicho caso, se habilitar\u00e1n los mecanismos previstos para el reemplazo del funcionario y asumir\u00e1 su cargo quien legalmente deba suplantarlo. En caso que la opci\u00f3n por revocar el mandato no obtuviese el apoyo de m\u00e1s del cincuenta por ciento (50%) de los electores inscriptos en el padr\u00f3n electoral del distrito correspondiente, debe quedar inhabilitada la presentaci\u00f3n de una nueva petici\u00f3n de revocatoria de mandato por las mismas causales referidas a id\u00e9nticos hechos.<\/p>\n\n\n\n<p><strong>INICIATIVA POPULAR<\/strong><\/p>\n\n\n\n<p>Asimismo, Del Frade present\u00f3 otro proyecto permitiendo que &nbsp;los ciudadanos santafesinos puedan ejercer el derecho de iniciativa popular para presentar proyectos de ley ante cualquiera de las C\u00e1maras de la Legislatura de Santa Fe, individualmente o a trav\u00e9s de organizaciones de la sociedad civil.<\/p>\n\n\n\n<p>En ese sentido, el legislador aclar\u00f3 que todos los temas que pueden ser objeto de una ley podr\u00e1n ser objeto de iniciativa popular.<\/p>\n\n\n\n<p>Ahora bien, la iniciativa tendr\u00e1 el tratamiento ordinario previsto para los proyectos, conforme la Constituci\u00f3n Provincial y el reglamento interno de la Legislatura.. En ese sentido, la iniciativa tendr\u00e1 tratamiento obligatorio en C\u00e1mara dentro de los doce (12) meses cuando: a) la iniciativa cuente con la firma de un n\u00famero de electores no inferior al uno por ciento (1 %) del padr\u00f3n electoral provincial<\/p>\n\n\n\n<p>b) cuando la materia de la iniciativa sea de alcance regional o departamental, el requisito del porcentual se cumplir\u00e1 considerando \u00fanicamente el padr\u00f3n electoral de la zona de influencia.<\/p>\n\n\n\n<p>Del Frade explic\u00f3 que, el &nbsp;proyecto de regulaci\u00f3n de la iniciativa popular de leyes constituye una propuesta elevada por primera vez en 2019, que \u201choy reingresamos nuevamente dado que lamentablemente, pese a su relevancia, no ha tenido tratamiento\u201d<\/p>\n\n\n\n<p>La iniciativa popular \u201ces uno de los institutos de democracia semidirecta, que reconoce nuestro ordenamiento jur\u00eddico y que faculta al electorado a participar de una manera activa en la direcci\u00f3n, control y rumbo de un estado, atendiendo a los problemas sociales y pol\u00edticos que subyacen, consolidando as\u00ed una democracia participativa de gobierno\u201d, complet\u00f3 el diputado del FAS.<\/p>\n","protected":false},"excerpt":{"rendered":"<p>Impulsan Proyecto para REVOCAR MANDATOS de Funcionarios.<\/p>\n","protected":false},"author":1,"featured_media":45540,"comment_status":"open","ping_status":"open","sticky":false,"template":"","format":"image","meta":{"_jetpack_memberships_contains_paid_content":false,"footnotes":"","jetpack_publicize_message":"","jetpack_publicize_feature_enabled":true,"jetpack_social_post_already_shared":true,"jetpack_social_options":{"image_generator_settings":{"template":"highway","default_image_id":0,"enabled":false},"version":2}},"categories":[8,1,2,7,3],"tags":[19,5030,3849,9660,8510,81,8598,11491],"class_list":["post-45539","post","type-post","status-publish","format-image","has-post-thumbnail","hentry","category-deliberando","category-diario-armstrong","category-locales","category-politica","category-region","tag-de","tag-diario-armstrong","tag-funcionarios","tag-impulsan","tag-mandatos","tag-para","tag-proyectos-2","tag-revocar","post_format-post-format-image"],"jetpack_publicize_connections":[],"jetpack_featured_media_url":"https:\/\/armstrongyregion.com.ar\/diario\/wp-content\/uploads\/2025\/03\/del-frade-revocatoria-mandato.jpg","jetpack_shortlink":"https:\/\/wp.me\/p62QDO-bQv","jetpack_sharing_enabled":true,"amp_enabled":true,"_links":{"self":[{"href":"https:\/\/armstrongyregion.com.ar\/diario\/wp-json\/wp\/v2\/posts\/45539","targetHints":{"allow":["GET"]}}],"collection":[{"href":"https:\/\/armstrongyregion.com.ar\/diario\/wp-json\/wp\/v2\/posts"}],"about":[{"href":"https:\/\/armstrongyregion.com.ar\/diario\/wp-json\/wp\/v2\/types\/post"}],"author":[{"embeddable":true,"href":"https:\/\/armstrongyregion.com.ar\/diario\/wp-json\/wp\/v2\/users\/1"}],"replies":[{"embeddable":true,"href":"https:\/\/armstrongyregion.com.ar\/diario\/wp-json\/wp\/v2\/comments?post=45539"}],"version-history":[{"count":1,"href":"https:\/\/armstrongyregion.com.ar\/diario\/wp-json\/wp\/v2\/posts\/45539\/revisions"}],"predecessor-version":[{"id":45541,"href":"https:\/\/armstrongyregion.com.ar\/diario\/wp-json\/wp\/v2\/posts\/45539\/revisions\/45541"}],"wp:featuredmedia":[{"embeddable":true,"href":"https:\/\/armstrongyregion.com.ar\/diario\/wp-json\/wp\/v2\/media\/45540"}],"wp:attachment":[{"href":"https:\/\/armstrongyregion.com.ar\/diario\/wp-json\/wp\/v2\/media?parent=45539"}],"wp:term":[{"taxonomy":"category","embeddable":true,"href":"https:\/\/armstrongyregion.com.ar\/diario\/wp-json\/wp\/v2\/categories?post=45539"},{"taxonomy":"post_tag","embeddable":true,"href":"https:\/\/armstrongyregion.com.ar\/diario\/wp-json\/wp\/v2\/tags?post=45539"}],"curies":[{"name":"wp","href":"https:\/\/api.w.org\/{rel}","templated":true}]}}