{"id":45524,"date":"2025-03-01T20:54:50","date_gmt":"2025-03-01T20:54:50","guid":{"rendered":"https:\/\/armstrongyregion.com.ar\/diario\/?p=45524"},"modified":"2025-03-01T20:54:52","modified_gmt":"2025-03-01T20:54:52","slug":"di-santo-recibio-junto-al-intendente-de-las-parejas-horacio-companucci-y-autoridades-departamentales-a-juan-monteverde","status":"publish","type":"post","link":"https:\/\/armstrongyregion.com.ar\/diario\/di-santo-recibio-junto-al-intendente-de-las-parejas-horacio-companucci-y-autoridades-departamentales-a-juan-monteverde\/","title":{"rendered":"Di Santo recibi\u00f3 junto al Intendente de Las Parejas Horacio Companucci y autoridades departamentales a Juan Monteverde.\u00a0"},"content":{"rendered":"\n<figure class=\"wp-block-image size-large\"><img loading=\"lazy\" decoding=\"async\" width=\"640\" height=\"426\" src=\"http:\/\/armstrongyregion.com.ar\/diario\/wp-content\/uploads\/2025\/03\/Di-Santo-1--640x426.jpg\" alt=\"\" class=\"wp-image-45525\" srcset=\"https:\/\/armstrongyregion.com.ar\/diario\/wp-content\/uploads\/2025\/03\/Di-Santo-1--640x426.jpg 640w, https:\/\/armstrongyregion.com.ar\/diario\/wp-content\/uploads\/2025\/03\/Di-Santo-1--300x200.jpg 300w, https:\/\/armstrongyregion.com.ar\/diario\/wp-content\/uploads\/2025\/03\/Di-Santo-1--768x512.jpg 768w, https:\/\/armstrongyregion.com.ar\/diario\/wp-content\/uploads\/2025\/03\/Di-Santo-1-.jpg 800w\" sizes=\"auto, (max-width: 640px) 100vw, 640px\" \/><\/figure>\n\n\n\n<p>\u00a0Juan Monteverde es candidato convencional provincial y lleg\u00f3 acompa\u00f1ado por Pablo Corsalini actual intendente de la ciudad P\u00e9rez. <\/p>\n\n\n\n<figure class=\"wp-block-image size-large\"><img loading=\"lazy\" decoding=\"async\" width=\"640\" height=\"426\" src=\"http:\/\/armstrongyregion.com.ar\/diario\/wp-content\/uploads\/2025\/03\/Di-Santo-2-640x426.jpg\" alt=\"\" class=\"wp-image-45526\" srcset=\"https:\/\/armstrongyregion.com.ar\/diario\/wp-content\/uploads\/2025\/03\/Di-Santo-2-640x426.jpg 640w, https:\/\/armstrongyregion.com.ar\/diario\/wp-content\/uploads\/2025\/03\/Di-Santo-2-300x200.jpg 300w, https:\/\/armstrongyregion.com.ar\/diario\/wp-content\/uploads\/2025\/03\/Di-Santo-2-768x512.jpg 768w, https:\/\/armstrongyregion.com.ar\/diario\/wp-content\/uploads\/2025\/03\/Di-Santo-2.jpg 800w\" sizes=\"auto, (max-width: 640px) 100vw, 640px\" \/><\/figure>\n\n\n\n<p>En su recorrido por los departamentos, visit\u00f3 a los candidatos para llevarse con \u00e9l la realidad de cada territorio y volcarlas en lo que ser\u00e1 la reforma de la Constituci\u00f3n Provincial de los pr\u00f3ximos 50 a\u00f1os. <\/p>\n\n\n\n<figure class=\"wp-block-image size-large\"><img loading=\"lazy\" decoding=\"async\" width=\"640\" height=\"435\" src=\"http:\/\/armstrongyregion.com.ar\/diario\/wp-content\/uploads\/2025\/03\/Di-Santo-3-640x435.jpg\" alt=\"\" class=\"wp-image-45527\" srcset=\"https:\/\/armstrongyregion.com.ar\/diario\/wp-content\/uploads\/2025\/03\/Di-Santo-3-640x435.jpg 640w, https:\/\/armstrongyregion.com.ar\/diario\/wp-content\/uploads\/2025\/03\/Di-Santo-3-300x204.jpg 300w, https:\/\/armstrongyregion.com.ar\/diario\/wp-content\/uploads\/2025\/03\/Di-Santo-3-768x522.jpg 768w, https:\/\/armstrongyregion.com.ar\/diario\/wp-content\/uploads\/2025\/03\/Di-Santo-3.jpg 800w\" sizes=\"auto, (max-width: 640px) 100vw, 640px\" \/><\/figure>\n\n\n\n<p>Tambi\u00e9n lo acompa\u00f1aron Eliana Gramignia y Marisa Camilucci quienes tambi\u00e9n integran la lista provincial.<\/p>\n\n\n\n<figure class=\"wp-block-image size-large\"><img loading=\"lazy\" decoding=\"async\" width=\"640\" height=\"435\" src=\"http:\/\/armstrongyregion.com.ar\/diario\/wp-content\/uploads\/2025\/03\/Di-Santo-4--640x435.jpg\" alt=\"\" class=\"wp-image-45528\" srcset=\"https:\/\/armstrongyregion.com.ar\/diario\/wp-content\/uploads\/2025\/03\/Di-Santo-4--640x435.jpg 640w, https:\/\/armstrongyregion.com.ar\/diario\/wp-content\/uploads\/2025\/03\/Di-Santo-4--300x204.jpg 300w, https:\/\/armstrongyregion.com.ar\/diario\/wp-content\/uploads\/2025\/03\/Di-Santo-4--768x522.jpg 768w, https:\/\/armstrongyregion.com.ar\/diario\/wp-content\/uploads\/2025\/03\/Di-Santo-4-.jpg 800w\" sizes=\"auto, (max-width: 640px) 100vw, 640px\" \/><\/figure>\n","protected":false},"excerpt":{"rendered":"<p>Di Santo recibi\u00f3 junto al Intendente de Las Parejas Horacio Companucci y autoridades departamentales a Juan Monteverde.\u00a0<\/p>\n","protected":false},"author":1,"featured_media":45525,"comment_status":"open","ping_status":"open","sticky":false,"template":"","format":"image","meta":{"_jetpack_memberships_contains_paid_content":false,"footnotes":"","jetpack_publicize_message":"","jetpack_publicize_feature_enabled":true,"jetpack_social_post_already_shared":true,"jetpack_social_options":{"image_generator_settings":{"template":"highway","default_image_id":0,"enabled":false},"version":2}},"categories":[8,1,2,7,3],"tags":[857,1747,8836,5030,9346,2678,11485],"class_list":["post-45524","post","type-post","status-publish","format-image","has-post-thumbnail","hentry","category-deliberando","category-diario-armstrong","category-locales","category-politica","category-region","tag-autoridades","tag-departamentales","tag-di-santo","tag-diario-armstrong","tag-graciela-de-la-casa","tag-horacio-compagnucci","tag-juan-monteverde","post_format-post-format-image"],"jetpack_publicize_connections":[],"jetpack_featured_media_url":"https:\/\/armstrongyregion.com.ar\/diario\/wp-content\/uploads\/2025\/03\/Di-Santo-1-.jpg","jetpack_shortlink":"https:\/\/wp.me\/p62QDO-bQg","jetpack_sharing_enabled":true,"amp_enabled":true,"_links":{"self":[{"href":"https:\/\/armstrongyregion.com.ar\/diario\/wp-json\/wp\/v2\/posts\/45524","targetHints":{"allow":["GET"]}}],"collection":[{"href":"https:\/\/armstrongyregion.com.ar\/diario\/wp-json\/wp\/v2\/posts"}],"about":[{"href":"https:\/\/armstrongyregion.com.ar\/diario\/wp-json\/wp\/v2\/types\/post"}],"author":[{"embeddable":true,"href":"https:\/\/armstrongyregion.com.ar\/diario\/wp-json\/wp\/v2\/users\/1"}],"replies":[{"embeddable":true,"href":"https:\/\/armstrongyregion.com.ar\/diario\/wp-json\/wp\/v2\/comments?post=45524"}],"version-history":[{"count":1,"href":"https:\/\/armstrongyregion.com.ar\/diario\/wp-json\/wp\/v2\/posts\/45524\/revisions"}],"predecessor-version":[{"id":45529,"href":"https:\/\/armstrongyregion.com.ar\/diario\/wp-json\/wp\/v2\/posts\/45524\/revisions\/45529"}],"wp:featuredmedia":[{"embeddable":true,"href":"https:\/\/armstrongyregion.com.ar\/diario\/wp-json\/wp\/v2\/media\/45525"}],"wp:attachment":[{"href":"https:\/\/armstrongyregion.com.ar\/diario\/wp-json\/wp\/v2\/media?parent=45524"}],"wp:term":[{"taxonomy":"category","embeddable":true,"href":"https:\/\/armstrongyregion.com.ar\/diario\/wp-json\/wp\/v2\/categories?post=45524"},{"taxonomy":"post_tag","embeddable":true,"href":"https:\/\/armstrongyregion.com.ar\/diario\/wp-json\/wp\/v2\/tags?post=45524"}],"curies":[{"name":"wp","href":"https:\/\/api.w.org\/{rel}","templated":true}]}}