{"id":45521,"date":"2025-03-01T20:44:22","date_gmt":"2025-03-01T20:44:22","guid":{"rendered":"https:\/\/armstrongyregion.com.ar\/diario\/?p=45521"},"modified":"2025-03-01T20:44:25","modified_gmt":"2025-03-01T20:44:25","slug":"santa-fe-se-prepara-para-una-destacada-presencia-en-expoagro-2025","status":"publish","type":"post","link":"https:\/\/armstrongyregion.com.ar\/diario\/santa-fe-se-prepara-para-una-destacada-presencia-en-expoagro-2025\/","title":{"rendered":"Santa Fe se prepara para una destacada presencia en Expoagro 2025"},"content":{"rendered":"\n<figure class=\"wp-block-image size-full\"><img loading=\"lazy\" decoding=\"async\" width=\"640\" height=\"427\" src=\"http:\/\/armstrongyregion.com.ar\/diario\/wp-content\/uploads\/2025\/03\/expoagro-2025.jpg\" alt=\"\" class=\"wp-image-45522\" srcset=\"https:\/\/armstrongyregion.com.ar\/diario\/wp-content\/uploads\/2025\/03\/expoagro-2025.jpg 640w, https:\/\/armstrongyregion.com.ar\/diario\/wp-content\/uploads\/2025\/03\/expoagro-2025-300x200.jpg 300w\" sizes=\"auto, (max-width: 640px) 100vw, 640px\" \/><\/figure>\n\n\n\n<h2 class=\"wp-block-heading\">Con un n\u00famero r\u00e9cord de postulaciones de firmas santafesinas y un total de 29 seleccionadas, la Provincia apuesta a consolidar su liderazgo en una de las ferias agroindustriales m\u00e1s importantes del pa\u00eds. Nuevas l\u00edneas de cr\u00e9ditos, rondas internacionales de negocios y promoci\u00f3n de los puertos, entre las novedades que lleva Santa Fe a la expo.<\/h2>\n\n\n\n<p>La provincia de Santa Fe prepara una participaci\u00f3n r\u00e9cord en Expoagro 2025, una de las ferias agroindustriales a cielo abierto m\u00e1s importantes del pa\u00eds, que se llevar\u00e1 a cabo del 11 al 14 de marzo en el Predio Ferial y Aut\u00f3dromo de San Nicol\u00e1s, Buenos Aires. Seg\u00fan sus perfiles productivos y nivel de innovaci\u00f3n, 29 empresas fueron seleccionadas de entre las m\u00e1s de 120 postulaciones de pymes provinciales que se inscribieron para formar parte del evento, priorizando tambi\u00e9n a aquellas firmas que no han participado en otras ediciones. Esta demanda constituye un r\u00e9cord de solicitudes y da cuenta del creciente inter\u00e9s del sector productivo santafesino por mostrar su potencial en uno de los escenarios m\u00e1s relevantes de la agroindustria.<\/p>\n\n\n\n<p>El Gobierno de Santa Fe contar\u00e1 con un espacio estrat\u00e9gico en la feria, ocupando el Lote N\u00b0 P-50 de 4.500 metros cuadrados, el mismo que dispuso en la edici\u00f3n anterior. All\u00ed, se instalar\u00e1 un stand institucional de 300 metros cuadrados que ofrecer\u00e1 atenci\u00f3n general, \u00e1reas espec\u00edficas mostrando los distintos programas disponibles para el entramado productivo, una sala de reuniones para 30 personas y un sector de prensa para entrevistas y conferencias. En este \u00e1mbito se desarrollar\u00e1n importantes actividades, anuncios y presentaciones de programas.&nbsp;<\/p>\n\n\n\n<p><strong>Gran vidriera<\/strong><\/p>\n\n\n\n<p>En el \u00e1rea al aire libre, 24 pymes agroindustriales santafesinas tendr\u00e1n la oportunidad de exhibir su oferta en un entorno especialmente preparado para favorecer la exhibici\u00f3n de productos y servicios orientados al agro. Otras 5 firmas del sector Agtech dispondr\u00e1n de una carpa de 100 metros cuadrados donde tambi\u00e9n podr\u00e1n mostrarse y ofrecer charlas sobre innovaci\u00f3n y tecnolog\u00eda aplicada al agro. Estas empresas provienen de distintos departamentos de la provincia, entre ellos Belgrano, Caseros, Castellanos, General L\u00f3pez, Iriondo, La Capital, Las Colonias, Rosario, San Jer\u00f3nimo, San Justo, San Lorenzo y San Mart\u00edn. Los rubros representados abarcan desde la fabricaci\u00f3n de maquinaria agr\u00edcola, implementos para el agro y agropartes, hasta soluciones tecnol\u00f3gicas en software y energ\u00eda renovable aplicada al sector.<\/p>\n\n\n\n<p>Tambi\u00e9n participar\u00e1n empresas dedicadas a la producci\u00f3n de fertilizantes, equipamiento hidr\u00e1ulico, iluminaci\u00f3n para maquinaria agr\u00edcola y servicios especializados para el sector agroindustrial.<\/p>\n\n\n\n<p>Adem\u00e1s, el lote provincial contar\u00e1 con un escenario principal para presentaciones de programas y actividades de divulgaci\u00f3n, as\u00ed como un segundo escenario para eventos art\u00edsticos y demostraciones. Y una de las grandes novedades ser\u00e1 la incorporaci\u00f3n de un \u201cEspacio Streaming\u201d, dise\u00f1ado para la producci\u00f3n de contenido en vivo y la difusi\u00f3n de las actividades de la provincia en redes sociales. Este espacio tambi\u00e9n albergar\u00e1 una zona de realidad virtual inmersiva, donde los visitantes podr\u00e1n conocer de manera interactiva el potencial productivo de Santa Fe.&nbsp;<\/p>\n\n\n\n<p><strong>Santa Fe, en el centro<\/strong><\/p>\n\n\n\n<p>La provincia desembarca con iniciativas que la posicionan en el entramado productivo nacional como una bater\u00eda de l\u00edneas de cr\u00e9ditos, programas que apuntan a la eficiencia energ\u00e9tica y un espacio para promocionar a sus puertos como punto de salida para el resto del pa\u00eds. Adem\u00e1s, por primera vez, la Provincia de Santa Fe, a trav\u00e9s de la Secretar\u00eda de Comercio Exterior y Santa Fe Global, tendr\u00e1 a su cargo la organizaci\u00f3n integral de las rondas internacionales de negocios de la expo, un reconocimiento que surge de la exitosa experiencia del Santa Fe Business Forum.&nbsp;<\/p>\n\n\n\n<p>Finalmente, la masiva postulaci\u00f3n de empresas santafesinas para participar de Expoagro 2025 refleja la importancia del evento como vidriera para el sector agroindustrial. Con una propuesta renovada y espacios pensados para potenciar la presencia de las pymes, Santa Fe se afianza como un actor clave en un evento que re\u00fane a los principales exponentes del agro de Argentina y el mundo.<\/p>\n","protected":false},"excerpt":{"rendered":"<p>Santa Fe se prepara para una destacada presencia en Expoagro 2025<\/p>\n","protected":false},"author":1,"featured_media":45522,"comment_status":"open","ping_status":"open","sticky":false,"template":"","format":"image","meta":{"_jetpack_memberships_contains_paid_content":false,"footnotes":"","jetpack_publicize_message":"","jetpack_publicize_feature_enabled":true,"jetpack_social_post_already_shared":true,"jetpack_social_options":{"image_generator_settings":{"template":"highway","default_image_id":0,"enabled":false},"version":2}},"categories":[8,1,2,7,3],"tags":[10981,3202,5030,9082,471,3381],"class_list":["post-45521","post","type-post","status-publish","format-image","has-post-thumbnail","hentry","category-deliberando","category-diario-armstrong","category-locales","category-politica","category-region","tag-10981","tag-destacada","tag-diario-armstrong","tag-expoagro","tag-presencia","tag-santa-fe","post_format-post-format-image"],"jetpack_publicize_connections":[],"jetpack_featured_media_url":"https:\/\/armstrongyregion.com.ar\/diario\/wp-content\/uploads\/2025\/03\/expoagro-2025.jpg","jetpack_shortlink":"https:\/\/wp.me\/p62QDO-bQd","jetpack_sharing_enabled":true,"amp_enabled":true,"_links":{"self":[{"href":"https:\/\/armstrongyregion.com.ar\/diario\/wp-json\/wp\/v2\/posts\/45521","targetHints":{"allow":["GET"]}}],"collection":[{"href":"https:\/\/armstrongyregion.com.ar\/diario\/wp-json\/wp\/v2\/posts"}],"about":[{"href":"https:\/\/armstrongyregion.com.ar\/diario\/wp-json\/wp\/v2\/types\/post"}],"author":[{"embeddable":true,"href":"https:\/\/armstrongyregion.com.ar\/diario\/wp-json\/wp\/v2\/users\/1"}],"replies":[{"embeddable":true,"href":"https:\/\/armstrongyregion.com.ar\/diario\/wp-json\/wp\/v2\/comments?post=45521"}],"version-history":[{"count":1,"href":"https:\/\/armstrongyregion.com.ar\/diario\/wp-json\/wp\/v2\/posts\/45521\/revisions"}],"predecessor-version":[{"id":45523,"href":"https:\/\/armstrongyregion.com.ar\/diario\/wp-json\/wp\/v2\/posts\/45521\/revisions\/45523"}],"wp:featuredmedia":[{"embeddable":true,"href":"https:\/\/armstrongyregion.com.ar\/diario\/wp-json\/wp\/v2\/media\/45522"}],"wp:attachment":[{"href":"https:\/\/armstrongyregion.com.ar\/diario\/wp-json\/wp\/v2\/media?parent=45521"}],"wp:term":[{"taxonomy":"category","embeddable":true,"href":"https:\/\/armstrongyregion.com.ar\/diario\/wp-json\/wp\/v2\/categories?post=45521"},{"taxonomy":"post_tag","embeddable":true,"href":"https:\/\/armstrongyregion.com.ar\/diario\/wp-json\/wp\/v2\/tags?post=45521"}],"curies":[{"name":"wp","href":"https:\/\/api.w.org\/{rel}","templated":true}]}}