{"id":45511,"date":"2025-02-27T00:21:38","date_gmt":"2025-02-27T00:21:38","guid":{"rendered":"https:\/\/armstrongyregion.com.ar\/diario\/?p=45511"},"modified":"2025-02-27T00:21:40","modified_gmt":"2025-02-27T00:21:40","slug":"rechazo-a-la-designacion-por-decreto-de-ministros-de-la-corte-suprema-de-justicia-de-la-nacion","status":"publish","type":"post","link":"https:\/\/armstrongyregion.com.ar\/diario\/rechazo-a-la-designacion-por-decreto-de-ministros-de-la-corte-suprema-de-justicia-de-la-nacion\/","title":{"rendered":"Rechazo a la designaci\u00f3n por decreto de Ministros de la Corte Suprema de Justicia de la Naci\u00f3n."},"content":{"rendered":"\n<figure class=\"wp-block-image size-full\"><img loading=\"lazy\" decoding=\"async\" width=\"640\" height=\"427\" src=\"http:\/\/armstrongyregion.com.ar\/diario\/wp-content\/uploads\/2025\/02\/SOCIALISMO-26-2-25.jpg\" alt=\"\" class=\"wp-image-45512\" srcset=\"https:\/\/armstrongyregion.com.ar\/diario\/wp-content\/uploads\/2025\/02\/SOCIALISMO-26-2-25.jpg 640w, https:\/\/armstrongyregion.com.ar\/diario\/wp-content\/uploads\/2025\/02\/SOCIALISMO-26-2-25-300x200.jpg 300w\" sizes=\"auto, (max-width: 640px) 100vw, 640px\" \/><\/figure>\n\n\n\n<h2 class=\"wp-block-heading\"><strong>EL SOCIALISMO RECHAZA LA DESIGNACI\u00d3N DE MINISTROS DE\u00a0LA CORTE POR DECRETO Y ADVIERTE QUE HAR\u00c1 UNA DEFENSA IMPLACABLE DE LA DIVISI\u00d3N DE PODERES EN SANTA\u00a0FE\u00a0EN\u00a0LA\u00a0PR\u00d3XIMA CONSTITUYENTE<\/strong>.<\/h2>\n\n\n\n<figure class=\"wp-block-table\"><table><tbody><tr><td>El Partido Socialista (PS) de Santa Fe, a trav\u00e9s de su Junta Ejecutiva Provincial, expresa su m\u00e1xima preocupaci\u00f3n ante la decisi\u00f3n del gobierno nacional de designar por decreto a Ariel Lijo y Manuel Garc\u00eda Mansilla para integrar la Corte Suprema de Justicia de la Naci\u00f3n, pasando por alto al Senado, que es el cuerpo parlamentario que debe darles acuerdo a los jueces del alto tribunal con dos tercios de sus votos.\u00a0<br>Se trata de una medida arbitraria que atenta contra la divisi\u00f3n de poderes, base sobre la que se sostiene el sistema republicano, y da cuenta de un fracaso categ\u00f3rico a la hora de construir los consensos necesarios para integrar la m\u00e1xima instancia del Poder Judicial.\u00a0Este desenlace ocurrido luego de once meses de que el presidente Javier Milei presentara los pliegos en el Senado de la Naci\u00f3n remite indefectiblemente a las candidaturas propuestas por el Ejecutivo, que han sido foco de cuestionamientos \u2013algunos de extrema gravedad- desde un primer momento.<br>\u00a0A la vez, el menosprecio y denostaci\u00f3n permanentes del gobierno nacional hacia el Poder Legislativo est\u00e1n muy lejos de ser el camino para dar respuesta a los reclamos de una justicia de calidad, \u00e1gil y transparente por parte del conjunto de la sociedad desde hace tanto tiempo.<br>\u00a0Es en ese contexto que la provincia de Santa Fe emerge una vez m\u00e1s como ejemplo de fortalecimiento continuo de las instituciones democr\u00e1ticas, sobre la base del pluralismo y la b\u00fasqueda permanente de consensos.\u00a0<br>En noviembre de 2024, la Legislatura provincial dio prueba de ello cuando aprob\u00f3 una reforma del sistema de justicia de la provincia para hacerlo m\u00e1s abierto, eficiente y dotarlo de mayor legitimidad: llev\u00f3 la composici\u00f3n de la Corte Suprema de seis a siete miembros, estableci\u00f3 la edad l\u00edmite para el cargo, y fij\u00f3 en forma clara y detallada el mecanismo para la renovaci\u00f3n.<br> Esta norma, que expres\u00f3 un amplio consenso pol\u00edtico, vino a reforzar el procedimiento ya establecido en la Constituci\u00f3n provincial para el nombramiento de los integrantes del m\u00e1ximo tribunal santafesino: son designados por el Poder Ejecutivo con acuerdo de la Asamblea Legislativa. <br>La realidad de nuestra provincia se contrapone, entonces, a lo que vemos en la escena nacional y, lo que es m\u00e1s importante, desmiente que ese sea el \u00fanico resultado posible.\u00a0<br>De cara a la pr\u00f3xima reforma constitucional, nuestro compromiso inalterable estar\u00e1 en defender la necesaria divisi\u00f3n de poderes en la futura Carta Magna provincial de cualquier arrebato autoritario que, apoyado en un clima de \u00e9poca circunstancial, pretenda crear las condiciones jur\u00eddicas para llevar adelante en Santa Fe las pr\u00e1cticas lamentables y anti- republicanas que se ejercen a nivel nacional; y en promover los cambios que se requieran para que nuestras instituciones sean cada vez m\u00e1s robustas, modernas y confiables, para que den respuestas y rindan cuentas ante la ciudadan\u00eda.<\/td><\/tr><\/tbody><\/table><\/figure>\n\n\n\n<p><\/p>\n","protected":false},"excerpt":{"rendered":"<p>Rechazo a la designaci\u00f3n por decreto de Ministros de la Corte Suprema de Justicia de la Naci\u00f3n.<\/p>\n","protected":false},"author":1,"featured_media":45512,"comment_status":"open","ping_status":"open","sticky":false,"template":"","format":"image","meta":{"_jetpack_memberships_contains_paid_content":false,"footnotes":"","jetpack_publicize_message":"","jetpack_publicize_feature_enabled":true,"jetpack_social_post_already_shared":true,"jetpack_social_options":{"image_generator_settings":{"template":"highway","default_image_id":0,"enabled":false},"version":2}},"categories":[8,1,2,7,3],"tags":[4110,19,11279,8638,5030,452,31,2343,32,60,11481],"class_list":["post-45511","post","type-post","status-publish","format-image","has-post-thumbnail","hentry","category-deliberando","category-diario-armstrong","category-locales","category-politica","category-region","tag-corte","tag-de","tag-decreto","tag-designacion","tag-diario-armstrong","tag-justicia","tag-la","tag-ministros","tag-nacion","tag-por","tag-suprema","post_format-post-format-image"],"jetpack_publicize_connections":[],"jetpack_featured_media_url":"https:\/\/armstrongyregion.com.ar\/diario\/wp-content\/uploads\/2025\/02\/SOCIALISMO-26-2-25.jpg","jetpack_shortlink":"https:\/\/wp.me\/p62QDO-bQ3","jetpack_sharing_enabled":true,"amp_enabled":true,"_links":{"self":[{"href":"https:\/\/armstrongyregion.com.ar\/diario\/wp-json\/wp\/v2\/posts\/45511","targetHints":{"allow":["GET"]}}],"collection":[{"href":"https:\/\/armstrongyregion.com.ar\/diario\/wp-json\/wp\/v2\/posts"}],"about":[{"href":"https:\/\/armstrongyregion.com.ar\/diario\/wp-json\/wp\/v2\/types\/post"}],"author":[{"embeddable":true,"href":"https:\/\/armstrongyregion.com.ar\/diario\/wp-json\/wp\/v2\/users\/1"}],"replies":[{"embeddable":true,"href":"https:\/\/armstrongyregion.com.ar\/diario\/wp-json\/wp\/v2\/comments?post=45511"}],"version-history":[{"count":1,"href":"https:\/\/armstrongyregion.com.ar\/diario\/wp-json\/wp\/v2\/posts\/45511\/revisions"}],"predecessor-version":[{"id":45513,"href":"https:\/\/armstrongyregion.com.ar\/diario\/wp-json\/wp\/v2\/posts\/45511\/revisions\/45513"}],"wp:featuredmedia":[{"embeddable":true,"href":"https:\/\/armstrongyregion.com.ar\/diario\/wp-json\/wp\/v2\/media\/45512"}],"wp:attachment":[{"href":"https:\/\/armstrongyregion.com.ar\/diario\/wp-json\/wp\/v2\/media?parent=45511"}],"wp:term":[{"taxonomy":"category","embeddable":true,"href":"https:\/\/armstrongyregion.com.ar\/diario\/wp-json\/wp\/v2\/categories?post=45511"},{"taxonomy":"post_tag","embeddable":true,"href":"https:\/\/armstrongyregion.com.ar\/diario\/wp-json\/wp\/v2\/tags?post=45511"}],"curies":[{"name":"wp","href":"https:\/\/api.w.org\/{rel}","templated":true}]}}