{"id":45506,"date":"2025-02-26T22:02:23","date_gmt":"2025-02-26T22:02:23","guid":{"rendered":"https:\/\/armstrongyregion.com.ar\/diario\/?p=45506"},"modified":"2025-02-26T22:02:26","modified_gmt":"2025-02-26T22:02:26","slug":"la-venta-de-ropa-usada-fue-un-exito-y-con-lo-recaudado-voy-a-seguir-comprando-arboles-para-plantar-en-la-ciudad","status":"publish","type":"post","link":"https:\/\/armstrongyregion.com.ar\/diario\/la-venta-de-ropa-usada-fue-un-exito-y-con-lo-recaudado-voy-a-seguir-comprando-arboles-para-plantar-en-la-ciudad\/","title":{"rendered":"\u00abLa venta de ropa usada fue un \u00e9xito y con lo recaudado voy a seguir comprando arboles para plantar en la ciudad\u00bb"},"content":{"rendered":"\n<figure class=\"wp-block-image size-large\"><img loading=\"lazy\" decoding=\"async\" width=\"366\" height=\"480\" src=\"http:\/\/armstrongyregion.com.ar\/diario\/wp-content\/uploads\/2025\/02\/LUZ-FERIA-1--366x480.jpg\" alt=\"\" class=\"wp-image-45507\" srcset=\"https:\/\/armstrongyregion.com.ar\/diario\/wp-content\/uploads\/2025\/02\/LUZ-FERIA-1--366x480.jpg 366w, https:\/\/armstrongyregion.com.ar\/diario\/wp-content\/uploads\/2025\/02\/LUZ-FERIA-1--229x300.jpg 229w, https:\/\/armstrongyregion.com.ar\/diario\/wp-content\/uploads\/2025\/02\/LUZ-FERIA-1-.jpg 603w\" sizes=\"auto, (max-width: 366px) 100vw, 366px\" \/><\/figure>\n\n\n\n<p>La feria municipal \u00abColores y Sabores\u00bb celebrada el domingo pasado, tuvo la participaci\u00f3n especial de un stand \u00absolidario\u00bb de moda circular. Una propuesta de la Concejal Luz Marina Fischer quien coment\u00f3<\/p>\n\n\n\n<p><strong>\u00abEstamos muy satisfechos con el resultado de la feria. La respuesta de la gente fue incre\u00edble y estamos muy agradecidos por la participaci\u00f3n de todos los que acudieron no solo a comprar ropa sino tambi\u00e9n a contribuir con la reforestaci\u00f3n de nuestra ciudad\u00bb.<\/strong><\/p>\n\n\n\n<p>La iniciativa, organizada por la Concejal, buscaba fomentar la sostenibilidad y el cuidado del medio ambiente, al tiempo que ofrec\u00eda a los vecinos la oportunidad de adquirir ropa de calidad a precios muy accesibles.<\/p>\n\n\n\n<p>\u00abLa reforestaci\u00f3n es un tema muy importante para nuestra ciudad, necesitamos mas verde en las veredas, y estamos muy contentos de que la feria haya podido contribuir a este esfuerzo\u00bb, agreg\u00f3. \u00abLos \u00e1rboles que compraremos con la recaudaci\u00f3n ser\u00e1n plantados en las veredas donde haga falta, como venimos haciendo junto a los vecinos desde hace cuatro a\u00f1os\u00bb.<\/p>\n\n\n\n<p>La respuesta de la comunidad fue muy positiva, con cientos de personas que acudieron al stand en busca de ofertas. La variedad de articulos disponibles, desde ropa hasta calzado y accesorios que pertenec\u00edan a Luz Fischer, fue uno de los puntos fuertes de la feria.<\/p>\n\n\n\n<p><strong>Gracias a la recaudaci\u00f3n obtenida, la Concejal podr\u00e1 adquirir un importante n\u00famero de \u00e1rboles que se plantar\u00e1n en diferentes barrios de la ciudad, contribuyendo as\u00ed a mejorar la calidad del aire y a aumentar la superficie verde urbana.<\/strong><\/p>\n\n\n\n<p><strong>Fischer agradeci\u00f3 a todos los que colaboraron y compradores por su apoyo a esta iniciativa, y al municipio por el espacio brindado.<\/strong><\/p>\n","protected":false},"excerpt":{"rendered":"<p>\u00abLa venta de ropa usada fue un \u00e9xito y con lo recaudado voy a seguir comprando arboles para plantar en la ciudad\u00bb<\/p>\n","protected":false},"author":1,"featured_media":45507,"comment_status":"open","ping_status":"open","sticky":false,"template":"","format":"image","meta":{"_jetpack_memberships_contains_paid_content":false,"footnotes":"","jetpack_publicize_message":"","jetpack_publicize_feature_enabled":true,"jetpack_social_post_already_shared":true,"jetpack_social_options":{"image_generator_settings":{"template":"highway","default_image_id":0,"enabled":false},"version":2}},"categories":[6,8,1,2,7,3],"tags":[9842,20,6349,5030,1043,81,11477,11478,2699],"class_list":["post-45506","post","type-post","status-publish","format-image","has-post-thumbnail","hentry","category-cultura-entretenimiento","category-deliberando","category-diario-armstrong","category-locales","category-politica","category-region","tag-arboles","tag-armstrong","tag-comprar","tag-diario-armstrong","tag-fischer","tag-para","tag-ropa","tag-usada","tag-venta","post_format-post-format-image"],"jetpack_publicize_connections":[],"jetpack_featured_media_url":"https:\/\/armstrongyregion.com.ar\/diario\/wp-content\/uploads\/2025\/02\/LUZ-FERIA-1-.jpg","jetpack_shortlink":"https:\/\/wp.me\/p62QDO-bPY","jetpack_sharing_enabled":true,"amp_enabled":true,"_links":{"self":[{"href":"https:\/\/armstrongyregion.com.ar\/diario\/wp-json\/wp\/v2\/posts\/45506","targetHints":{"allow":["GET"]}}],"collection":[{"href":"https:\/\/armstrongyregion.com.ar\/diario\/wp-json\/wp\/v2\/posts"}],"about":[{"href":"https:\/\/armstrongyregion.com.ar\/diario\/wp-json\/wp\/v2\/types\/post"}],"author":[{"embeddable":true,"href":"https:\/\/armstrongyregion.com.ar\/diario\/wp-json\/wp\/v2\/users\/1"}],"replies":[{"embeddable":true,"href":"https:\/\/armstrongyregion.com.ar\/diario\/wp-json\/wp\/v2\/comments?post=45506"}],"version-history":[{"count":1,"href":"https:\/\/armstrongyregion.com.ar\/diario\/wp-json\/wp\/v2\/posts\/45506\/revisions"}],"predecessor-version":[{"id":45508,"href":"https:\/\/armstrongyregion.com.ar\/diario\/wp-json\/wp\/v2\/posts\/45506\/revisions\/45508"}],"wp:featuredmedia":[{"embeddable":true,"href":"https:\/\/armstrongyregion.com.ar\/diario\/wp-json\/wp\/v2\/media\/45507"}],"wp:attachment":[{"href":"https:\/\/armstrongyregion.com.ar\/diario\/wp-json\/wp\/v2\/media?parent=45506"}],"wp:term":[{"taxonomy":"category","embeddable":true,"href":"https:\/\/armstrongyregion.com.ar\/diario\/wp-json\/wp\/v2\/categories?post=45506"},{"taxonomy":"post_tag","embeddable":true,"href":"https:\/\/armstrongyregion.com.ar\/diario\/wp-json\/wp\/v2\/tags?post=45506"}],"curies":[{"name":"wp","href":"https:\/\/api.w.org\/{rel}","templated":true}]}}