{"id":45493,"date":"2025-02-25T00:49:12","date_gmt":"2025-02-25T00:49:12","guid":{"rendered":"https:\/\/armstrongyregion.com.ar\/diario\/?p=45493"},"modified":"2025-02-25T00:49:14","modified_gmt":"2025-02-25T00:49:14","slug":"pullaro-hoy-hubo-un-cambio-de-paradigma-por-primera-vez-en-14-anos-todas-las-escuelas-estuvieron-abiertas-en-un-inicio-de-clases","status":"publish","type":"post","link":"https:\/\/armstrongyregion.com.ar\/diario\/pullaro-hoy-hubo-un-cambio-de-paradigma-por-primera-vez-en-14-anos-todas-las-escuelas-estuvieron-abiertas-en-un-inicio-de-clases\/","title":{"rendered":"Pullaro: \u201cHoy hubo un cambio de paradigma; por primera vez en 14 a\u00f1os todas las escuelas estuvieron abiertas en un inicio de clases\u201d"},"content":{"rendered":"\n<figure class=\"wp-block-image size-large\"><img loading=\"lazy\" decoding=\"async\" width=\"640\" height=\"426\" src=\"http:\/\/armstrongyregion.com.ar\/diario\/wp-content\/uploads\/2025\/02\/Pullaro-1ER-DIA--640x426.jpg\" alt=\"\" class=\"wp-image-45494\" srcset=\"https:\/\/armstrongyregion.com.ar\/diario\/wp-content\/uploads\/2025\/02\/Pullaro-1ER-DIA--640x426.jpg 640w, https:\/\/armstrongyregion.com.ar\/diario\/wp-content\/uploads\/2025\/02\/Pullaro-1ER-DIA--300x200.jpg 300w, https:\/\/armstrongyregion.com.ar\/diario\/wp-content\/uploads\/2025\/02\/Pullaro-1ER-DIA--768x512.jpg 768w, https:\/\/armstrongyregion.com.ar\/diario\/wp-content\/uploads\/2025\/02\/Pullaro-1ER-DIA-.jpg 800w\" sizes=\"auto, (max-width: 640px) 100vw, 640px\" \/><\/figure>\n\n\n\n<h2 class=\"wp-block-heading\">Lo asegur\u00f3 el gobernador este lunes tras el inicio normal de las clases en la provincia en medio de un paro dispuesto por Amsafe y Ctera, que tuvo pr\u00e1cticamente nula adhesi\u00f3n. \u201cHab\u00edamos dicho que las escuelas iban a estar abiertas y as\u00ed fue\u201d, resalt\u00f3.<\/h2>\n\n\n\n<p>El gobernador Maximiliano Pullaro se mostr\u00f3 \u201cconforme\u201d este lunes ante el inicio de las clases en toda la provincia y asegur\u00f3 que \u201chab\u00edamos dicho que las escuelas iban a estar abiertas y as\u00ed fue\u201d.<br><br>En di\u00e1logo con la prensa de la ciudad de Santa Fe, luego de entregar insumos y equipamiento a distintas localidades para las acciones de prevenci\u00f3n del dengue, Pullaro remarc\u00f3 que \u201cdespu\u00e9s de 14 a\u00f1os, los chicos el d\u00eda que comenzaron las clases, estuvieron en los establecimientos educativos p\u00fablicos y privados\u201d, y afirm\u00f3 que esto \u201ccambia el paradigma, porque m\u00e1s all\u00e1 de la discusi\u00f3n que podemos tener con los gremios, los chicos est\u00e1n en las escuelas aprendiendo, pero fundamentalmente mejorando la calidad educativa que necesit\u00e1bamos en la provincia\u201d.<\/p>\n\n\n\n<p><strong>M\u00e1s del 95 % de los docentes en las aulas<\/strong><br>Consultado sobre el baj\u00edsimo porcentaje de adhesi\u00f3n a la medida de fuerza impulsada por el gremio representante de los docentes p\u00fablicos -Amsafe-, Pullaro asegur\u00f3 que fue \u201cmuy bajo\u201d seg\u00fan la evaluaci\u00f3n que realiz\u00f3 la Provincia: \u201cMuy por encima del 95 % de los docentes fueron a dar clases\u201d, sostuvo el mandatario.<br><br>Adem\u00e1s, Pullaro se refiri\u00f3 al paro impulsado por Ctera a nivel nacional al afirmar que \u201cdesde Buenos Aires no nos van a venir a marcar la cancha. (Roberto) Baradel no va a venir a decirle a la provincia cuando tenemos que parar las escuelas. Ac\u00e1 los santafesinos le dijeron que no al paro de Baradel y hoy despu\u00e9s de 14 a\u00f1os las escuelas estuvieron abiertas\u201d.<\/p>\n\n\n\n<p><strong>Di\u00e1logo permanente<\/strong><br>Por otra parte, el mandatario santafesino asegur\u00f3 que \u201cel di\u00e1logo es permanente con los gremios docentes; vamos a seguir charlando pero no va a haber una nueva oferta porque hicimos todos los esfuerzos en materia econ\u00f3mica para recomponer los salarios de los empleados p\u00fablicos y ser\u00eda una falta de respeto cuando muchos gremios aceptaron la oferta salarial del Gobierno Provincial\u201d, a la vez que reconoci\u00f3 \u201cseguir charlando otro tipo de condiciones y vamos a continuar esforz\u00e1ndonos para mejorar los salarios de toda la administraci\u00f3n p\u00fablica. Pero no podemos desfinanciar otras pol\u00edticas p\u00fablicas como la infraestructura y los servicios\u201d.<br><br>Por \u00faltimo, Pullaro dijo que evaluar\u00e1n dar el aumento de igual manera a los docentes porque \u201cla inmensa mayor\u00eda estuvo en contra de la decisi\u00f3n que llev\u00f3 adelante Amsafe\u201d, y \u201cser\u00edamos injustos con los docentes que hoy fueron a trabajar y estuvieron al frente de las aulas\u201d.<\/p>\n","protected":false},"excerpt":{"rendered":"<p>Pullaro: \u201cHoy hubo un cambio de paradigma; por primera vez en 14 a\u00f1os todas las escuelas estuvieron abiertas en un inicio de clases\u201d<\/p>\n","protected":false},"author":1,"featured_media":45494,"comment_status":"open","ping_status":"open","sticky":false,"template":"","format":"image","meta":{"_jetpack_memberships_contains_paid_content":false,"footnotes":"","jetpack_publicize_message":"","jetpack_publicize_feature_enabled":true,"jetpack_social_post_already_shared":true,"jetpack_social_options":{"image_generator_settings":{"template":"highway","default_image_id":0,"enabled":false},"version":2}},"categories":[8,1,2,7,3],"tags":[1515,311,5030,8964,11474,2846],"class_list":["post-45493","post","type-post","status-publish","format-image","has-post-thumbnail","hentry","category-deliberando","category-diario-armstrong","category-locales","category-politica","category-region","tag-abiertas","tag-cambio","tag-diario-armstrong","tag-escuelas-2","tag-paradigma","tag-pullaro","post_format-post-format-image"],"jetpack_publicize_connections":[],"jetpack_featured_media_url":"https:\/\/armstrongyregion.com.ar\/diario\/wp-content\/uploads\/2025\/02\/Pullaro-1ER-DIA-.jpg","jetpack_shortlink":"https:\/\/wp.me\/p62QDO-bPL","jetpack_sharing_enabled":true,"amp_enabled":true,"_links":{"self":[{"href":"https:\/\/armstrongyregion.com.ar\/diario\/wp-json\/wp\/v2\/posts\/45493","targetHints":{"allow":["GET"]}}],"collection":[{"href":"https:\/\/armstrongyregion.com.ar\/diario\/wp-json\/wp\/v2\/posts"}],"about":[{"href":"https:\/\/armstrongyregion.com.ar\/diario\/wp-json\/wp\/v2\/types\/post"}],"author":[{"embeddable":true,"href":"https:\/\/armstrongyregion.com.ar\/diario\/wp-json\/wp\/v2\/users\/1"}],"replies":[{"embeddable":true,"href":"https:\/\/armstrongyregion.com.ar\/diario\/wp-json\/wp\/v2\/comments?post=45493"}],"version-history":[{"count":1,"href":"https:\/\/armstrongyregion.com.ar\/diario\/wp-json\/wp\/v2\/posts\/45493\/revisions"}],"predecessor-version":[{"id":45495,"href":"https:\/\/armstrongyregion.com.ar\/diario\/wp-json\/wp\/v2\/posts\/45493\/revisions\/45495"}],"wp:featuredmedia":[{"embeddable":true,"href":"https:\/\/armstrongyregion.com.ar\/diario\/wp-json\/wp\/v2\/media\/45494"}],"wp:attachment":[{"href":"https:\/\/armstrongyregion.com.ar\/diario\/wp-json\/wp\/v2\/media?parent=45493"}],"wp:term":[{"taxonomy":"category","embeddable":true,"href":"https:\/\/armstrongyregion.com.ar\/diario\/wp-json\/wp\/v2\/categories?post=45493"},{"taxonomy":"post_tag","embeddable":true,"href":"https:\/\/armstrongyregion.com.ar\/diario\/wp-json\/wp\/v2\/tags?post=45493"}],"curies":[{"name":"wp","href":"https:\/\/api.w.org\/{rel}","templated":true}]}}