{"id":45487,"date":"2025-02-19T20:02:43","date_gmt":"2025-02-19T20:02:43","guid":{"rendered":"https:\/\/armstrongyregion.com.ar\/diario\/?p=45487"},"modified":"2025-02-19T20:02:46","modified_gmt":"2025-02-19T20:02:46","slug":"enrico-vamos-a-seguir-reclamando-la-reparacion-de-rutas-hasta-que-nacion-ponga-en-marcha-las-obras","status":"publish","type":"post","link":"https:\/\/armstrongyregion.com.ar\/diario\/enrico-vamos-a-seguir-reclamando-la-reparacion-de-rutas-hasta-que-nacion-ponga-en-marcha-las-obras\/","title":{"rendered":"Enrico: \u201cVamos a seguir reclamando la reparaci\u00f3n de rutas hasta que Naci\u00f3n ponga en marcha las obras\u201d"},"content":{"rendered":"\n<figure class=\"wp-block-image size-full\"><img loading=\"lazy\" decoding=\"async\" width=\"570\" height=\"320\" src=\"http:\/\/armstrongyregion.com.ar\/diario\/wp-content\/uploads\/2025\/02\/enrico-19-2-25.jpg\" alt=\"\" class=\"wp-image-45488\" srcset=\"https:\/\/armstrongyregion.com.ar\/diario\/wp-content\/uploads\/2025\/02\/enrico-19-2-25.jpg 570w, https:\/\/armstrongyregion.com.ar\/diario\/wp-content\/uploads\/2025\/02\/enrico-19-2-25-300x168.jpg 300w\" sizes=\"auto, (max-width: 570px) 100vw, 570px\" \/><\/figure>\n\n\n\n<h2 class=\"wp-block-heading\">Los ministros santafesinos de Obras P\u00fablicas, de Econom\u00eda y de Desarrollo Productivo se reunieron con autoridades del Gobierno Nacional para volver a reclamar por el estado de las rutas nacionales. \u201cUna de esas soluciones es que las rutas pasen a la Provincia para hacer las reparaciones necesarias\u201d, reiter\u00f3 Lisandro Enrico, que record\u00f3 que es la decimotercera reuni\u00f3n que tienen por el mismo tema. Y destac\u00f3: \u201cLa falta de inversi\u00f3n de Naci\u00f3n en las rutas pone en riesgo la vida de los santafesinos\u201d.<\/h2>\n\n\n\n<p>Los ministros de Santa Fe de Obras P\u00fablicas, Lisandro Enrico; de Econom\u00eda, Pablo Olivares, y de Desarrollo Productivo, Gustavo Puccini, se reunieron este mi\u00e9rcoles en Buenos Aires con autoridades nacionales en el Ministerio de Econom\u00eda de la Naci\u00f3n. El objetivo del encuentro fue volver a solicitar a Naci\u00f3n que repare las rutas nacionales que atraviesan la Provincia o que, caso contrario, autoricen que las tareas sean realizadas por el Estado provincial, con el objeto de garantizar la seguridad vial de los miles de usuarios diarios.<\/p>\n\n\n\n<p>Del encuentro, participaron el secretario coordinador de Infraestructura del Ministerio de Econom\u00eda de la Naci\u00f3n, Mart\u00edn Maccarone; el secretario de Obras P\u00fablicas, Luis Enrique Giovine, y el director Nacional de Vialidad, Marcelo Jorge Campoy.<\/p>\n\n\n\n<p>Luego del encuentro, Enrico explic\u00f3 que \u201cvinimos por decimotercera vez hasta ac\u00e1 por la situaci\u00f3n de las rutas nacionales, por la demora y la falta de inversi\u00f3n que tiene el Gobierno nacional en la reparaci\u00f3n de rutas, con lo peligroso que es para el interior del pa\u00eds. Solicitamos, como el a\u00f1o pasado, que se cumplan los compromisos de reparaci\u00f3n de rutas, caso contrario, el Gobierno de Santa Fe est\u00e1 dispuesto a tomar rutas nacionales para hacer un esquema y pasarlas a la provincia\u201d.&nbsp;<\/p>\n\n\n\n<p>\u201cReiteramos planteos concretos de reparaciones de rutas que se comprometieron a realizar en la Ruta 33, la Ruta 11 y la Ruta 178. La respuesta fue que no tienen fondos y que no la van a hacer, lo cual es una mala noticia porque son rutas que est\u00e1n en muy mal estado, junto con otras. Pero tambi\u00e9n le planteamos la cuesti\u00f3n de las rutas del puerto, para las cuales Santa Fe tiene un plan, que si nos ceden la Ruta 012, que es la que pasa por Rold\u00e1n y Ricardone, nosotros podemos hacer un plan de mejora. No tuvimos respuesta. Vamos a seguir insistiendo y reclamando hasta que empiecen a hacer reparaciones y mantenimiento de rutas nacionales, que son las que le corresponden al presidente Milei\u201d, enfatiz\u00f3 el ministro de Obras P\u00fablicas.<\/p>\n\n\n\n<p><strong>Soluci\u00f3n de fondo<\/strong><\/p>\n\n\n\n<p>Seguidamente Enrico detall\u00f3 que \u201cesta es la tercera generaci\u00f3n de funcionarios que nos recibe, con lo cual no son buenas las noticias. El Gobierno Nacional tiene que entender que no invertir en mantener una ruta nacional hace que la gente se accidente. Por eso estamos marcando esta cuesti\u00f3n y dici\u00e9ndoles que si no pueden reparar las rutas nacionales, p\u00e1senla al Gobierno de la Provincia, que el gobernador Pullaro est\u00e1 dispuesto a tomarla\u201d.<\/p>\n\n\n\n<p>En ese punto, el ministro ejemplific\u00f3 que \u201choy estaba un equipo de Vialidad Provincial en el medio de una ruta nacional arreglando los cruces de ferrocarril porque la gente rompe las cubiertas. El gobierno del presidente Milei no puede decir que no le interesa la obra p\u00fablica porque est\u00e1 jugando con la vida de la gente. Por eso somos la provincia que m\u00e1s presiona, que m\u00e1s reclama y lo vamos a seguir haciendo\u201d.&nbsp;<\/p>\n\n\n\n<p>\u201cYa le hemos dado a Naci\u00f3 m\u00e1s de 1.000 toneladas de asfalto para arreglar rutas, pero eso es un parche. Aqu\u00ed hay que buscar una soluci\u00f3n de fondo, de una obra de reparaci\u00f3n con el sector privado. Hacerlo como, por ejemplo, el Gobierno de Santa Fe est\u00e1 haciendo con la Autopista Rosario &#8211; Santa Fe, una autopista provincial que tiene un plan de obra. Queremos eso para las rutas nacionales, una soluci\u00f3n de fondo, no un pobrismo vial de reparar un pocito. Una de esas soluciones es que las rutas pasen a la provincia para hacer las reparaciones a trav\u00e9s de un sistema de participaci\u00f3n privada\u201d, finaliz\u00f3 el ministro de Obras P\u00fablicas de la Provincia.<\/p>\n","protected":false},"excerpt":{"rendered":"<p>Enrico: \u201cVamos a seguir reclamando la reparaci\u00f3n de rutas hasta que Naci\u00f3n ponga en marcha las obras\u201d<\/p>\n","protected":false},"author":1,"featured_media":45488,"comment_status":"open","ping_status":"open","sticky":false,"template":"","format":"image","meta":{"_jetpack_memberships_contains_paid_content":false,"footnotes":"","jetpack_publicize_message":"","jetpack_publicize_feature_enabled":true,"jetpack_social_post_already_shared":true,"jetpack_social_options":{"image_generator_settings":{"template":"highway","default_image_id":0,"enabled":false},"version":2}},"categories":[8,1,2,7,3],"tags":[33,10230,32,220,11473,1585,9046,2573,3683],"class_list":["post-45487","post","type-post","status-publish","format-image","has-post-thumbnail","hentry","category-deliberando","category-diario-armstrong","category-locales","category-politica","category-region","tag-a","tag-enrico","tag-nacion","tag-obras","tag-reclamando","tag-reparacion","tag-rutas-2","tag-seguir","tag-vamos","post_format-post-format-image"],"jetpack_publicize_connections":[],"jetpack_featured_media_url":"https:\/\/armstrongyregion.com.ar\/diario\/wp-content\/uploads\/2025\/02\/enrico-19-2-25.jpg","jetpack_shortlink":"https:\/\/wp.me\/p62QDO-bPF","jetpack_sharing_enabled":true,"amp_enabled":true,"_links":{"self":[{"href":"https:\/\/armstrongyregion.com.ar\/diario\/wp-json\/wp\/v2\/posts\/45487","targetHints":{"allow":["GET"]}}],"collection":[{"href":"https:\/\/armstrongyregion.com.ar\/diario\/wp-json\/wp\/v2\/posts"}],"about":[{"href":"https:\/\/armstrongyregion.com.ar\/diario\/wp-json\/wp\/v2\/types\/post"}],"author":[{"embeddable":true,"href":"https:\/\/armstrongyregion.com.ar\/diario\/wp-json\/wp\/v2\/users\/1"}],"replies":[{"embeddable":true,"href":"https:\/\/armstrongyregion.com.ar\/diario\/wp-json\/wp\/v2\/comments?post=45487"}],"version-history":[{"count":1,"href":"https:\/\/armstrongyregion.com.ar\/diario\/wp-json\/wp\/v2\/posts\/45487\/revisions"}],"predecessor-version":[{"id":45489,"href":"https:\/\/armstrongyregion.com.ar\/diario\/wp-json\/wp\/v2\/posts\/45487\/revisions\/45489"}],"wp:featuredmedia":[{"embeddable":true,"href":"https:\/\/armstrongyregion.com.ar\/diario\/wp-json\/wp\/v2\/media\/45488"}],"wp:attachment":[{"href":"https:\/\/armstrongyregion.com.ar\/diario\/wp-json\/wp\/v2\/media?parent=45487"}],"wp:term":[{"taxonomy":"category","embeddable":true,"href":"https:\/\/armstrongyregion.com.ar\/diario\/wp-json\/wp\/v2\/categories?post=45487"},{"taxonomy":"post_tag","embeddable":true,"href":"https:\/\/armstrongyregion.com.ar\/diario\/wp-json\/wp\/v2\/tags?post=45487"}],"curies":[{"name":"wp","href":"https:\/\/api.w.org\/{rel}","templated":true}]}}