{"id":45483,"date":"2025-02-19T19:59:37","date_gmt":"2025-02-19T19:59:37","guid":{"rendered":"https:\/\/armstrongyregion.com.ar\/diario\/?p=45483"},"modified":"2025-02-19T19:59:39","modified_gmt":"2025-02-19T19:59:39","slug":"paritaria-provincia-realizo-su-oferta-salarial-a-los-gremios-de-la-salud","status":"publish","type":"post","link":"https:\/\/armstrongyregion.com.ar\/diario\/paritaria-provincia-realizo-su-oferta-salarial-a-los-gremios-de-la-salud\/","title":{"rendered":"Paritaria: Provincia realiz\u00f3 su oferta salarial a los gremios de la salud."},"content":{"rendered":"\n<figure class=\"wp-block-image size-full\"><img loading=\"lazy\" decoding=\"async\" width=\"570\" height=\"320\" src=\"http:\/\/armstrongyregion.com.ar\/diario\/wp-content\/uploads\/2025\/02\/salud-verguenza-ajena.jpg\" alt=\"\" class=\"wp-image-45485\" srcset=\"https:\/\/armstrongyregion.com.ar\/diario\/wp-content\/uploads\/2025\/02\/salud-verguenza-ajena.jpg 570w, https:\/\/armstrongyregion.com.ar\/diario\/wp-content\/uploads\/2025\/02\/salud-verguenza-ajena-300x168.jpg 300w\" sizes=\"auto, (max-width: 570px) 100vw, 570px\" \/><\/figure>\n\n\n\n<h2 class=\"wp-block-heading\">La propuesta consiste en un incremento salarial del 5 % para el total del primer trimestre del a\u00f1o, con un m\u00ednimo garantizado de $ 50.000, para el mes de enero; y de $ 70.000 para febrero. La ministra Ciancio destac\u00f3 el \u201cgran esfuerzo que estamos haciendo desde el Gobierno de la Provincia para llegar a esta propuesta y seguir trabajando para lograr un acuerdo\u201d.<\/h2>\n\n\n\n<p>En el marco de la reuni\u00f3n paritaria con los gremios representantes de los trabajadores de la salud, este mi\u00e9rcoles por la ma\u00f1ana, los ministros de Salud, Silvia Ciancio, y de Trabajo, Roald B\u00e1scolo, presentaron una oferta de recomposici\u00f3n salarial a AMRA y Siprus. La propuesta consiste en un incremento del cinco por 5 % para el primer trimestre del a\u00f1o 2025, sobre la base de diciembre 2024, abonado en dos etapas: 3,1 % a partir de enero, y 1,9 % en febrero, para alcanzar el 5 %. Asimismo, se garantiza que ese incremento porcentual no sea inferior a la suma de bolsillo de $ 50.000, a partir de enero; y de $ 70.000, a partir de febrero, en cargos de 24 horas o m\u00e1s, trasladado dicha garant\u00eda en forma proporcional a cargos menores de 24 horas. En este sentido, la propuesta se plante\u00f3 para beneficiar a ese sector de los profesionales de la salud, que menos cobran, que percibir\u00e1n 5,29 % en enero y 7,40 % en febrero, en virtud de la sumas garantizadas.<\/p>\n\n\n\n<p>Al respecto, Ciancio destac\u00f3 que la oferta salarial \u201cviene en concordancia con las mesas paritarias de esta semana\u201d, y en ese sentido se refiri\u00f3 al \u201cgran esfuerzo que estamos haciendo desde el Gobierno de la Provincia para llegar a esta propuesta y seguir trabajando para lograr un acuerdo\u201d, porque consider\u00f3 que la gesti\u00f3n ministerial actual \u201cest\u00e1 enmarcada en un proceso coyuntural nacional complejo donde la pol\u00edtica de medicamentos es nuestra obligaci\u00f3n defenderla al retiro de recursos por parte de la Naci\u00f3n porque para garantizar l\u00edneas de medicamentos que antes nos mandaban, hoy tenemos que comprarlos y eso implica una estrategia nueva respecto al presupuesto del Ministerio\u201d.&nbsp;<\/p>\n\n\n\n<p>Asimismo, la ministra reconoci\u00f3 que para el gobernador Maximiliano Pullaro \u201cla salud es sumamente importante\u201d, por lo cual consider\u00f3 que si bien lo salarial \u201ces una parte indispensable del acuerdo\u201d sum\u00f3 \u201cla inversi\u00f3n en equipamiento de ambulancias, las refacciones en los centros de salud, pol\u00edtica de medicamentos, equipamiento t\u00e9cnico y la descentralizaci\u00f3n de los equipos y todo lo que conlleva inversiones del Ministerio\u201d por lo que asegur\u00f3 que \u201cbregamos por el di\u00e1logo y por llegar a un acuerdo\u201d.&nbsp;<\/p>\n\n\n\n<p>En este sentido, el acta firmada hoy prev\u00e9 tambi\u00e9n la continuidad del trabajo de temas espec\u00edficos para el sector de la salud p\u00fablica, en las mesas t\u00e9cnicas, a partir de la primera quincena de marzo.<\/p>\n\n\n\n<p><strong>Presentes<\/strong><\/p>\n\n\n\n<p>Del encuentro participaron adem\u00e1s, el secretario de Administraci\u00f3n del Ministerio de Salud, Guillermo \u00c1lvarez; la subsecretaria de Recursos Humanos, Gloria Blarasin; y la directora del \u00e1rea, Ileana Colmann; el subsecretario Legal y T\u00e9cnico, Juan Pablo Gutierrez; la directora de Relaciones Laborales del Ministerio de Trabajo, Marisa Castro; la secretaria de Recursos Humanos y Funci\u00f3n P\u00fablica del Ministerio de Econom\u00eda, Malena Azario y el director del \u00e1rea, Diego Broda.&nbsp;<\/p>\n\n\n\n<p>Por el gremio AMRA formaron parte de la reuni\u00f3n, Marcelo Beltrame, Pablo Crispo y Laura Mansilla; en tanto que por Siprus participaron Jer\u00f3nimo Ainsuain, Cintia, Gambuti, Viviana Tomas y Gonzalo Cabruja.<\/p>\n","protected":false},"excerpt":{"rendered":"<p>Paritaria: Provincia realiz\u00f3 su oferta salarial a los gremios de la salud.<\/p>\n","protected":false},"author":1,"featured_media":45485,"comment_status":"open","ping_status":"open","sticky":false,"template":"","format":"image","meta":{"_jetpack_memberships_contains_paid_content":false,"footnotes":"","jetpack_publicize_message":"","jetpack_publicize_feature_enabled":true,"jetpack_social_post_already_shared":true,"jetpack_social_options":{"image_generator_settings":{"template":"highway","default_image_id":0,"enabled":false},"version":2}},"categories":[8,1,2,7,3],"tags":[19,5030,9016,3526,10133,8640,87,5022,1190,35],"class_list":["post-45483","post","type-post","status-publish","format-image","has-post-thumbnail","hentry","category-deliberando","category-diario-armstrong","category-locales","category-politica","category-region","tag-de","tag-diario-armstrong","tag-gremios","tag-oferta","tag-paritaria","tag-provincia-2","tag-realizo","tag-salarial","tag-salud","tag-su","post_format-post-format-image"],"jetpack_publicize_connections":[],"jetpack_featured_media_url":"https:\/\/armstrongyregion.com.ar\/diario\/wp-content\/uploads\/2025\/02\/salud-verguenza-ajena.jpg","jetpack_shortlink":"https:\/\/wp.me\/p62QDO-bPB","jetpack_sharing_enabled":true,"amp_enabled":true,"_links":{"self":[{"href":"https:\/\/armstrongyregion.com.ar\/diario\/wp-json\/wp\/v2\/posts\/45483","targetHints":{"allow":["GET"]}}],"collection":[{"href":"https:\/\/armstrongyregion.com.ar\/diario\/wp-json\/wp\/v2\/posts"}],"about":[{"href":"https:\/\/armstrongyregion.com.ar\/diario\/wp-json\/wp\/v2\/types\/post"}],"author":[{"embeddable":true,"href":"https:\/\/armstrongyregion.com.ar\/diario\/wp-json\/wp\/v2\/users\/1"}],"replies":[{"embeddable":true,"href":"https:\/\/armstrongyregion.com.ar\/diario\/wp-json\/wp\/v2\/comments?post=45483"}],"version-history":[{"count":1,"href":"https:\/\/armstrongyregion.com.ar\/diario\/wp-json\/wp\/v2\/posts\/45483\/revisions"}],"predecessor-version":[{"id":45486,"href":"https:\/\/armstrongyregion.com.ar\/diario\/wp-json\/wp\/v2\/posts\/45483\/revisions\/45486"}],"wp:featuredmedia":[{"embeddable":true,"href":"https:\/\/armstrongyregion.com.ar\/diario\/wp-json\/wp\/v2\/media\/45485"}],"wp:attachment":[{"href":"https:\/\/armstrongyregion.com.ar\/diario\/wp-json\/wp\/v2\/media?parent=45483"}],"wp:term":[{"taxonomy":"category","embeddable":true,"href":"https:\/\/armstrongyregion.com.ar\/diario\/wp-json\/wp\/v2\/categories?post=45483"},{"taxonomy":"post_tag","embeddable":true,"href":"https:\/\/armstrongyregion.com.ar\/diario\/wp-json\/wp\/v2\/tags?post=45483"}],"curies":[{"name":"wp","href":"https:\/\/api.w.org\/{rel}","templated":true}]}}