{"id":45480,"date":"2025-02-19T01:12:22","date_gmt":"2025-02-19T01:12:22","guid":{"rendered":"https:\/\/armstrongyregion.com.ar\/diario\/?p=45480"},"modified":"2025-02-19T01:12:24","modified_gmt":"2025-02-19T01:12:24","slug":"pullaro-nos-entusiasma-mejorar-la-infraestructura-educativa-en-la-provincia-de-santa-fe","status":"publish","type":"post","link":"https:\/\/armstrongyregion.com.ar\/diario\/pullaro-nos-entusiasma-mejorar-la-infraestructura-educativa-en-la-provincia-de-santa-fe\/","title":{"rendered":"Pullaro: \u201cNos entusiasma mejorar la infraestructura educativa en la provincia de Santa Fe\u201d"},"content":{"rendered":"\n<figure class=\"wp-block-image size-large\"><img loading=\"lazy\" decoding=\"async\" width=\"640\" height=\"426\" src=\"http:\/\/armstrongyregion.com.ar\/diario\/wp-content\/uploads\/2025\/02\/Pullaro-Docentes-18-2-24-640x426.jpg\" alt=\"\" class=\"wp-image-45481\" srcset=\"https:\/\/armstrongyregion.com.ar\/diario\/wp-content\/uploads\/2025\/02\/Pullaro-Docentes-18-2-24-640x426.jpg 640w, https:\/\/armstrongyregion.com.ar\/diario\/wp-content\/uploads\/2025\/02\/Pullaro-Docentes-18-2-24-300x200.jpg 300w, https:\/\/armstrongyregion.com.ar\/diario\/wp-content\/uploads\/2025\/02\/Pullaro-Docentes-18-2-24-768x512.jpg 768w, https:\/\/armstrongyregion.com.ar\/diario\/wp-content\/uploads\/2025\/02\/Pullaro-Docentes-18-2-24.jpg 800w\" sizes=\"auto, (max-width: 640px) 100vw, 640px\" \/><\/figure>\n\n\n\n<h2 class=\"wp-block-heading\">El gobernador visit\u00f3 la ciudad de Casilda, donde se reuni\u00f3 con autoridades locales y visit\u00f3 las obras del Jard\u00edn de Infantes N.\u00ba 82 Colmenitas, que ya tiene un 83% de avance.<\/h2>\n\n\n\n<p>El gobernador de la provincia de Santa Fe, Maximiliano Pullaro, visit\u00f3 este martes la ciudad de Casilda, donde se reuni\u00f3 con autoridades locales y recorri\u00f3 las obras del Jard\u00edn de Infantes N.\u00ba 82 Colmenitas de Casilda. Dicha obra tiene un presupuesto de $ 1.768.046.366,64 y un 83% de avance.<br><br>Durante su visita al Jard\u00edn Comenitas, Pullaro detall\u00f3: \u201cEstamos llevando adelante esta obra, que cuando comenzamos la gesti\u00f3n ya estaba licitada pero paralizada. Nos encontramos con muchas obras as\u00ed en la provincia de Santa Fe, muchas empresas que ten\u00edan deudas y que hab\u00edan paralizado las obras que se estaban llevando adelante. Logramos retomarlas, negociando con cada una de las empresas. Pasamos un a\u00f1o muy duro que nos hizo reordenar mucho los recursos y ser muy cuidadosos en el gasto p\u00fablico. Bajamos mucho los gastos, logramos el equilibrio fiscal y logramos terminar el a\u00f1o con super\u00e1vit, que logr\u00f3 saldar el d\u00e9ficit del a\u00f1o 2023. Hoy podemos decir que la provincia est\u00e1 muy ordenada econ\u00f3micamente\u201d.<br><br>\u201cEl 2024 fue el a\u00f1o que m\u00e1s inversi\u00f3n hubo en obras p\u00fablicas -agreg\u00f3-, 500 millones de d\u00f3lares invirti\u00f3 la provincia. Este a\u00f1o tenemos presupuestado 1.500 millones de d\u00f3lares para llevar adelante la obra p\u00fablica. No es solo el desarrollo o la infraestructura, tambi\u00e9n significa trabajo para mucha gente que trabaja en funci\u00f3n del esfuerzo que hacen todos los contribuyentes de nuestra provincia\u201d.<br><br>\u201cEstamos muy entusiasmados en mejorar la infraestructura educativa en la provincia de Santa Fe. Particularmente Colmenitas ac\u00e1 en Casilda fue una obra dif\u00edcil. Hablamos con las docentes y nos plantearon que hubo un error en la planificaci\u00f3n y que falta un aula. Quiero hablar con los arquitectos, pero le vamos a encontrar la vuelta para terminar esta obra y agregarle el aula que nos piden\u201d, finaliz\u00f3 Pullaro.<br><br><img decoding=\"async\" alt=\"\" src=\"https:\/\/ci3.googleusercontent.com\/meips\/ADKq_NZE7XxiIG1t9vlevFYTKpW238GJooMtw6yASOXITU_4nHcGSATe5a5_EQmavLVmargLm9AFKG6K5Sacu3Wv9L4v9XNYORx9FCRmkB19sHGH0n0H8h801H1eURgFBnfrU_fK42R-Ji7Rtn_Uepo=s0-d-e1-ft#https:\/\/www.santafe.gov.ar\/noticias\/recursos\/fotos\/2025\/02\/2025-02-18NID_282324O_3.jpeg\"><\/p>\n\n\n\n<p><strong>M\u00e1s obras para Casilda<\/strong><br>Por su parte, el intendente de Casilda, Guillermo Franchella, afirm\u00f3: \u201cEstamos planificando algunas acciones y el gobernador se lleva las inquietudes. Estamos trabajando la posibilidad de hacer una escuela secundaria en el barrio Nueva Roma, donde no tenemos una escuela secundaria. Es una zona que tiene entre 13.000 y 15.000 habitantes. El gobernador entendi\u00f3 r\u00e1pidamente la problem\u00e1tica y la provincia est\u00e1 dispuesta a invertir en obras para educaci\u00f3n\u201d.<br><br>\u201cEstamos en un proceso conjunto y en sinton\u00eda para que esta provincia sea realmente invencible y tener una ciudad cada d\u00eda m\u00e1s linda y con mejores servicios para todos nuestros vecinos. Por eso estamos muy agradecidos de la presencia del gobernador y de toda su predisposici\u00f3n\u201d, finaliz\u00f3 Franchella.<br><br>Por \u00faltimo, el concejal Mauricio Maroevich precis\u00f3 que \u201crecibimos al gobernador en el palacio municipal para charlar sobre obras muy importantes para la ciudad. Luego hicimos una recorrida por distintas obras en marcha. Estamos muy agradecidos de la gran inversi\u00f3n que est\u00e1 realizando el gobierno de la Provincia de Santa Fe en distintos frentes, atendiendo a las necesidades de los vecinos de la ciudad de Casilda\u201d.<br><br><img decoding=\"async\" alt=\"\" src=\"https:\/\/ci3.googleusercontent.com\/meips\/ADKq_NYcbxGeCyJRHHleLUyT8uCxy6ejYmuv6nBmCnJ6grzTiDA0JvQ1XBiUwMuZEMgE0xINp6KLZBOUQzf-pW3gdz-YPDNyWL0kwv-bTH0DmFqmZWtCIR55svUeexCPU5swBWl7_JWT5NocGC7Ndf4=s0-d-e1-ft#https:\/\/www.santafe.gov.ar\/noticias\/recursos\/fotos\/2025\/02\/2025-02-18NID_282324O_4.jpeg\"><\/p>\n\n\n\n<p><strong>Detalles de las obras en el Jard\u00edn Comenitas<\/strong><br>El proyecto consta de una superficie de 660 m2. Se desarrolla en planta baja con espacios destinados al nivel inicial con secciones para 3, 4 y 5 a\u00f1os. La capacidad es para 80 ni\u00f1os por turno. El acceso al jard\u00edn se produce a trav\u00e9s de un espacio cedido a la comunidad en forma de plaza p\u00fablica, incorporando a dicha intervenci\u00f3n la regularizaci\u00f3n de las veredas perimetrales y de discapacitados.<br><br>Contar\u00e1 con cuatro aulas con sanitarios privados, office, y equipamiento; sal\u00f3n de usos m\u00faltiples con un rol protag\u00f3nico frente al ingreso, con un frente totalmente abierto al patio general. Sector administrativo, porter\u00eda, vigilancia, sanitarios exteriores. Todos los recorridos son accesibles y sin barreras arquitect\u00f3nicas.<br><br><img decoding=\"async\" alt=\"\" src=\"https:\/\/ci3.googleusercontent.com\/meips\/ADKq_NZxALH4oFwgtbl0hTaeefaJFnpMI_FXWydviLh9XGcceUcMU7JUuev6XcfI0AktLN0kSwn2pvqV2VFf7yjyab5BqfmBs35cfZ0i-JVQ3FfY69mO-NA1vsodf1ykmUrUWNlVUuMfEfeskNbOPOc=s0-d-e1-ft#https:\/\/www.santafe.gov.ar\/noticias\/recursos\/fotos\/2025\/02\/2025-02-18NID_282324O_1.jpeg\"><\/p>\n\n\n\n<p><strong>1000 aulas<\/strong><br>El gobernador tambi\u00e9n recorri\u00f3 la Escuela T\u00e9cnico Profesional y Secundaria Orientada N.\u00ba 283, donde en el marco del programa 1000 Aulas el gobierno provincial construye 3 aulas con una inversi\u00f3n de$118.108.595,82. Por \u00faltimo, visit\u00f3 el Jard\u00edn de Infantes N.\u00ba 226 \u201cDoctor Edgar Tomat\u201d, donde firm\u00f3 el proyecto para construir un aula.<\/p>\n\n\n\n<figure class=\"wp-block-image\"><img decoding=\"async\" src=\"https:\/\/ci3.googleusercontent.com\/meips\/ADKq_NYP-YjFrHnpF0at4J4MMPizaV-u_AzrVBLyayDQAlZAhEfCoX_F74xgWuUClXQTlDtm2gtKGsjpMlReYL1bfN9emMpXo16lCanXSu-oES3yrkhuZUmcSwack7imUQo6KiquAACIeIDMy1b7u9c=s0-d-e1-ft#https:\/\/www.santafe.gov.ar\/noticias\/recursos\/fotos\/2025\/02\/2025-02-18NID_282324O_2.jpeg\" alt=\"\"\/><\/figure>\n","protected":false},"excerpt":{"rendered":"<p>Pullaro: \u201cNos entusiasma mejorar la infraestructura educativa en la provincia de Santa Fe\u201d<\/p>\n","protected":false},"author":1,"featured_media":45481,"comment_status":"open","ping_status":"open","sticky":false,"template":"","format":"image","meta":{"_jetpack_memberships_contains_paid_content":false,"footnotes":"","jetpack_publicize_message":"","jetpack_publicize_feature_enabled":true,"jetpack_social_post_already_shared":true,"jetpack_social_options":{"image_generator_settings":{"template":"highway","default_image_id":0,"enabled":false},"version":2}},"categories":[8,1,2,7,3],"tags":[5030,9548,2705,2116,2846,3381],"class_list":["post-45480","post","type-post","status-publish","format-image","has-post-thumbnail","hentry","category-deliberando","category-diario-armstrong","category-locales","category-politica","category-region","tag-diario-armstrong","tag-educativa","tag-infraestructura","tag-mejorar","tag-pullaro","tag-santa-fe","post_format-post-format-image"],"jetpack_publicize_connections":[],"jetpack_featured_media_url":"https:\/\/armstrongyregion.com.ar\/diario\/wp-content\/uploads\/2025\/02\/Pullaro-Docentes-18-2-24.jpg","jetpack_shortlink":"https:\/\/wp.me\/p62QDO-bPy","jetpack_sharing_enabled":true,"amp_enabled":true,"_links":{"self":[{"href":"https:\/\/armstrongyregion.com.ar\/diario\/wp-json\/wp\/v2\/posts\/45480","targetHints":{"allow":["GET"]}}],"collection":[{"href":"https:\/\/armstrongyregion.com.ar\/diario\/wp-json\/wp\/v2\/posts"}],"about":[{"href":"https:\/\/armstrongyregion.com.ar\/diario\/wp-json\/wp\/v2\/types\/post"}],"author":[{"embeddable":true,"href":"https:\/\/armstrongyregion.com.ar\/diario\/wp-json\/wp\/v2\/users\/1"}],"replies":[{"embeddable":true,"href":"https:\/\/armstrongyregion.com.ar\/diario\/wp-json\/wp\/v2\/comments?post=45480"}],"version-history":[{"count":1,"href":"https:\/\/armstrongyregion.com.ar\/diario\/wp-json\/wp\/v2\/posts\/45480\/revisions"}],"predecessor-version":[{"id":45482,"href":"https:\/\/armstrongyregion.com.ar\/diario\/wp-json\/wp\/v2\/posts\/45480\/revisions\/45482"}],"wp:featuredmedia":[{"embeddable":true,"href":"https:\/\/armstrongyregion.com.ar\/diario\/wp-json\/wp\/v2\/media\/45481"}],"wp:attachment":[{"href":"https:\/\/armstrongyregion.com.ar\/diario\/wp-json\/wp\/v2\/media?parent=45480"}],"wp:term":[{"taxonomy":"category","embeddable":true,"href":"https:\/\/armstrongyregion.com.ar\/diario\/wp-json\/wp\/v2\/categories?post=45480"},{"taxonomy":"post_tag","embeddable":true,"href":"https:\/\/armstrongyregion.com.ar\/diario\/wp-json\/wp\/v2\/tags?post=45480"}],"curies":[{"name":"wp","href":"https:\/\/api.w.org\/{rel}","templated":true}]}}