{"id":45477,"date":"2025-02-19T00:51:56","date_gmt":"2025-02-19T00:51:56","guid":{"rendered":"https:\/\/armstrongyregion.com.ar\/diario\/?p=45477"},"modified":"2025-02-19T00:51:58","modified_gmt":"2025-02-19T00:51:58","slug":"paritaria-provincia-realizo-su-oferta-trimestral-a-los-gremios-docentes","status":"publish","type":"post","link":"https:\/\/armstrongyregion.com.ar\/diario\/paritaria-provincia-realizo-su-oferta-trimestral-a-los-gremios-docentes\/","title":{"rendered":"Paritaria: Provincia realiz\u00f3 su oferta trimestral a los gremios docentes."},"content":{"rendered":"\n<figure class=\"wp-block-image size-full\"><img loading=\"lazy\" decoding=\"async\" width=\"570\" height=\"320\" src=\"http:\/\/armstrongyregion.com.ar\/diario\/wp-content\/uploads\/2025\/02\/Oferta-Trimestral-docentes.jpg\" alt=\"\" class=\"wp-image-45478\" srcset=\"https:\/\/armstrongyregion.com.ar\/diario\/wp-content\/uploads\/2025\/02\/Oferta-Trimestral-docentes.jpg 570w, https:\/\/armstrongyregion.com.ar\/diario\/wp-content\/uploads\/2025\/02\/Oferta-Trimestral-docentes-300x168.jpg 300w\" sizes=\"auto, (max-width: 570px) 100vw, 570px\" \/><\/figure>\n\n\n\n<h2 class=\"wp-block-heading\">La propuesta totaliza un 5 % a cobrar en el mes febrero, al igual que la hecha a la administraci\u00f3n central. Incorporando las sumas garantizadas -tal como tambi\u00e9n se propuso al resto de los estatales-, por los meses de enero y febrero, el incremento al sector docente promedia un 9,5 % respecto del mes de diciembre -al igual que la propuesta realizada a los gremios UPCN y ATE por la ma\u00f1ana-.<\/h2>\n\n\n\n<p>Continuando con las ronda de reuniones paritarias, los ministros de Educaci\u00f3n, Jos\u00e9 Goity, de Econom\u00eda, Pablo Olivares, y de Trabajo, Roald B\u00e1scolo, se reunieron este martes con los representantes gremiales de Amsafe, Sadop, Amet y UDA.<\/p>\n\n\n\n<p>La propuesta informada totaliza un 5 % hasta marzo, al igual que la hecha a la administraci\u00f3n central e incorpora sumas garantizadas -como tambi\u00e9n se propuso al resto de los estatales-. En detalle al incremento salarial del 3,1% correspondiente al mes de enero, se agrega un monto m\u00ednimo garantizado de $ 50.000. Dicho aumento se pagar\u00e1 por planilla complementaria. Por lo tanto, respecto a ese mes, los docentes cobrar\u00e1n entre un 3,1 % y un 7,7 % m\u00e1s de acuerdo con la antig\u00fcedad. Para febrero la propuesta es de 1,9 % de aumento con $ 70.000 garantizado por cargo. En ese mes los docentes cobrar\u00e1n, respecto a diciembre, entre un 5 % y un 11 % m\u00e1s de acuerdo con la antig\u00fcedad. De esta manera, el Gobierno Provincial ofreci\u00f3 un aumento promedio respecto a diciembre del 9,5 % a los docentes durante el primer trimestre del a\u00f1o -al igual que lo ofrecido a la administraci\u00f3n central-, siempre teniendo en cuenta el m\u00ednimo garantizado.<\/p>\n\n\n\n<p>Luego del encuentro, Goity destac\u00f3 que \u201cun docente que tiene m\u00e1s de un cargo puede llegar a cobrar un incremento de $240.000\u201d. \u201cLo que proponemos integra una propuesta por todo este trimestre. Se va a liquidar por planilla complementaria ya que ha transcurrido el mes de enero; esto implica que cada docente va a recibir durante el mes de marzo, esperemos que sea en la primera quincena de marzo, una diferencia por el sueldo de enero y el sueldo de febrero\u201d, indic\u00f3 el funcionario.<\/p>\n\n\n\n<p>\u201cEste gobierno tiene pol\u00edticas muy transparentes y claras que sostiene en el tiempo. Las clases empiezan el 24 de febrero, y esa es una muy buena noticia, porque es una meta que nos hemos propuesto\u201d, dijo el ministro.<\/p>\n\n\n\n<p>Goyti destac\u00f3 adem\u00e1s que \u201cconfeccionamos un acta que tiene varios puntos de acuerdo; eso hay que ponerlo de relieve. Hemos acordado sostener el cronograma del concurso de ascenso directivos, la fecha de posesi\u00f3n de los cargos de educaci\u00f3n media y ampliado la oferta de cargo a la jornada extendida al conjunto de los docentes. Hemos hecho un acuerdo muy importante tambi\u00e9n en educaci\u00f3n superior para garantizar la continuidad de todos los institutos y las condiciones de todos sus docentes. Hay buenos acuerdos que hay que poner sobre la mesa\u201d.<\/p>\n\n\n\n<p>Del encuentro de hoy, llevado a cabo en la sede del Ministerio de Trabajo de la ciudad de Santa Fe, participaron tambi\u00e9n del Ministerio de Educaci\u00f3n, las secretarias Mar\u00eda Mart\u00edn, Carolina Piedrabuena y Daiana Gallo Ambrosis; por el Ministerio de Econom\u00eda, la secretaria, subsecreatrio y el director de Recursos Humanos y Funci\u00f3n P\u00fablica, Malena Azario, Horacio Cautaz y Diego Broda respectivamente; y por el Ministerio de Trabajo, la directora de Relaciones Laborales, Marisa Castro.<\/p>\n\n\n\n<p>En representaci\u00f3n de los docentes, por Amsafe estuvieron presentes Rodrigo Alonso, Susana Ludmer, Mar\u00eda Jos\u00e9 Marano, Paulo Juncos, Sergio Bruchini y Patricia Hern\u00e1ndez; por Sadop Santa Fe, Pedro Bayugar, Ricardo Vega y Cecilia De Santa Mar\u00eda; por Sadop Rosario, Mart\u00edn Lucero, Marcela Mateos y Micaela Ramos; por AMET, Ernesto Cepeda y Alejandro Celis; y por UDA, Daniel Dom\u00ednguez y Mariela Rossi.<\/p>\n","protected":false},"excerpt":{"rendered":"<p>Paritaria: Provincia realiz\u00f3 su oferta trimestral a los gremios docentes.<\/p>\n","protected":false},"author":1,"featured_media":45478,"comment_status":"open","ping_status":"open","sticky":false,"template":"","format":"image","meta":{"_jetpack_memberships_contains_paid_content":false,"footnotes":"","jetpack_publicize_message":"","jetpack_publicize_feature_enabled":true,"jetpack_social_post_already_shared":true,"jetpack_social_options":{"image_generator_settings":{"template":"highway","default_image_id":0,"enabled":false},"version":2}},"categories":[8,1,2,7,3],"tags":[5030,2635,9016,3526,10133,8640,10873],"class_list":["post-45477","post","type-post","status-publish","format-image","has-post-thumbnail","hentry","category-deliberando","category-diario-armstrong","category-locales","category-politica","category-region","tag-diario-armstrong","tag-docentes","tag-gremios","tag-oferta","tag-paritaria","tag-provincia-2","tag-trimestral","post_format-post-format-image"],"jetpack_publicize_connections":[],"jetpack_featured_media_url":"https:\/\/armstrongyregion.com.ar\/diario\/wp-content\/uploads\/2025\/02\/Oferta-Trimestral-docentes.jpg","jetpack_shortlink":"https:\/\/wp.me\/p62QDO-bPv","jetpack_sharing_enabled":true,"amp_enabled":true,"_links":{"self":[{"href":"https:\/\/armstrongyregion.com.ar\/diario\/wp-json\/wp\/v2\/posts\/45477","targetHints":{"allow":["GET"]}}],"collection":[{"href":"https:\/\/armstrongyregion.com.ar\/diario\/wp-json\/wp\/v2\/posts"}],"about":[{"href":"https:\/\/armstrongyregion.com.ar\/diario\/wp-json\/wp\/v2\/types\/post"}],"author":[{"embeddable":true,"href":"https:\/\/armstrongyregion.com.ar\/diario\/wp-json\/wp\/v2\/users\/1"}],"replies":[{"embeddable":true,"href":"https:\/\/armstrongyregion.com.ar\/diario\/wp-json\/wp\/v2\/comments?post=45477"}],"version-history":[{"count":1,"href":"https:\/\/armstrongyregion.com.ar\/diario\/wp-json\/wp\/v2\/posts\/45477\/revisions"}],"predecessor-version":[{"id":45479,"href":"https:\/\/armstrongyregion.com.ar\/diario\/wp-json\/wp\/v2\/posts\/45477\/revisions\/45479"}],"wp:featuredmedia":[{"embeddable":true,"href":"https:\/\/armstrongyregion.com.ar\/diario\/wp-json\/wp\/v2\/media\/45478"}],"wp:attachment":[{"href":"https:\/\/armstrongyregion.com.ar\/diario\/wp-json\/wp\/v2\/media?parent=45477"}],"wp:term":[{"taxonomy":"category","embeddable":true,"href":"https:\/\/armstrongyregion.com.ar\/diario\/wp-json\/wp\/v2\/categories?post=45477"},{"taxonomy":"post_tag","embeddable":true,"href":"https:\/\/armstrongyregion.com.ar\/diario\/wp-json\/wp\/v2\/tags?post=45477"}],"curies":[{"name":"wp","href":"https:\/\/api.w.org\/{rel}","templated":true}]}}