{"id":45474,"date":"2025-02-18T21:31:04","date_gmt":"2025-02-18T21:31:04","guid":{"rendered":"https:\/\/armstrongyregion.com.ar\/diario\/?p=45474"},"modified":"2025-02-18T21:31:06","modified_gmt":"2025-02-18T21:31:06","slug":"la-libertad-avanza-presento-sus-candidatos-para-las-elecciones-del-13-de-abril-en-santa-fe","status":"publish","type":"post","link":"https:\/\/armstrongyregion.com.ar\/diario\/la-libertad-avanza-presento-sus-candidatos-para-las-elecciones-del-13-de-abril-en-santa-fe\/","title":{"rendered":"La Libertad Avanza present\u00f3 sus candidatos para las elecciones del 13 de abril en Santa Fe."},"content":{"rendered":"\n<figure class=\"wp-block-image size-full\"><img loading=\"lazy\" decoding=\"async\" width=\"640\" height=\"319\" src=\"http:\/\/armstrongyregion.com.ar\/diario\/wp-content\/uploads\/2025\/02\/libertad-avanza.jpg\" alt=\"\" class=\"wp-image-45475\" srcset=\"https:\/\/armstrongyregion.com.ar\/diario\/wp-content\/uploads\/2025\/02\/libertad-avanza.jpg 640w, https:\/\/armstrongyregion.com.ar\/diario\/wp-content\/uploads\/2025\/02\/libertad-avanza-300x150.jpg 300w\" sizes=\"auto, (max-width: 640px) 100vw, 640px\" \/><\/figure>\n\n\n\n<h2 class=\"wp-block-heading\">Romina Diez encabez\u00f3 en Rosario el acto donde se mostraron los aspirantes a convencionales constituyentes y concejales para los comicios del 13 de abril. El intendente Javier Meyer se destaca en primera fila.<\/h2>\n\n\n\n<h3 class=\"wp-block-heading\">Presentaci\u00f3n oficial de candidatos<\/h3>\n\n\n\n<p>El espacio pol\u00edtico La Libertad Avanza (LLA) dio a conocer oficialmente a sus candidatos para las elecciones que se celebrar\u00e1n el pr\u00f3ximo domingo 13 de abril en la provincia de Santa Fe. El anuncio se realiz\u00f3 con una foto grupal en el Parque Espa\u00f1a de Rosario, donde la diputada nacional por Santa Fe, Romina Diez, reuni\u00f3 a quienes encabezar\u00e1n las listas para convencionales constituyentes.<\/p>\n\n\n\n<h3 class=\"wp-block-heading\">F\u00f3rmula para convencionales constituyentes<\/h3>\n\n\n\n<p><strong>Modalidad Lista \u00danica.&nbsp;<\/strong>Durante el acto, se destac\u00f3 la f\u00f3rmula de candidatos a convencionales constituyentes por Santa Fe, integrada por Nicol\u00e1s Mayoraz y Candela Rodr\u00edguez. Ambos aspirantes ser\u00e1n las caras visibles del partido en la competencia por un lugar en la reforma constitucional provincial.<\/p>\n\n\n\n<h3 class=\"wp-block-heading\">Aspirantes por los 19 departamentos<\/h3>\n\n\n\n<p>Adem\u00e1s, se presentaron los postulantes que representar\u00e1n a LLA en cada uno de los 19 departamentos de la provincia:<\/p>\n\n\n\n<p><em>Belgrano: Javier Meyer<\/em><br>Rosario: Juan Pedro Aleart<br>La Capital: Ana Cantiani<br>San Lorenzo: Eugenia Rol\u00f3n<br>General L\u00f3pez: David Sanfilippo<br>Constituci\u00f3n: Mat\u00edas Tomasi<br>San Jer\u00f3nimo: Claudio Gamboa<br>Las Colonias: Sebasti\u00e1n Spies<br>San Javier: Ariel Donnet<br>Iriondo: Franco Mazzoli<br>General Obligado: Agust\u00edn Luque<br>San Justo: Leandro Aranda<br>San Crist\u00f3bal: Mar\u00eda Gianoli<br>Castellanos: Brian Mayer<br>Vera: Fernando Thomas<br>Garay: Horacio Hern\u00e1ndez<br>Nueve de Julio: Paula Forlano<br>Caseros: Jorge L\u00f3pez<br>Listas para el Concejo de Rosario<\/p>\n\n\n\n<p>Romina Diez, quien lider\u00f3 el acto, destac\u00f3 la importancia de esta presentaci\u00f3n como un paso clave en el crecimiento de La Libertad Avanza en la provincia.<em>&nbsp;\u201cEstamos convencidos de que tenemos el mejor equipo para representar a los santafesinos y trabajar por una provincia con m\u00e1s libertad y menos impuestos\u201d,<\/em>&nbsp;expres\u00f3 Diez ante los medios presentes.<\/p>\n\n\n\n<h3 class=\"wp-block-heading\">Contexto pol\u00edtico<\/h3>\n\n\n\n<p>Las elecciones del 13 de abril ser\u00e1n clave para la conformaci\u00f3n de la Convenci\u00f3n Constituyente, que tendr\u00e1 a su cargo la reforma de la Constituci\u00f3n provincial. Asimismo, los comicios ser\u00e1n las PASO para renovar bancas en los Concejos Municipales y las Presidencias Comunales, lo que convierte a esta instancia en una instancia crucial.<\/p>\n","protected":false},"excerpt":{"rendered":"<p>La Libertad Avanza present\u00f3 sus candidatos para las elecciones del 13 de abril en Santa Fe.<\/p>\n","protected":false},"author":1,"featured_media":45475,"comment_status":"open","ping_status":"open","sticky":false,"template":"","format":"image","meta":{"_jetpack_memberships_contains_paid_content":false,"footnotes":"","jetpack_publicize_message":"","jetpack_publicize_feature_enabled":true,"jetpack_social_post_already_shared":true,"jetpack_social_options":{"image_generator_settings":{"template":"highway","default_image_id":0,"enabled":false},"version":2}},"categories":[8,1,2,7,3],"tags":[765,5030,8495,11472,25,3381],"class_list":["post-45474","post","type-post","status-publish","format-image","has-post-thumbnail","hentry","category-deliberando","category-diario-armstrong","category-locales","category-politica","category-region","tag-candidatos","tag-diario-armstrong","tag-elecciones-2","tag-libertad-avanza","tag-presento","tag-santa-fe","post_format-post-format-image"],"jetpack_publicize_connections":[],"jetpack_featured_media_url":"https:\/\/armstrongyregion.com.ar\/diario\/wp-content\/uploads\/2025\/02\/libertad-avanza.jpg","jetpack_shortlink":"https:\/\/wp.me\/p62QDO-bPs","jetpack_sharing_enabled":true,"amp_enabled":true,"_links":{"self":[{"href":"https:\/\/armstrongyregion.com.ar\/diario\/wp-json\/wp\/v2\/posts\/45474","targetHints":{"allow":["GET"]}}],"collection":[{"href":"https:\/\/armstrongyregion.com.ar\/diario\/wp-json\/wp\/v2\/posts"}],"about":[{"href":"https:\/\/armstrongyregion.com.ar\/diario\/wp-json\/wp\/v2\/types\/post"}],"author":[{"embeddable":true,"href":"https:\/\/armstrongyregion.com.ar\/diario\/wp-json\/wp\/v2\/users\/1"}],"replies":[{"embeddable":true,"href":"https:\/\/armstrongyregion.com.ar\/diario\/wp-json\/wp\/v2\/comments?post=45474"}],"version-history":[{"count":1,"href":"https:\/\/armstrongyregion.com.ar\/diario\/wp-json\/wp\/v2\/posts\/45474\/revisions"}],"predecessor-version":[{"id":45476,"href":"https:\/\/armstrongyregion.com.ar\/diario\/wp-json\/wp\/v2\/posts\/45474\/revisions\/45476"}],"wp:featuredmedia":[{"embeddable":true,"href":"https:\/\/armstrongyregion.com.ar\/diario\/wp-json\/wp\/v2\/media\/45475"}],"wp:attachment":[{"href":"https:\/\/armstrongyregion.com.ar\/diario\/wp-json\/wp\/v2\/media?parent=45474"}],"wp:term":[{"taxonomy":"category","embeddable":true,"href":"https:\/\/armstrongyregion.com.ar\/diario\/wp-json\/wp\/v2\/categories?post=45474"},{"taxonomy":"post_tag","embeddable":true,"href":"https:\/\/armstrongyregion.com.ar\/diario\/wp-json\/wp\/v2\/tags?post=45474"}],"curies":[{"name":"wp","href":"https:\/\/api.w.org\/{rel}","templated":true}]}}