{"id":45463,"date":"2025-02-17T01:14:04","date_gmt":"2025-02-17T01:14:04","guid":{"rendered":"https:\/\/armstrongyregion.com.ar\/diario\/?p=45463"},"modified":"2025-02-17T02:24:03","modified_gmt":"2025-02-17T02:24:03","slug":"preocupacion-e-incertidumbre-con-el-servicio-de-trenes-canada-de-gomez-rosario","status":"publish","type":"post","link":"https:\/\/armstrongyregion.com.ar\/diario\/preocupacion-e-incertidumbre-con-el-servicio-de-trenes-canada-de-gomez-rosario\/","title":{"rendered":"Preocupaci\u00f3n e incertidumbre con el servicio de trenes Ca\u00f1ada de G\u00f3mez \u2013 Rosario."},"content":{"rendered":"\n<figure class=\"wp-block-image size-full\"><img loading=\"lazy\" decoding=\"async\" width=\"640\" height=\"363\" src=\"http:\/\/armstrongyregion.com.ar\/diario\/wp-content\/uploads\/2025\/02\/trenes-canada.jpg\" alt=\"\" class=\"wp-image-45464\" srcset=\"https:\/\/armstrongyregion.com.ar\/diario\/wp-content\/uploads\/2025\/02\/trenes-canada.jpg 640w, https:\/\/armstrongyregion.com.ar\/diario\/wp-content\/uploads\/2025\/02\/trenes-canada-300x170.jpg 300w\" sizes=\"auto, (max-width: 640px) 100vw, 640px\" \/><\/figure>\n\n\n\n<h2 class=\"wp-block-heading\">Mariano Antenore, integrante de la ONG \u201cAsociaci\u00f3n Amigos del Riel\u201d dialog\u00f3 con Apuntes y Resumen y confirm\u00f3 que \u201cno funciona el tren\u201d, responsabiliza al gobierno nacional pero habla de una \u201ccomplicidad silenciosa\u201d de los intendentes de la regi\u00f3n.<\/h2>\n\n\n\n<p><strong>\u201cEl servicio no funciona desde hace tres meses cuando la locomotora choco a los coches del servicio y quedaron inutilizados. Nunca se dijo en qu\u00e9 circunstancias hab\u00eda ocurrido este accidente\u201d, le dijo el integrante de la Asociaci\u00f3n Amigos del Riel de Rosario, Mariano Antenore a Radio UNR confirmando que ya no existe la conexi\u00f3n metropolitana de Ca\u00f1ada de G\u00f3mez y Rosario.<\/strong><\/p>\n\n\n\n<p>\u201cSeg\u00fan dicen se van a reparar pero no tenemos certeza si vuelven para este trazado del tren o formaran parte de otros servicios\u201d, dijo Antenore quien cont\u00f3 que durante 2024 \u201cel funcionamiento err\u00e1tico del tren produjo que cada vez que le quitaban la locomotora quedaba cancelado el servicio\u201d que lleg\u00f3 a transportar 20 mil pasajeros al mes. \u201cCon solo tres corridas por d\u00eda y sin servicio los domingos eran n\u00fameros m\u00e1s que auspiciosos y daba pensar en un incremento de frecuencias\u201d, sostuvo.<\/p>\n\n\n\n<p><strong>Para el especialista la trama se explica por los \u201ccambios en los gobiernos y esa es la lectura que hacemos, en 2015 estaba la estructura para cambiar toda la red, pero con Macri no se hizo nada y con Alberto solo tuvo un impulso luego pero hay que decir que luego de 45 a\u00f1os que no corr\u00eda, fue un avance significativo e hist\u00f3rico el regreso del servicio, pero lleg\u00f3 el gobierno de Javier Milei y empez\u00f3 a dar de bajas servicios y los de larga distancia se mantienen como pueden\u201d, sentenci\u00f3.<\/strong><\/p>\n\n\n\n<p>Para Antenore \u201cla motosierra quieren dejar caer el servicio de tren, sabemos c\u00f3mo funciona pero los que est\u00e1n muy callados son otros que deber\u00edan estar en Buenos Aires protestando para que este tren vuelva a funcionar\u201d.<\/p>\n\n\n\n<p><strong>Para el referente de \u201cAmigos del Riel\u201d est\u00e1n dadas las herramientas creadas para que la provincia pueda hacerse cargo de estos recorridos. \u201cFalta por parte del gobernador una decisi\u00f3n pol\u00edtica para que los ca\u00f1adenses y estaciones intermedias puedan recuperar estos traslados, pero creo que les interesa m\u00e1s los trenes para la producci\u00f3n que los de pasajeros\u201d.<\/strong><\/p>\n\n\n\n<p>Antenore record\u00f3 que \u201cse juntan firmas para presentar una medida cautelar, un recurso de amparo como acci\u00f3n colectiva comunitaria y transversal sin que nadie se quiera poner al frente de otro\u201d, para esto se debe ingresar a las redes sociales de la ONG.<\/p>\n\n\n\n<h4 class=\"wp-block-heading\"><strong>Qu\u00e9 significa la privatizaci\u00f3n del Belgrano Cargas<\/strong><\/h4>\n\n\n\n<p><strong>\u201cLa privatizaci\u00f3n del Belgrano Cargas es una gran p\u00e9rdida de oportunidades. Despu\u00e9s de recuperar ese servicio y la infraestructura ahora se la van a regalar a un privado\u201d, dijo y afirm\u00f3 que el pa\u00eds \u201cest\u00e1 perdiendo herramientas necesarias para el desarrollo de la Rep\u00fablica\u201d porque \u201cTrenes Argentinos es el que sale a buscar clientes de terceros y hasta sirve a los puertos privados de Timb\u00faes, por ejemplo. Ahora lo vienen a dilapidar rematando todas las tierras posibles a los amigos\u201d.<\/strong><\/p>\n\n\n\n<p>Fuente: El Ciudadano Web<\/p>\n\n\n\n<p><\/p>\n","protected":false},"excerpt":{"rendered":"<p>Preocupaci\u00f3n e incertidumbre con el servicio de trenes Ca\u00f1ada de G\u00f3mez \u2013 Rosario.<\/p>\n","protected":false},"author":1,"featured_media":45464,"comment_status":"open","ping_status":"open","sticky":false,"template":"","format":"image","meta":{"_jetpack_memberships_contains_paid_content":false,"footnotes":"","jetpack_publicize_message":"","jetpack_publicize_feature_enabled":true,"jetpack_social_post_already_shared":true,"jetpack_social_options":{"image_generator_settings":{"template":"highway","default_image_id":0,"enabled":false},"version":2}},"categories":[8,1,2,7,3],"tags":[420,5030,3901,8835,8588,508,8845],"class_list":["post-45463","post","type-post","status-publish","format-image","has-post-thumbnail","hentry","category-deliberando","category-diario-armstrong","category-locales","category-politica","category-region","tag-canada-de-gomez","tag-diario-armstrong","tag-incertidumbre","tag-preocupacion","tag-rosario-2","tag-servicio","tag-trenes","post_format-post-format-image"],"jetpack_publicize_connections":[],"jetpack_featured_media_url":"https:\/\/armstrongyregion.com.ar\/diario\/wp-content\/uploads\/2025\/02\/trenes-canada.jpg","jetpack_shortlink":"https:\/\/wp.me\/p62QDO-bPh","jetpack_sharing_enabled":true,"amp_enabled":true,"_links":{"self":[{"href":"https:\/\/armstrongyregion.com.ar\/diario\/wp-json\/wp\/v2\/posts\/45463","targetHints":{"allow":["GET"]}}],"collection":[{"href":"https:\/\/armstrongyregion.com.ar\/diario\/wp-json\/wp\/v2\/posts"}],"about":[{"href":"https:\/\/armstrongyregion.com.ar\/diario\/wp-json\/wp\/v2\/types\/post"}],"author":[{"embeddable":true,"href":"https:\/\/armstrongyregion.com.ar\/diario\/wp-json\/wp\/v2\/users\/1"}],"replies":[{"embeddable":true,"href":"https:\/\/armstrongyregion.com.ar\/diario\/wp-json\/wp\/v2\/comments?post=45463"}],"version-history":[{"count":2,"href":"https:\/\/armstrongyregion.com.ar\/diario\/wp-json\/wp\/v2\/posts\/45463\/revisions"}],"predecessor-version":[{"id":45467,"href":"https:\/\/armstrongyregion.com.ar\/diario\/wp-json\/wp\/v2\/posts\/45463\/revisions\/45467"}],"wp:featuredmedia":[{"embeddable":true,"href":"https:\/\/armstrongyregion.com.ar\/diario\/wp-json\/wp\/v2\/media\/45464"}],"wp:attachment":[{"href":"https:\/\/armstrongyregion.com.ar\/diario\/wp-json\/wp\/v2\/media?parent=45463"}],"wp:term":[{"taxonomy":"category","embeddable":true,"href":"https:\/\/armstrongyregion.com.ar\/diario\/wp-json\/wp\/v2\/categories?post=45463"},{"taxonomy":"post_tag","embeddable":true,"href":"https:\/\/armstrongyregion.com.ar\/diario\/wp-json\/wp\/v2\/tags?post=45463"}],"curies":[{"name":"wp","href":"https:\/\/api.w.org\/{rel}","templated":true}]}}