{"id":45445,"date":"2025-02-13T13:37:47","date_gmt":"2025-02-13T13:37:47","guid":{"rendered":"https:\/\/armstrongyregion.com.ar\/diario\/?p=45445"},"modified":"2025-02-13T13:37:49","modified_gmt":"2025-02-13T13:37:49","slug":"dia-mundial-del-preservativo","status":"publish","type":"post","link":"https:\/\/armstrongyregion.com.ar\/diario\/dia-mundial-del-preservativo\/","title":{"rendered":"D\u00eda Mundial del Preservativo."},"content":{"rendered":"\n<figure class=\"wp-block-image size-full\"><img loading=\"lazy\" decoding=\"async\" width=\"400\" height=\"400\" src=\"http:\/\/armstrongyregion.com.ar\/diario\/wp-content\/uploads\/2025\/02\/preservativo-2.jpg\" alt=\"\" class=\"wp-image-45446\" srcset=\"https:\/\/armstrongyregion.com.ar\/diario\/wp-content\/uploads\/2025\/02\/preservativo-2.jpg 400w, https:\/\/armstrongyregion.com.ar\/diario\/wp-content\/uploads\/2025\/02\/preservativo-2-300x300.jpg 300w, https:\/\/armstrongyregion.com.ar\/diario\/wp-content\/uploads\/2025\/02\/preservativo-2-150x150.jpg 150w\" sizes=\"auto, (max-width: 400px) 100vw, 400px\" \/><\/figure>\n\n\n\n<p>El 13 de febrero se celebra el D\u00eda Mundial del Preservativo. Por ello, la directora del S.U.S.A.M.Co.<br>local Dra. Ailen Temperini brind\u00f3 informaci\u00f3n y detalles referidos a esta fecha que promueve el uso<br>responsable de este m\u00e9todo de protecci\u00f3n sexual.\u00a0<\/p>\n\n\n\n<figure class=\"wp-block-image size-large\"><img loading=\"lazy\" decoding=\"async\" width=\"266\" height=\"480\" src=\"http:\/\/armstrongyregion.com.ar\/diario\/wp-content\/uploads\/2025\/02\/preservativo-1--266x480.jpg\" alt=\"\" class=\"wp-image-45448\" srcset=\"https:\/\/armstrongyregion.com.ar\/diario\/wp-content\/uploads\/2025\/02\/preservativo-1--266x480.jpg 266w, https:\/\/armstrongyregion.com.ar\/diario\/wp-content\/uploads\/2025\/02\/preservativo-1--166x300.jpg 166w, https:\/\/armstrongyregion.com.ar\/diario\/wp-content\/uploads\/2025\/02\/preservativo-1-.jpg 708w\" sizes=\"auto, (max-width: 266px) 100vw, 266px\" \/><\/figure>\n\n\n\n<p><br>El preservativo es un m\u00e9todo anticonceptivo de barrera y su funci\u00f3n principal radica en que es el<br>\u00fanico m\u00e9todo efectivo para prevenir el contagio de enfermedades de transmisi\u00f3n sexual (ETS) como<br>HIV, s\u00edfilis, HPV (Virus del Papiloma Humano), entre otras, siempre y cuando se utilice de manera<br>adecuada.<br>Recomendaciones sobre su uso correcto:<br>\uf0b7 El preservativo debe usarse desde el inicio hasta el final del acto sexual<br>\uf0b7 Se debe controlar que el empaque en el que se encuentra no est\u00e9 vencido ni da\u00f1ado<br>\uf0b7 Su uso es de \u00fanica vez y despu\u00e9s se debe descartar inmediatamente<br>\uf0b7 No se aconseja guardarlo en billeteras, espacios h\u00famedos ni ante la exposici\u00f3n solar<br>\uf0b7 Es recomendable obtenerlo en farmacias y hospitales (en este caso de manera gratuita)<br>\uf0b7 El envase no se debe abrir con elementos cortopunzantes ni con los dientes.<br>La Dra. Temperini resalt\u00f3 que hablar del tema nos informa y nos protege, y habl\u00f3 sobre ciertos mitos<br>acerca de su utilizaci\u00f3n:<br>\uf0b7 Cuando la pareja es estable se puede dejar de utilizar: No es correcto. La otra persona puede<br>tener alguna enfermedad\/infecci\u00f3n y no saberlo.<br>\uf0b7 S\u00f3lo es para los j\u00f3venes: No es correcto. Si bien es m\u00e1s frecuente entre los 16 y 25 a\u00f1os, en<br>todas las edades se presentan ETS.<br>\uf0b7 Es poco efectivo para prevenir el embarazo: No es correcto. Si se usa correctamente, su<br>eficacia llega hasta un 98 % de efectividad, y m\u00e1s a\u00fan si se combina con otros m\u00e9todos.<br>El preservativo es una protecci\u00f3n fundamental para pr\u00e1cticas sexuales saludables.<br>El preservativo es un gran aliado de nuestra sexualidad.<\/p>\n","protected":false},"excerpt":{"rendered":"<p>D\u00eda Mundial del Preservativo.<\/p>\n","protected":false},"author":1,"featured_media":45447,"comment_status":"open","ping_status":"open","sticky":false,"template":"","format":"image","meta":{"_jetpack_memberships_contains_paid_content":false,"footnotes":"","jetpack_publicize_message":"","jetpack_publicize_feature_enabled":true,"jetpack_social_post_already_shared":true,"jetpack_social_options":{"image_generator_settings":{"template":"highway","default_image_id":0,"enabled":false},"version":2}},"categories":[8,1,2,7,3],"tags":[53,793,5030,1890,11465],"class_list":["post-45445","post","type-post","status-publish","format-image","has-post-thumbnail","hentry","category-deliberando","category-diario-armstrong","category-locales","category-politica","category-region","tag-del","tag-dia","tag-diario-armstrong","tag-mundial","tag-preservativo","post_format-post-format-image"],"jetpack_publicize_connections":[],"jetpack_featured_media_url":"https:\/\/armstrongyregion.com.ar\/diario\/wp-content\/uploads\/2025\/02\/preservativo-2-1.jpg","jetpack_shortlink":"https:\/\/wp.me\/p62QDO-bOZ","jetpack_sharing_enabled":true,"amp_enabled":true,"_links":{"self":[{"href":"https:\/\/armstrongyregion.com.ar\/diario\/wp-json\/wp\/v2\/posts\/45445","targetHints":{"allow":["GET"]}}],"collection":[{"href":"https:\/\/armstrongyregion.com.ar\/diario\/wp-json\/wp\/v2\/posts"}],"about":[{"href":"https:\/\/armstrongyregion.com.ar\/diario\/wp-json\/wp\/v2\/types\/post"}],"author":[{"embeddable":true,"href":"https:\/\/armstrongyregion.com.ar\/diario\/wp-json\/wp\/v2\/users\/1"}],"replies":[{"embeddable":true,"href":"https:\/\/armstrongyregion.com.ar\/diario\/wp-json\/wp\/v2\/comments?post=45445"}],"version-history":[{"count":1,"href":"https:\/\/armstrongyregion.com.ar\/diario\/wp-json\/wp\/v2\/posts\/45445\/revisions"}],"predecessor-version":[{"id":45449,"href":"https:\/\/armstrongyregion.com.ar\/diario\/wp-json\/wp\/v2\/posts\/45445\/revisions\/45449"}],"wp:featuredmedia":[{"embeddable":true,"href":"https:\/\/armstrongyregion.com.ar\/diario\/wp-json\/wp\/v2\/media\/45447"}],"wp:attachment":[{"href":"https:\/\/armstrongyregion.com.ar\/diario\/wp-json\/wp\/v2\/media?parent=45445"}],"wp:term":[{"taxonomy":"category","embeddable":true,"href":"https:\/\/armstrongyregion.com.ar\/diario\/wp-json\/wp\/v2\/categories?post=45445"},{"taxonomy":"post_tag","embeddable":true,"href":"https:\/\/armstrongyregion.com.ar\/diario\/wp-json\/wp\/v2\/tags?post=45445"}],"curies":[{"name":"wp","href":"https:\/\/api.w.org\/{rel}","templated":true}]}}