{"id":45436,"date":"2025-02-13T02:24:20","date_gmt":"2025-02-13T02:24:20","guid":{"rendered":"https:\/\/armstrongyregion.com.ar\/diario\/?p=45436"},"modified":"2025-02-13T02:24:22","modified_gmt":"2025-02-13T02:24:22","slug":"mas-desarrollo-para-las-instituciones-de-armstrong","status":"publish","type":"post","link":"https:\/\/armstrongyregion.com.ar\/diario\/mas-desarrollo-para-las-instituciones-de-armstrong\/","title":{"rendered":"M\u00e1s desarrollo para las Instituciones de Armstrong\u00a0."},"content":{"rendered":"\n<figure class=\"wp-block-image size-large\"><img loading=\"lazy\" decoding=\"async\" width=\"600\" height=\"480\" src=\"http:\/\/armstrongyregion.com.ar\/diario\/wp-content\/uploads\/2025\/02\/tejeda-1--600x480.jpg\" alt=\"\" class=\"wp-image-45437\" srcset=\"https:\/\/armstrongyregion.com.ar\/diario\/wp-content\/uploads\/2025\/02\/tejeda-1--600x480.jpg 600w, https:\/\/armstrongyregion.com.ar\/diario\/wp-content\/uploads\/2025\/02\/tejeda-1--300x240.jpg 300w, https:\/\/armstrongyregion.com.ar\/diario\/wp-content\/uploads\/2025\/02\/tejeda-1--768x614.jpg 768w, https:\/\/armstrongyregion.com.ar\/diario\/wp-content\/uploads\/2025\/02\/tejeda-1-.jpg 800w\" sizes=\"auto, (max-width: 600px) 100vw, 600px\" \/><\/figure>\n\n\n\n<p>La Ministra de Desarrollo Humano, Victoria Tejeda, estuvo presente en la ciudad para una jornada junto al Senador Pablo Verdecchia y el Intendente Guillermo Luzzi. La misma consisti\u00f3 en la visita al Club Barraca, donde fueron recibidos por el Pte. del Club Juan Pablo Marconi y la Comisi\u00f3n Directiva, para la firma de un convenio dentro del Programa Buenas Pr\u00e1cticas, el cual aporta fondos que ser\u00e1n destinados a continuar la obra de construcci\u00f3n del nuevo predio de f\u00fatbol. <\/p>\n\n\n\n<figure class=\"wp-block-image size-large\"><img loading=\"lazy\" decoding=\"async\" width=\"640\" height=\"480\" src=\"http:\/\/armstrongyregion.com.ar\/diario\/wp-content\/uploads\/2025\/02\/tejeda2--640x480.jpg\" alt=\"\" class=\"wp-image-45438\" srcset=\"https:\/\/armstrongyregion.com.ar\/diario\/wp-content\/uploads\/2025\/02\/tejeda2--640x480.jpg 640w, https:\/\/armstrongyregion.com.ar\/diario\/wp-content\/uploads\/2025\/02\/tejeda2--300x225.jpg 300w, https:\/\/armstrongyregion.com.ar\/diario\/wp-content\/uploads\/2025\/02\/tejeda2--768x576.jpg 768w, https:\/\/armstrongyregion.com.ar\/diario\/wp-content\/uploads\/2025\/02\/tejeda2-.jpg 800w\" sizes=\"auto, (max-width: 640px) 100vw, 640px\" \/><\/figure>\n\n\n\n<p>Continuaron con la visita a las obras de ampliaci\u00f3n del espacio municipal \u201cMinimundo\u201d las cuales se est\u00e1n ejecutando a trav\u00e9s de fondos que prove\u00e9 el programa provincial Accionar y fondos municipales, en una inversi\u00f3n conjunta que potencia el espacio local.<\/p>\n\n\n\n<figure class=\"wp-block-image size-large\"><img loading=\"lazy\" decoding=\"async\" width=\"640\" height=\"480\" src=\"http:\/\/armstrongyregion.com.ar\/diario\/wp-content\/uploads\/2025\/02\/tejeda-3--640x480.jpg\" alt=\"\" class=\"wp-image-45439\" srcset=\"https:\/\/armstrongyregion.com.ar\/diario\/wp-content\/uploads\/2025\/02\/tejeda-3--640x480.jpg 640w, https:\/\/armstrongyregion.com.ar\/diario\/wp-content\/uploads\/2025\/02\/tejeda-3--300x225.jpg 300w, https:\/\/armstrongyregion.com.ar\/diario\/wp-content\/uploads\/2025\/02\/tejeda-3--768x576.jpg 768w, https:\/\/armstrongyregion.com.ar\/diario\/wp-content\/uploads\/2025\/02\/tejeda-3-.jpg 800w\" sizes=\"auto, (max-width: 640px) 100vw, 640px\" \/><\/figure>\n\n\n\n<p> Verdecchia destac\u00f3 \u201cEs un orgullo tener a la Ministra quien siempre est\u00e1 al tanto, presente y comprometida con el desarrollo en nuestra ciudad, al igual que todo el Gobierno Provincial. Estas gestiones y esta presencia es una demostraci\u00f3n m\u00e1s de la seriedad con la que gestionamos y trabajamos en la sinton\u00eda Municipio, Senado, Gobierno, para mejorar cada d\u00eda m\u00e1s la vida de nuestros ciudadanos\u201d<\/p>\n\n\n\n<figure class=\"wp-block-image size-large\"><img loading=\"lazy\" decoding=\"async\" width=\"640\" height=\"480\" src=\"http:\/\/armstrongyregion.com.ar\/diario\/wp-content\/uploads\/2025\/02\/tejeda-4--640x480.jpg\" alt=\"\" class=\"wp-image-45440\" srcset=\"https:\/\/armstrongyregion.com.ar\/diario\/wp-content\/uploads\/2025\/02\/tejeda-4--640x480.jpg 640w, https:\/\/armstrongyregion.com.ar\/diario\/wp-content\/uploads\/2025\/02\/tejeda-4--300x225.jpg 300w, https:\/\/armstrongyregion.com.ar\/diario\/wp-content\/uploads\/2025\/02\/tejeda-4--768x576.jpg 768w, https:\/\/armstrongyregion.com.ar\/diario\/wp-content\/uploads\/2025\/02\/tejeda-4-.jpg 800w\" sizes=\"auto, (max-width: 640px) 100vw, 640px\" \/><\/figure>\n\n\n\n<p> Por su parte la Ministra Tejeda remarc\u00f3 \u201cEstamos acompa\u00f1ando en toda la provincia a las Instituciones que trabajan bien y responsablemente. Es una decisi\u00f3n de nuestro Gobierno, estar siempre al lado de quienes hacen las cosas bien\u201d. En cuanto al espacio Minimundo dijo \u201cNos sorprende la cantidad de actividades del espacio, es por eso que acompa\u00f1amos al Municipio en estas ampliaciones para mejorar un lugar tan importante para la localidad\u201d.<\/p>\n","protected":false},"excerpt":{"rendered":"<p>M\u00e1s desarrollo para las Instituciones de Armstrong\u00a0.<\/p>\n","protected":false},"author":1,"featured_media":45437,"comment_status":"open","ping_status":"open","sticky":false,"template":"","format":"image","meta":{"_jetpack_memberships_contains_paid_content":false,"footnotes":"","jetpack_publicize_message":"","jetpack_publicize_feature_enabled":true,"jetpack_social_post_already_shared":true,"jetpack_social_options":{"image_generator_settings":{"template":"highway","default_image_id":0,"enabled":false},"version":2}},"categories":[8,1,2,7,3],"tags":[20,19,1225,5030,8593,23,40,81],"class_list":["post-45436","post","type-post","status-publish","format-image","has-post-thumbnail","hentry","category-deliberando","category-diario-armstrong","category-locales","category-politica","category-region","tag-armstrong","tag-de","tag-desarrollo","tag-diario-armstrong","tag-instituciones-2","tag-las","tag-mas","tag-para","post_format-post-format-image"],"jetpack_publicize_connections":[],"jetpack_featured_media_url":"https:\/\/armstrongyregion.com.ar\/diario\/wp-content\/uploads\/2025\/02\/tejeda-1-.jpg","jetpack_shortlink":"https:\/\/wp.me\/p62QDO-bOQ","jetpack_sharing_enabled":true,"amp_enabled":true,"_links":{"self":[{"href":"https:\/\/armstrongyregion.com.ar\/diario\/wp-json\/wp\/v2\/posts\/45436","targetHints":{"allow":["GET"]}}],"collection":[{"href":"https:\/\/armstrongyregion.com.ar\/diario\/wp-json\/wp\/v2\/posts"}],"about":[{"href":"https:\/\/armstrongyregion.com.ar\/diario\/wp-json\/wp\/v2\/types\/post"}],"author":[{"embeddable":true,"href":"https:\/\/armstrongyregion.com.ar\/diario\/wp-json\/wp\/v2\/users\/1"}],"replies":[{"embeddable":true,"href":"https:\/\/armstrongyregion.com.ar\/diario\/wp-json\/wp\/v2\/comments?post=45436"}],"version-history":[{"count":1,"href":"https:\/\/armstrongyregion.com.ar\/diario\/wp-json\/wp\/v2\/posts\/45436\/revisions"}],"predecessor-version":[{"id":45441,"href":"https:\/\/armstrongyregion.com.ar\/diario\/wp-json\/wp\/v2\/posts\/45436\/revisions\/45441"}],"wp:featuredmedia":[{"embeddable":true,"href":"https:\/\/armstrongyregion.com.ar\/diario\/wp-json\/wp\/v2\/media\/45437"}],"wp:attachment":[{"href":"https:\/\/armstrongyregion.com.ar\/diario\/wp-json\/wp\/v2\/media?parent=45436"}],"wp:term":[{"taxonomy":"category","embeddable":true,"href":"https:\/\/armstrongyregion.com.ar\/diario\/wp-json\/wp\/v2\/categories?post=45436"},{"taxonomy":"post_tag","embeddable":true,"href":"https:\/\/armstrongyregion.com.ar\/diario\/wp-json\/wp\/v2\/tags?post=45436"}],"curies":[{"name":"wp","href":"https:\/\/api.w.org\/{rel}","templated":true}]}}