{"id":45421,"date":"2025-02-12T02:43:57","date_gmt":"2025-02-12T02:43:57","guid":{"rendered":"https:\/\/armstrongyregion.com.ar\/diario\/?p=45421"},"modified":"2025-02-12T03:18:28","modified_gmt":"2025-02-12T03:18:28","slug":"armstrong-historico-un-solo-candidato-a-intendente-en-las-elecciones-2025","status":"publish","type":"post","link":"https:\/\/armstrongyregion.com.ar\/diario\/armstrong-historico-un-solo-candidato-a-intendente-en-las-elecciones-2025\/","title":{"rendered":"Armstrong: Hist\u00f3rico: Un Solo Candidato a Intendente en las Elecciones 2025."},"content":{"rendered":"\n<figure class=\"wp-block-image size-full\"><img loading=\"lazy\" decoding=\"async\" width=\"640\" height=\"447\" src=\"http:\/\/armstrongyregion.com.ar\/diario\/wp-content\/uploads\/2025\/02\/Guillermo-Luzzi-Deliberando.jpg\" alt=\"\" class=\"wp-image-45422\" srcset=\"https:\/\/armstrongyregion.com.ar\/diario\/wp-content\/uploads\/2025\/02\/Guillermo-Luzzi-Deliberando.jpg 640w, https:\/\/armstrongyregion.com.ar\/diario\/wp-content\/uploads\/2025\/02\/Guillermo-Luzzi-Deliberando-300x210.jpg 300w\" sizes=\"auto, (max-width: 640px) 100vw, 640px\" \/><\/figure>\n\n\n\n<p><strong>La localidad de Armstrong se prepara para unas elecciones 2025 at\u00edpicas. Por primera vez en su historia, la contienda por la intendencia se presenta con un \u00fanico candidato: el actual intendente Guillermo Pablo Luzzi, representando a \u00abUnidos para Cambiar Santa Fe\u00bb. <\/strong><\/p>\n\n\n\n<p>El Ing. Luzzi, quien complet\u00f3 el mandato del ex intendente Dr. Pablo Verdecchia, busca ahora un nuevo mandato al frente de la municipalidad. Su candidatura marca un hito en la historia pol\u00edtica de Armstrong, ya que ninguna fuerza de oposici\u00f3n ha presentado una alternativa para estas elecciones. <\/p>\n\n\n\n<p>Por otro lado vale destacar que por primera vez el peronismo no lleva un candidato a intendente.<\/p>\n\n\n\n<p>Esta situaci\u00f3n in\u00e9dita genera un escenario pol\u00edtico singular, donde la comunidad de Armstrong tendr\u00e1 la oportunidad de ratificar o no la gesti\u00f3n del actual intendente. La ausencia de otros candidatos abre un debate sobre la participaci\u00f3n pol\u00edtica y la representaci\u00f3n de diversas perspectivas en la toma de decisiones locales. La campa\u00f1a electoral se centrar\u00e1, por lo tanto, en la evaluaci\u00f3n de la gesti\u00f3n del Ingeniero Guillermo Luzzi y en su propuesta de gobierno para los pr\u00f3ximos 4 a\u00f1os. Ser\u00e1 interesante observar c\u00f3mo se desarrollar\u00e1 la campa\u00f1a en este contexto \u00fanico y c\u00f3mo la comunidad de Armstrong se involucrar\u00e1 en el proceso electoral. <\/p>\n","protected":false},"excerpt":{"rendered":"<p>Armstrong: Hist\u00f3rico: Un Solo Candidato a Intendente en las Elecciones 2025.<\/p>\n","protected":false},"author":1,"featured_media":45422,"comment_status":"open","ping_status":"open","sticky":false,"template":"","format":"image","meta":{"_jetpack_memberships_contains_paid_content":false,"footnotes":"","jetpack_publicize_message":"","jetpack_publicize_feature_enabled":true,"jetpack_social_post_already_shared":true,"jetpack_social_options":{"image_generator_settings":{"template":"highway","default_image_id":0,"enabled":false},"version":2}},"categories":[8,1,2,7,3],"tags":[33,20,600,5030,11457,10050,2134,8503,8777],"class_list":["post-45421","post","type-post","status-publish","format-image","has-post-thumbnail","hentry","category-deliberando","category-diario-armstrong","category-locales","category-politica","category-region","tag-a","tag-armstrong","tag-candidato","tag-diario-armstrong","tag-elecciones-2025","tag-guillermo-luzzi","tag-historico","tag-intendente-2","tag-lic-graciela-de-la-casa","post_format-post-format-image"],"jetpack_publicize_connections":[],"jetpack_featured_media_url":"https:\/\/armstrongyregion.com.ar\/diario\/wp-content\/uploads\/2025\/02\/Guillermo-Luzzi-Deliberando.jpg","jetpack_shortlink":"https:\/\/wp.me\/p62QDO-bOB","jetpack_sharing_enabled":true,"amp_enabled":true,"_links":{"self":[{"href":"https:\/\/armstrongyregion.com.ar\/diario\/wp-json\/wp\/v2\/posts\/45421","targetHints":{"allow":["GET"]}}],"collection":[{"href":"https:\/\/armstrongyregion.com.ar\/diario\/wp-json\/wp\/v2\/posts"}],"about":[{"href":"https:\/\/armstrongyregion.com.ar\/diario\/wp-json\/wp\/v2\/types\/post"}],"author":[{"embeddable":true,"href":"https:\/\/armstrongyregion.com.ar\/diario\/wp-json\/wp\/v2\/users\/1"}],"replies":[{"embeddable":true,"href":"https:\/\/armstrongyregion.com.ar\/diario\/wp-json\/wp\/v2\/comments?post=45421"}],"version-history":[{"count":1,"href":"https:\/\/armstrongyregion.com.ar\/diario\/wp-json\/wp\/v2\/posts\/45421\/revisions"}],"predecessor-version":[{"id":45423,"href":"https:\/\/armstrongyregion.com.ar\/diario\/wp-json\/wp\/v2\/posts\/45421\/revisions\/45423"}],"wp:featuredmedia":[{"embeddable":true,"href":"https:\/\/armstrongyregion.com.ar\/diario\/wp-json\/wp\/v2\/media\/45422"}],"wp:attachment":[{"href":"https:\/\/armstrongyregion.com.ar\/diario\/wp-json\/wp\/v2\/media?parent=45421"}],"wp:term":[{"taxonomy":"category","embeddable":true,"href":"https:\/\/armstrongyregion.com.ar\/diario\/wp-json\/wp\/v2\/categories?post=45421"},{"taxonomy":"post_tag","embeddable":true,"href":"https:\/\/armstrongyregion.com.ar\/diario\/wp-json\/wp\/v2\/tags?post=45421"}],"curies":[{"name":"wp","href":"https:\/\/api.w.org\/{rel}","templated":true}]}}