{"id":45405,"date":"2025-02-12T01:18:47","date_gmt":"2025-02-12T01:18:47","guid":{"rendered":"https:\/\/armstrongyregion.com.ar\/diario\/?p=45405"},"modified":"2025-02-12T01:18:49","modified_gmt":"2025-02-12T01:18:49","slug":"operativo-verano-provincia-presento-la-fiesta-las-tres-lunas-de-canada-de-gomez","status":"publish","type":"post","link":"https:\/\/armstrongyregion.com.ar\/diario\/operativo-verano-provincia-presento-la-fiesta-las-tres-lunas-de-canada-de-gomez\/","title":{"rendered":"Operativo Verano: Provincia present\u00f3 la Fiesta Las Tres Lunas de Ca\u00f1ada de G\u00f3mez."},"content":{"rendered":"\n<figure class=\"wp-block-image size-full\"><img loading=\"lazy\" decoding=\"async\" width=\"551\" height=\"388\" src=\"http:\/\/armstrongyregion.com.ar\/diario\/wp-content\/uploads\/2025\/02\/tres-lunas-25.jpg\" alt=\"\" class=\"wp-image-45406\" srcset=\"https:\/\/armstrongyregion.com.ar\/diario\/wp-content\/uploads\/2025\/02\/tres-lunas-25.jpg 551w, https:\/\/armstrongyregion.com.ar\/diario\/wp-content\/uploads\/2025\/02\/tres-lunas-25-300x211.jpg 300w\" sizes=\"auto, (max-width: 551px) 100vw, 551px\" \/><\/figure>\n\n\n\n<h2 class=\"wp-block-heading\">Se desarrollar\u00e1 del 13 al 16 de febrero. Adem\u00e1s, se detall\u00f3 que m\u00e1s de 800 mil personas visitaron Santa Fe y sus fiestas populares, durante el mes de enero, seg\u00fan lo relevado por el Observatorio de Turismo.<\/h2>\n\n\n\n<p>En el marco del Operativo Verano, el gobierno provincial present\u00f3 este lunes, en la ciudad de Rosario, la Fiesta de Las Tres Lunas de Ca\u00f1ada de G\u00f3mez, que se desarrollar\u00e1 del 13 al 16 de febrero en dicha ciudad. En el acto, se detall\u00f3 que, en lo que va del a\u00f1o, m\u00e1s de 800 mil personas visitaron la provincia de Santa Fe y sus fiestas populares.<\/p>\n\n\n\n<p>En la oportunidad, la directora provincial de Turismo Regi\u00f3n Sur, Claudia Rosenthal, indic\u00f3 que \u201cesta es una de las tantas presentaciones, que el gobierno provincial realiza para acompa\u00f1ar las fiestas provinciales, porque marcan el ADN santafesino. Tenemos m\u00e1s de 360 fiestas durante todo el a\u00f1o\u201d; y destac\u00f3 que Las Tres Lunas es \u201cuna de las m\u00e1s importantes de la regi\u00f3n sur, y hoy estamos presentes aqu\u00ed para promocionarla, porque tiene impacto a nivel econ\u00f3mico\u201d.<\/p>\n\n\n\n<p>El objetivo es \u201cpromocionar el turismo de cercan\u00eda, como nos pidi\u00f3 el gobernador Pullaro, por lo que esta fiesta integra la grilla del Operativo Verano\u201d, precis\u00f3.<\/p>\n\n\n\n<p>Por \u00faltimo, Rosenthal&nbsp; detall\u00f3 que \u201ca trav\u00e9s del Observatorio Tur\u00edstico, el a\u00f1o pasado medimos el impacto econ\u00f3mico de estas fiestas y tuvimos alrededor de 275 mil personas que circularon por la provincia; y este a\u00f1o, en este per\u00edodo breve, tenemos m\u00e1s de 800 mil\u201d.<\/p>\n\n\n\n<figure class=\"wp-block-image\"><img decoding=\"async\" src=\"https:\/\/ci3.googleusercontent.com\/meips\/ADKq_NaOlfCh9TSd9GtLdr8nNAW97jOPA6dVzcd4wlQdXD0goIYGASzG8GvkEcpwxMGx0yX_v0CG_PskYBc49PAXv_qyapBwnd8JM7MW69ZBL80ohpPodETB9dsWgw5f2RAc2n4TSm2L2tJzn35aDAc=s0-d-e1-ft#https:\/\/www.santafe.gov.ar\/noticias\/recursos\/fotos\/2025\/02\/2025-02-11NID_282265O_2.jpeg\" alt=\"\"\/><\/figure>\n\n\n\n<p><strong>ADN santafesino<\/strong><\/p>\n\n\n\n<p>A su turno, el intendente de Ca\u00f1ada de G\u00f3mez, Mat\u00edas Chale,&nbsp; agradeci\u00f3 \u201cal gobierno de la provincia de Santa Fe por darnos las posibilidad de presentar 36\u00b0 edici\u00f3n de Las Tres Lunas\u201d; y se\u00f1al\u00f3 que \u201csomos una ciudad receptiva de eventos culturales y deportivos, y estamos fomentando esta grilla para que Ca\u00f1ada de G\u00f3mez puede mostrar todo lo que tenemos para brindar\u201d.<\/p>\n\n\n\n<p>En tanto, el senador por el departamento Iriondo, Jos\u00e9 Rasetto, indic\u00f3 la importancia del evento y agradeci\u00f3 \u201ca la provincia por ayudarnos a seguir creciendo desde el interior\u201d.<\/p>\n\n\n\n<p>La presentaci\u00f3n en Rosario es una iniciativa del Gobierno de Santa Fe en el marco del Operativo Verano, para promocionar las celebraciones regionales y el turismo de cercan\u00eda.<\/p>\n\n\n\n<p><strong>Las Tres Lunas<\/strong><\/p>\n\n\n\n<p>La Fiesta Las Tres Lunas es un importante festival folcl\u00f3rico que, en su edici\u00f3n 2025, incluir\u00e1 una variedad de espect\u00e1culos musicales con figuras de renombre como Juan Carlos Baglietto, Lito Vitale y Coki Debernardi, entre otros. Se llevar\u00e1 a cabo del 13 al 16 de febrero.<\/p>\n\n\n\n<figure class=\"wp-block-image\"><img decoding=\"async\" src=\"https:\/\/ci3.googleusercontent.com\/meips\/ADKq_Nam9x6ObmrG19AkSyOpYv48T5dv-ODyPvUshi0Zz1IvJjGF4_aTVEguEDmHG5q8f_6uOIudmKXbGDDpHbqBoPtAUKHF5exGh8lpWU1QF9e-wCv0atYtdFEEDA4t_uNrFcKVY8jiAHZW3JtuPNk=s0-d-e1-ft#https:\/\/www.santafe.gov.ar\/noticias\/recursos\/fotos\/2025\/02\/2025-02-11NID_282265O_3.jpeg\" alt=\"\"\/><\/figure>\n\n\n\n<p><strong>Operativo Verano<\/strong><br>Es un dispositivo interministerial dise\u00f1ado por los ministerios de Justicia y Seguridad, de Salud, de Cultura, y la Secretar\u00eda de Turismo; cuyo objetivo es que las personas se sientan seguras, protegidas y cuidadas, para disfrutar todo lo que tiene la provincia de Santa Fe para ofrecer.<\/p>\n","protected":false},"excerpt":{"rendered":"<p>Operativo Verano: Provincia present\u00f3 la Fiesta Las Tres Lunas de Ca\u00f1ada de G\u00f3mez.<\/p>\n","protected":false},"author":1,"featured_media":45406,"comment_status":"open","ping_status":"open","sticky":false,"template":"","format":"image","meta":{"_jetpack_memberships_contains_paid_content":false,"footnotes":"","jetpack_publicize_message":"","jetpack_publicize_feature_enabled":true,"jetpack_social_post_already_shared":true,"jetpack_social_options":{"image_generator_settings":{"template":"highway","default_image_id":0,"enabled":false},"version":2}},"categories":[8,1,2,7,3],"tags":[420,5030,620,31,11450,11267,25,8640],"class_list":["post-45405","post","type-post","status-publish","format-image","has-post-thumbnail","hentry","category-deliberando","category-diario-armstrong","category-locales","category-politica","category-region","tag-canada-de-gomez","tag-diario-armstrong","tag-fiesta","tag-la","tag-las-tres-lunas","tag-operativo-verano","tag-presento","tag-provincia-2","post_format-post-format-image"],"jetpack_publicize_connections":[],"jetpack_featured_media_url":"https:\/\/armstrongyregion.com.ar\/diario\/wp-content\/uploads\/2025\/02\/tres-lunas-25.jpg","jetpack_shortlink":"https:\/\/wp.me\/p62QDO-bOl","jetpack_sharing_enabled":true,"amp_enabled":true,"_links":{"self":[{"href":"https:\/\/armstrongyregion.com.ar\/diario\/wp-json\/wp\/v2\/posts\/45405","targetHints":{"allow":["GET"]}}],"collection":[{"href":"https:\/\/armstrongyregion.com.ar\/diario\/wp-json\/wp\/v2\/posts"}],"about":[{"href":"https:\/\/armstrongyregion.com.ar\/diario\/wp-json\/wp\/v2\/types\/post"}],"author":[{"embeddable":true,"href":"https:\/\/armstrongyregion.com.ar\/diario\/wp-json\/wp\/v2\/users\/1"}],"replies":[{"embeddable":true,"href":"https:\/\/armstrongyregion.com.ar\/diario\/wp-json\/wp\/v2\/comments?post=45405"}],"version-history":[{"count":1,"href":"https:\/\/armstrongyregion.com.ar\/diario\/wp-json\/wp\/v2\/posts\/45405\/revisions"}],"predecessor-version":[{"id":45407,"href":"https:\/\/armstrongyregion.com.ar\/diario\/wp-json\/wp\/v2\/posts\/45405\/revisions\/45407"}],"wp:featuredmedia":[{"embeddable":true,"href":"https:\/\/armstrongyregion.com.ar\/diario\/wp-json\/wp\/v2\/media\/45406"}],"wp:attachment":[{"href":"https:\/\/armstrongyregion.com.ar\/diario\/wp-json\/wp\/v2\/media?parent=45405"}],"wp:term":[{"taxonomy":"category","embeddable":true,"href":"https:\/\/armstrongyregion.com.ar\/diario\/wp-json\/wp\/v2\/categories?post=45405"},{"taxonomy":"post_tag","embeddable":true,"href":"https:\/\/armstrongyregion.com.ar\/diario\/wp-json\/wp\/v2\/tags?post=45405"}],"curies":[{"name":"wp","href":"https:\/\/api.w.org\/{rel}","templated":true}]}}