{"id":45403,"date":"2025-02-10T23:27:24","date_gmt":"2025-02-10T23:27:24","guid":{"rendered":"https:\/\/armstrongyregion.com.ar\/diario\/?p=45403"},"modified":"2025-02-10T23:27:26","modified_gmt":"2025-02-10T23:27:26","slug":"la-epe-registro-un-record-historico-de-demanda-en-la-provincia","status":"publish","type":"post","link":"https:\/\/armstrongyregion.com.ar\/diario\/la-epe-registro-un-record-historico-de-demanda-en-la-provincia\/","title":{"rendered":"La EPE registr\u00f3 un r\u00e9cord hist\u00f3rico de demanda en la provincia."},"content":{"rendered":"\n<figure class=\"wp-block-image size-full\"><img loading=\"lazy\" decoding=\"async\" width=\"254\" height=\"191\" src=\"http:\/\/armstrongyregion.com.ar\/diario\/wp-content\/uploads\/2022\/12\/aire-acondicionado-123-.jpg\" alt=\"\" class=\"wp-image-36789\"\/><\/figure>\n\n\n\n<p>El pico fue a las 14.50 de este lunes, con una demanda de 2.740,95 MW. El m\u00e1ximo anterior hab\u00eda sido en marzo de 2023.<\/p>\n\n\n\n<p>La Empresa Provincial de la Energ\u00eda (EPE) registr\u00f3 un nuevo r\u00e9cord de demanda de potencia en el sistema el\u00e9ctrico santafesino para su medici\u00f3n hist\u00f3rica, al alcanzar los 2.740,95 megavatios a las 14.50 de este lunes. Super\u00f3 as\u00ed los 2.707 MW del 13 de marzo del 2023.<\/p>\n\n\n\n<p>En el marco de la ola de calor que se registra en gran parte del pa\u00eds y que dispara un gran consumo de electricidad, las instalaciones se ven sometidas a un mayor requerimiento t\u00e9cnico.<\/p>\n\n\n\n<p>Tambi\u00e9n se inform\u00f3 que se contin\u00faa trabajando en la ciudad de Rosario para finalizar de reponer el servicio en baja tensi\u00f3n, consecuencia del temporal que azot\u00f3 la ciudad y zonas aleda\u00f1as a principios de la semana anterior.<\/p>\n\n\n\n<p><strong>Consejos para bajar el consumo<\/strong><\/p>\n\n\n\n<p>Desde la EPE se recordaron adem\u00e1s los consejos para bajar el consumo de energ\u00eda:<br><br>* Usar los equipos de aire acondicionado a no menos de 24\u00b0. Cada grado por debajo de esa marca, produce un consumo mayor de electricidad, de entre 5 y 10 %.<br><br>* Limpiar peri\u00f3dicamente los filtros de los equipos acondicionadores de aire y vigilar el mantenimiento del mismo.<br><br>* Mantener cerradas las aberturas de los ambientes con aire acondicionado y evitar fugas que derivan en un derroche de energ\u00eda y, por lo tanto, de consumo.<\/p>\n\n\n\n<p>* Utilizar l\u00e1mparas de bajo consumo.<\/p>\n\n\n\n<p>* Reducir consumos ociosos de electricidad (luces y electrodom\u00e9sticos encendidos a solas, sin que ning\u00fan miembro del hogar lo est\u00e9 utilizando, vidrieras durante el d\u00eda o fuera del horario comercial, burletes de heladeras defectuosos, etc.)<br><br>* No dejar los artefactos del hogar en stand by (estado suspendido) porque as\u00ed tambi\u00e9n consumen electricidad innecesariamente.<\/p>\n\n\n\n<p>* Tener en cuenta el etiquetado de eficiencia energ\u00e9tica de aires acondicionados, heladeras y lavarropas al momento de adquirirlos. Las m\u00e1s eficientes son de clase A. A mejor clase, menor consumo.<\/p>\n","protected":false},"excerpt":{"rendered":"<p>La EPE registr\u00f3 un r\u00e9cord hist\u00f3rico de demanda en la provincia.<\/p>\n","protected":false},"author":1,"featured_media":36789,"comment_status":"open","ping_status":"open","sticky":false,"template":"","format":"image","meta":{"_jetpack_memberships_contains_paid_content":false,"footnotes":"","jetpack_publicize_message":"","jetpack_publicize_feature_enabled":true,"jetpack_social_post_already_shared":true,"jetpack_social_options":{"image_generator_settings":{"template":"highway","default_image_id":0,"enabled":false},"version":2}},"categories":[8,1,2,7,3],"tags":[6666,10721,9756,11449],"class_list":["post-45403","post","type-post","status-publish","format-image","has-post-thumbnail","hentry","category-deliberando","category-diario-armstrong","category-locales","category-politica","category-region","tag-demanda","tag-diario-armstrong-region","tag-epe-2","tag-record-historico","post_format-post-format-image"],"jetpack_publicize_connections":[],"jetpack_featured_media_url":"https:\/\/armstrongyregion.com.ar\/diario\/wp-content\/uploads\/2022\/12\/aire-acondicionado-123-.jpg","jetpack_shortlink":"https:\/\/wp.me\/p62QDO-bOj","jetpack_sharing_enabled":true,"amp_enabled":true,"_links":{"self":[{"href":"https:\/\/armstrongyregion.com.ar\/diario\/wp-json\/wp\/v2\/posts\/45403","targetHints":{"allow":["GET"]}}],"collection":[{"href":"https:\/\/armstrongyregion.com.ar\/diario\/wp-json\/wp\/v2\/posts"}],"about":[{"href":"https:\/\/armstrongyregion.com.ar\/diario\/wp-json\/wp\/v2\/types\/post"}],"author":[{"embeddable":true,"href":"https:\/\/armstrongyregion.com.ar\/diario\/wp-json\/wp\/v2\/users\/1"}],"replies":[{"embeddable":true,"href":"https:\/\/armstrongyregion.com.ar\/diario\/wp-json\/wp\/v2\/comments?post=45403"}],"version-history":[{"count":1,"href":"https:\/\/armstrongyregion.com.ar\/diario\/wp-json\/wp\/v2\/posts\/45403\/revisions"}],"predecessor-version":[{"id":45404,"href":"https:\/\/armstrongyregion.com.ar\/diario\/wp-json\/wp\/v2\/posts\/45403\/revisions\/45404"}],"wp:featuredmedia":[{"embeddable":true,"href":"https:\/\/armstrongyregion.com.ar\/diario\/wp-json\/wp\/v2\/media\/36789"}],"wp:attachment":[{"href":"https:\/\/armstrongyregion.com.ar\/diario\/wp-json\/wp\/v2\/media?parent=45403"}],"wp:term":[{"taxonomy":"category","embeddable":true,"href":"https:\/\/armstrongyregion.com.ar\/diario\/wp-json\/wp\/v2\/categories?post=45403"},{"taxonomy":"post_tag","embeddable":true,"href":"https:\/\/armstrongyregion.com.ar\/diario\/wp-json\/wp\/v2\/tags?post=45403"}],"curies":[{"name":"wp","href":"https:\/\/api.w.org\/{rel}","templated":true}]}}