{"id":45393,"date":"2025-02-09T13:23:10","date_gmt":"2025-02-09T13:23:10","guid":{"rendered":"https:\/\/armstrongyregion.com.ar\/diario\/?p=45393"},"modified":"2025-02-09T13:28:09","modified_gmt":"2025-02-09T13:28:09","slug":"run-run-elecciones-santafesinas-en-abril-rumores-confirmaciones-y-mas","status":"publish","type":"post","link":"https:\/\/armstrongyregion.com.ar\/diario\/run-run-elecciones-santafesinas-en-abril-rumores-confirmaciones-y-mas\/","title":{"rendered":"Run run: elecciones santafesinas en abril. Rumores, confirmaciones y m\u00e1s."},"content":{"rendered":"\n<figure class=\"wp-block-image size-large\"><img loading=\"lazy\" decoding=\"async\" width=\"640\" height=\"459\" src=\"http:\/\/armstrongyregion.com.ar\/diario\/wp-content\/uploads\/2025\/02\/CONSTITUCION-PCIA-SANTA-FE--640x459.jpg\" alt=\"\" class=\"wp-image-45394\" srcset=\"https:\/\/armstrongyregion.com.ar\/diario\/wp-content\/uploads\/2025\/02\/CONSTITUCION-PCIA-SANTA-FE--640x459.jpg 640w, https:\/\/armstrongyregion.com.ar\/diario\/wp-content\/uploads\/2025\/02\/CONSTITUCION-PCIA-SANTA-FE--300x215.jpg 300w, https:\/\/armstrongyregion.com.ar\/diario\/wp-content\/uploads\/2025\/02\/CONSTITUCION-PCIA-SANTA-FE-.jpg 645w\" sizes=\"auto, (max-width: 640px) 100vw, 640px\" \/><\/figure>\n\n\n\n<h2 class=\"wp-block-heading\">El 13 de abril, Santa Fe elige convencionales constituyentes y representantes locales. Cierre de listas con sorpresas y disputas internas.<\/h2>\n\n\n\n<h3 class=\"wp-block-heading\">Elecciones en Santa Fe: Definiciones clave y escenarios locales<\/h3>\n\n\n\n<p>Gran parte de la ciudadan\u00eda seguramente lo desconoce, pero el pr\u00f3ximo 13 de abril, los santafesinos ir\u00e1n a las urnas para elegir convencionales constituyentes, concejales y presidentes comunales e intendentes.<\/p>\n\n\n\n<p>El cierre de listas se realiz\u00f3 el pasado viernes a nivel partidario, mientras que el Tribunal Electoral recibir\u00e1 las \u00faltimas presentaciones hasta el lunes. La contienda presenta novedades significativas, con internas en algunas localidades y cambios pol\u00edticos inesperados.<\/p>\n\n\n\n<h3 class=\"wp-block-heading\">Convencionales Constituyentes: Reforma de la Constituci\u00f3n en marcha<\/h3>\n\n\n\n<p>Uno de los puntos m\u00e1s relevantes de esta elecci\u00f3n es la selecci\u00f3n de 69 convencionales constituyentes, quienes tendr\u00e1n la tarea de reformar la Constituci\u00f3n de la provincia. Los candidatos se presentan a trav\u00e9s de listas \u00fanicas por partido -50 convencionales-, adem\u00e1s de un convencional por departamento (19).<\/p>\n\n\n\n<p><strong>En el Departamento Belgrano,\u00a0<\/strong>ser\u00edan 3 los postulantes. Pablo Verdecchia, actual senador provincial, con Sandra Clerici como suplente; y Marcos Di Santo, de Las Rosas. <\/p>\n\n\n\n<p>Sin embargo, medios de prensa provinciales anuncian la postulaci\u00f3n del intendente de Las Rosas, Javier Meyer, algo que no pudo ser confirmado. Habr\u00e1 que esperar hasta el lunes entonces para tener el panorama completo. <\/p>\n\n\n\n<p>Y tambi\u00e9n corre el rumor que el ex senador provincial Alberto Crossetti ir\u00eda por \u00abActivemos\u00bb, una alianza entre el diputado Marcelo Lewandowski y el socialista Rub\u00e9n Giustiniani.<\/p>\n\n\n\n<p><\/p>\n\n\n\n<h3 class=\"wp-block-heading\">Escenario pol\u00edtico en Las Rosas: Sin internas y con tres listas en competencia<\/h3>\n\n\n\n<p>En la ciudad de Las Rosas, el panorama electoral est\u00e1 definido&nbsp;<strong>sin internas partidarias.<\/strong>&nbsp;Se han presentado tres listas para las elecciones locales a concejal:<\/p>\n\n\n\n<p>&#8211; Unidad Rosense, alineada con la gesti\u00f3n del intendente Javier Meyer, y conformada por Pedro Mendoza, Daiana Ram\u00edrez y Martin C\u00e9sar.<br>&#8211; Lista justicialista, inicialmente presentada como \u00abLas Rosas Siempre\u00bb, que encabezar\u00e1 Gustavo Sabatino, acompa\u00f1ado por Daiana Zabala e Ignacio Scalarandi.<br>&#8211; Frente Unidos, liderado por Juan Franco Pietracupa, vinculado al gobernador Maximiliano Pullaro. Completan la lista como titulares Florencia Laola y Nicol\u00e1s Soriano.<\/p>\n\n\n\n<h3 class=\"wp-block-heading\">Las Parejas: Cinco listas competir\u00e1n por las tres bancas en el Concejo<\/h3>\n\n\n\n<p>El cierre de inscripci\u00f3n en Las Parejas confirm\u00f3 la presencia de cinco listas que buscar\u00e1n ocupar tres bancas en el Concejo Deliberante. La competencia incluye internas en algunos espacios, lo que promete una elecci\u00f3n re\u00f1ida.<\/p>\n\n\n\n<p><strong>Oficialismo unificado<\/strong><br>*&nbsp;El&nbsp;Partido Justicialista&nbsp;(PJ)&nbsp;buscar\u00e1 retener sus bancas sin internas. Su lista est\u00e1 encabezada por la actual concejal Erika Molteni, quien busca renovar su mandato, acompa\u00f1ada por Fernando Petrini, referente de la l\u00ednea interna Justicia y Valores.<\/p>\n\n\n\n<p>*\u00a0Internas en Unidos.\u00a0El espacio Unidos, que responde al gobernador Maximiliano Pullaro, presentar\u00e1 dos listas en competencia:\u00a0<br>&#8211;<strong>Uni\u00f3n Vecinal Las Parejas, encabezada por el concejal Dami\u00e1n Astegiano,\u00a0 la socialista Mar\u00eda Eugenia Leguizam\u00f3n, y Claudio Prarizzi.<br>-Hacemos Las Parejas, liderada por Ezequiel de Benedetti, y respaldada por la actual Subsecretaria de la Regi\u00f3n Centro, Claudia Giaccone. Completan los titulares Susana Rossini y Hern\u00e1n Ponte.<\/strong><br><br>*\u00a0Divisi\u00f3n en el sector libertario. Los espacios alineados con el liberalismo competir\u00e1n de manera separada:<br>&#8211; La Libertad Avanza, vinculada al presidente Javier Milei, presentar\u00e1 una lista con Leandro Borthiry, D\u00e9bora Maza y Daniel Chocobares<br>&#8211; Partido Libertario, parte de la alianza \u00abSomos Vida y Libertad\u00bb, contar\u00e1 con el respaldo de Amalia Granata. Sus candidatos titulares ser\u00edan David Baldo, Claudia Ferrari y Maximiliano Lovotti.<\/p>\n\n\n\n<h3 class=\"wp-block-heading\">En Armstrong solo una lista para Intendente<\/h3>\n\n\n\n<p><strong>Armstrong:<\/strong> Guillermo Luzzi, el actual intendente, que fue electo oportunamente para completar el mandato de Verdecchia, buscar\u00e1 la reelecci\u00f3n, <strong>que ya tiene asegurada<\/strong>, porque hasta el momento no se presenta ning\u00fan competidor.\u00a0<\/p>\n\n\n\n<p><strong>Para concejales la situaci\u00f3n ser\u00e1 m\u00e1s compleja, ya que se han inscripto seis listas y se renuevan 3 bancas. La \u00fanica que ya confirm\u00f3 sus 6 integrantes a este medio fue el oficialismo. <\/strong>Si bien no habr\u00e1 internas, la lista oficialista ya se destaca por su fuerza y novedad.<\/p>\n\n\n\n<p> Integrada por seis figuras, <strong>cinco de ellas debutan en la pol\u00edtica, representando a diversas instituciones, destacando  juventud y s\u00f3lida reputaci\u00f3n profesional. Esta renovaci\u00f3n en la escena pol\u00edtica local, con referentes de la comunidad, augura una campa\u00f1a atractiva a favor del oficialismo.<\/strong><\/p>\n\n\n\n<h3 class=\"wp-block-heading\"><br>Cambios en otras localidades del Departamento Belgrano<\/h3>\n\n\n\n<p>Tortugas:&nbsp;Humberto Viozzi no buscar\u00e1 la reelecci\u00f3n y el Partido Justicialista, que gobernaba desde 1983, no present\u00f3 lista. En su lugar, surgi\u00f3 una&nbsp;agrupaci\u00f3n vecinal multipartidaria.<\/p>\n\n\n\n<p><br>Bouquet:\u00a0Se confirma la candidatura del ex Presidente Comunal, Sabena, alineado con el senador Verdecchia.<br><br>Montes de Oca: A\u00fan no hay informaci\u00f3n confirmada sobre candidatos que se enfrenten al proyecto del actual Pte Comunal Emanuel Sagripanti.<\/p>\n\n\n\n<h3 class=\"wp-block-heading\">Un proceso electoral clave para el futuro de Santa Fe<\/h3>\n\n\n\n<p>Las elecciones del 13 de abril presentan un panorama variado, con figuras consolidadas, nuevas alianzas y cambios inesperados en varias localidades. Con la reforma constitucional en juego y la definici\u00f3n de nuevas representaciones locales, los ciudadanos tienen por delante una jornada clave para el futuro pol\u00edtico de la provincia.<\/p>\n\n\n\n<p>Fuente: Las Rosa Digital. Edici\u00f3n Diario Armstrong y Region.<\/p>\n","protected":false},"excerpt":{"rendered":"<p>Run run: elecciones santafesinas en abril. Rumores, confirmaciones y m\u00e1s.<\/p>\n","protected":false},"author":1,"featured_media":45395,"comment_status":"open","ping_status":"open","sticky":false,"template":"","format":"image","meta":{"_jetpack_memberships_contains_paid_content":false,"footnotes":"","jetpack_publicize_message":"","jetpack_publicize_feature_enabled":true,"jetpack_social_post_already_shared":true,"jetpack_social_options":{"image_generator_settings":{"template":"highway","default_image_id":0,"enabled":false},"version":2}},"categories":[6,8,1,2,7,3],"tags":[1314,11445,11446,9924,11443,11444],"class_list":["post-45393","post","type-post","status-publish","format-image","has-post-thumbnail","hentry","category-cultura-entretenimiento","category-deliberando","category-diario-armstrong","category-locales","category-politica","category-region","tag-abril","tag-confirmaciones","tag-convencionales-constituyentes","tag-diario-armstrong-y-region-2","tag-elecciones-santafesinas","tag-rumores","post_format-post-format-image"],"jetpack_publicize_connections":[],"jetpack_featured_media_url":"https:\/\/armstrongyregion.com.ar\/diario\/wp-content\/uploads\/2025\/02\/CONSTITUCION-PCIA-SANTA-FE-1-1.jpg","jetpack_shortlink":"https:\/\/wp.me\/p62QDO-bO9","jetpack_sharing_enabled":true,"amp_enabled":true,"_links":{"self":[{"href":"https:\/\/armstrongyregion.com.ar\/diario\/wp-json\/wp\/v2\/posts\/45393","targetHints":{"allow":["GET"]}}],"collection":[{"href":"https:\/\/armstrongyregion.com.ar\/diario\/wp-json\/wp\/v2\/posts"}],"about":[{"href":"https:\/\/armstrongyregion.com.ar\/diario\/wp-json\/wp\/v2\/types\/post"}],"author":[{"embeddable":true,"href":"https:\/\/armstrongyregion.com.ar\/diario\/wp-json\/wp\/v2\/users\/1"}],"replies":[{"embeddable":true,"href":"https:\/\/armstrongyregion.com.ar\/diario\/wp-json\/wp\/v2\/comments?post=45393"}],"version-history":[{"count":2,"href":"https:\/\/armstrongyregion.com.ar\/diario\/wp-json\/wp\/v2\/posts\/45393\/revisions"}],"predecessor-version":[{"id":45397,"href":"https:\/\/armstrongyregion.com.ar\/diario\/wp-json\/wp\/v2\/posts\/45393\/revisions\/45397"}],"wp:featuredmedia":[{"embeddable":true,"href":"https:\/\/armstrongyregion.com.ar\/diario\/wp-json\/wp\/v2\/media\/45395"}],"wp:attachment":[{"href":"https:\/\/armstrongyregion.com.ar\/diario\/wp-json\/wp\/v2\/media?parent=45393"}],"wp:term":[{"taxonomy":"category","embeddable":true,"href":"https:\/\/armstrongyregion.com.ar\/diario\/wp-json\/wp\/v2\/categories?post=45393"},{"taxonomy":"post_tag","embeddable":true,"href":"https:\/\/armstrongyregion.com.ar\/diario\/wp-json\/wp\/v2\/tags?post=45393"}],"curies":[{"name":"wp","href":"https:\/\/api.w.org\/{rel}","templated":true}]}}