{"id":45388,"date":"2025-02-07T22:27:01","date_gmt":"2025-02-07T22:27:01","guid":{"rendered":"https:\/\/armstrongyregion.com.ar\/diario\/?p=45388"},"modified":"2025-02-07T22:27:03","modified_gmt":"2025-02-07T22:27:03","slug":"el-aeropuerto-de-rosario-tuvo-un-33-de-crecimiento-en-transporte-de-carga-y-35-en-pasajeros","status":"publish","type":"post","link":"https:\/\/armstrongyregion.com.ar\/diario\/el-aeropuerto-de-rosario-tuvo-un-33-de-crecimiento-en-transporte-de-carga-y-35-en-pasajeros\/","title":{"rendered":"El Aeropuerto de Rosario tuvo un 33 % de crecimiento en transporte de carga y 35 % en pasajeros."},"content":{"rendered":"\n<figure class=\"wp-block-image size-full\"><img loading=\"lazy\" decoding=\"async\" width=\"570\" height=\"320\" src=\"http:\/\/armstrongyregion.com.ar\/diario\/wp-content\/uploads\/2025\/02\/aeropuerto-.jpg\" alt=\"\" class=\"wp-image-45389\" srcset=\"https:\/\/armstrongyregion.com.ar\/diario\/wp-content\/uploads\/2025\/02\/aeropuerto-.jpg 570w, https:\/\/armstrongyregion.com.ar\/diario\/wp-content\/uploads\/2025\/02\/aeropuerto--300x168.jpg 300w\" sizes=\"auto, (max-width: 570px) 100vw, 570px\" \/><\/figure>\n\n\n\n<h2 class=\"wp-block-heading\">Ambos resultados posicionan a la terminal como un punto estrat\u00e9gico para la conectividad regional e internacional de pasajeros y de cargas. El ministro de Desarrollo Productivo de Santa Fe, Gustavo Puccini, afirm\u00f3 que \u201clos n\u00fameros reflejan el incremento sustancial de la actividad en el aeropuerto y profundiza el rumbo que le estamos dando\u201d.<\/h2>\n\n\n\n<p>Durante enero se movilizaron 56.195 pasajeros a trav\u00e9s del Aeropuerto \u201cIslas Malvinas\u201d de Rosario (AIR), marcando un incremento del 34,88 % en comparaci\u00f3n con el mismo mes del a\u00f1o pasado, cuando se movilizaron 41.659 personas. En tanto, las operaciones de carga tambi\u00e9n subieron significativamente.<\/p>\n\n\n\n<p>Al respecto, el ministro de Desarrollo Productivo, Gustavo Puccini, detall\u00f3 que \u201cla oferta de destinos y compa\u00f1\u00edas impuls\u00f3 un incremento sustancial de la actividad y profundiza el rumbo que le estamos dando al AIR. Estamos invirtiendo en modernizaci\u00f3n e infraestructura porque entendemos su importancia en el desarrollo tur\u00edstico y econ\u00f3mico de la regi\u00f3n. As\u00ed, registramos un crecimiento de 35 % de enero 2025 en comparaci\u00f3n a enero 2024 en transporte de pasajeros. Y de cargas, comparando 2023 y 2024, la actividad creci\u00f3 m\u00e1s de 33 % el a\u00f1o pasado\u201d.<\/p>\n\n\n\n<p>Actualmente, en el Aeropuerto Internacional de Rosario \u201cIslas Malvinas\u201d operan cuatro compa\u00f1\u00edas de manera regular: Aerol\u00edneas Argentinas, Copa, Gol y Latam. Durante el primer mes del 2025 se realizaron 466 movimientos semanales entre arribos y despegues. A ello se le sumaron 212 movimientos de vuelos privados.<\/p>\n\n\n\n<p><strong>Destinos<\/strong><\/p>\n\n\n\n<p>Esta temporada se caracteriz\u00f3 por la alta demanda de vuelos internacionales que alcanzaron un nivel de ocupaci\u00f3n de hasta el 97 %. Desde Rosario 37.765 pasajeros se conectaron en forma directa con Florian\u00f3polis, R\u00edo de Janeiro, Lima, Panam\u00e1 y Punta Cana, como destino final de su viaje o como escala para proseguir hacia otras terminales.<\/p>\n\n\n\n<p>En cuanto a los vuelos dom\u00e9sticos, 18.430 pasajeros optaron por Bariloche, Iguaz\u00fa, Mendoza, Salta, Aeroparque y Mar del Plata, que alcanz\u00f3 el 96 % de ocupaci\u00f3n.<\/p>\n\n\n\n<p><strong>Incremento de las cargas internacionales<\/strong><\/p>\n\n\n\n<p>A trav\u00e9s de la infraestructura y la nueva oferta de conectividad con la que cuenta la terminal, el AIR se posiciona como un aliado estrat\u00e9gico para el sector productivo santafesino con diversas ventajas competitivas y opciones log\u00edsticas que facilitan el intercambio de mercader\u00edas de manera m\u00e1s \u00e1gil y eficiente, ahorrando tiempos en los desplazamientos y en la resoluci\u00f3n de cualquier situaci\u00f3n que pueda presentarse.<\/p>\n\n\n\n<p>Con el reciente desembarco de la compa\u00f1\u00eda Latam, en diciembre del 2024, se sumaron nuevas opciones para que las empresas radicadas en la regi\u00f3n opten por movilizar sus cargas a trav\u00e9s del dep\u00f3sito fiscal localizado dentro del predio aeroportuario, que cuenta con una superficie de 2500 m2 y c\u00e1mara de fr\u00edo.<\/p>\n\n\n\n<p>\u201cLas operaciones de carga crecieron 33,37 % en un a\u00f1o, registrando 953 pedidos en 2023 y 1271 en 2024, con 156331 kilos totales en este \u00faltimo per\u00edodo\u201d, se\u00f1al\u00f3 la secretaria de Transporte y Log\u00edstica, M\u00f3nica Alvarado, y agreg\u00f3: \u201cEn cuanto a la composici\u00f3n de la carga, se encuentran m\u00e1quinas gastron\u00f3micas y repuestos, insumos para la producci\u00f3n, indicadores biol\u00f3gicos, reactivos para la esterilizaci\u00f3n, balanzas electr\u00f3nicas, muestra de semillas, partes de aviones y autopartes\u201d.<\/p>\n\n\n\n<p>\u201cLa composici\u00f3n de las cargas transportadas que operan desde el AIR es una combinaci\u00f3n de modalidades terrestre, a\u00e9rea y mar\u00edtima. La diversidad de compa\u00f1\u00edas y destinos, la accesibilidad al aeropuerto, la disponibilidad de servicio las 24 horas, sin necesidad de contar con turnos previos, son algunas de las caracter\u00edsticas distintivas que destacan los forwarders y despachantes que utilizan las instalaciones del AIR para concretar sus operaciones\u201d, se\u00f1al\u00f3 el presidente de directorio, Esteban Bretto.<\/p>\n\n\n\n<p>Latam ofrece tres frecuencias semanales a Lima para acceder a m\u00e1s de 25 destinos internacionales con los que cuenta la compa\u00f1\u00eda desde su hub. Por otra parte, mediante la empresa HandyWay, se realiza la consolidaci\u00f3n y traslado de la carga de la zona hacia Ezeiza para despacharla en los vuelos de la compa\u00f1\u00eda realiza con regularidad.<\/p>\n\n\n\n<p>Adem\u00e1s, el AIR cuenta con vuelos diarios de Copa Airlines hacia Panam\u00e1, all\u00ed concentra la carga a\u00e9rea y redistribuye a otros centros log\u00edsticos de Am\u00e9rica y los distintos continentes. Con el incremento a 10 vuelos semanales durante la temporada estival, la compa\u00f1\u00eda elev\u00f3 tambi\u00e9n la disponibilidad de bodega.<\/p>\n\n\n\n<p>Por su parte, Aerol\u00edneas Argentinas es otra de las compa\u00f1\u00edas a\u00e9reas que, a trav\u00e9s Jetpaq, transporta mercader\u00edas dentro y fuera de Argentina. La compa\u00f1\u00eda opera vuelos diarios a Aeroparque, adem\u00e1s de ofrecer conectividad directa a diferentes terminales del interior del pa\u00eds.<\/p>\n","protected":false},"excerpt":{"rendered":"<p>El Aeropuerto de Rosario tuvo un 33 % de crecimiento en transporte de carga y 35 % en pasajeros.<\/p>\n","protected":false},"author":1,"featured_media":45389,"comment_status":"open","ping_status":"open","sticky":false,"template":"","format":"image","meta":{"_jetpack_memberships_contains_paid_content":false,"footnotes":"","jetpack_publicize_message":"","jetpack_publicize_feature_enabled":true,"jetpack_social_post_already_shared":true,"jetpack_social_options":{"image_generator_settings":{"template":"highway","default_image_id":0,"enabled":false},"version":2}},"categories":[8,1,2,7,3],"tags":[11441,11442,9200,8588,11440],"class_list":["post-45388","post","type-post","status-publish","format-image","has-post-thumbnail","hentry","category-deliberando","category-diario-armstrong","category-locales","category-politica","category-region","tag-33-crecimiento","tag-35-crecimiento-pasajeros","tag-aeropuerto","tag-rosario-2","tag-transporte-de-carga","post_format-post-format-image"],"jetpack_publicize_connections":[],"jetpack_featured_media_url":"https:\/\/armstrongyregion.com.ar\/diario\/wp-content\/uploads\/2025\/02\/aeropuerto-.jpg","jetpack_shortlink":"https:\/\/wp.me\/p62QDO-bO4","jetpack_sharing_enabled":true,"amp_enabled":true,"_links":{"self":[{"href":"https:\/\/armstrongyregion.com.ar\/diario\/wp-json\/wp\/v2\/posts\/45388","targetHints":{"allow":["GET"]}}],"collection":[{"href":"https:\/\/armstrongyregion.com.ar\/diario\/wp-json\/wp\/v2\/posts"}],"about":[{"href":"https:\/\/armstrongyregion.com.ar\/diario\/wp-json\/wp\/v2\/types\/post"}],"author":[{"embeddable":true,"href":"https:\/\/armstrongyregion.com.ar\/diario\/wp-json\/wp\/v2\/users\/1"}],"replies":[{"embeddable":true,"href":"https:\/\/armstrongyregion.com.ar\/diario\/wp-json\/wp\/v2\/comments?post=45388"}],"version-history":[{"count":1,"href":"https:\/\/armstrongyregion.com.ar\/diario\/wp-json\/wp\/v2\/posts\/45388\/revisions"}],"predecessor-version":[{"id":45390,"href":"https:\/\/armstrongyregion.com.ar\/diario\/wp-json\/wp\/v2\/posts\/45388\/revisions\/45390"}],"wp:featuredmedia":[{"embeddable":true,"href":"https:\/\/armstrongyregion.com.ar\/diario\/wp-json\/wp\/v2\/media\/45389"}],"wp:attachment":[{"href":"https:\/\/armstrongyregion.com.ar\/diario\/wp-json\/wp\/v2\/media?parent=45388"}],"wp:term":[{"taxonomy":"category","embeddable":true,"href":"https:\/\/armstrongyregion.com.ar\/diario\/wp-json\/wp\/v2\/categories?post=45388"},{"taxonomy":"post_tag","embeddable":true,"href":"https:\/\/armstrongyregion.com.ar\/diario\/wp-json\/wp\/v2\/tags?post=45388"}],"curies":[{"name":"wp","href":"https:\/\/api.w.org\/{rel}","templated":true}]}}