{"id":45380,"date":"2025-02-07T22:17:42","date_gmt":"2025-02-07T22:17:42","guid":{"rendered":"https:\/\/armstrongyregion.com.ar\/diario\/?p=45380"},"modified":"2025-02-07T22:17:44","modified_gmt":"2025-02-07T22:17:44","slug":"armstrong-capacitacion-para-personal-del-centro-de-monitoreo","status":"publish","type":"post","link":"https:\/\/armstrongyregion.com.ar\/diario\/armstrong-capacitacion-para-personal-del-centro-de-monitoreo\/","title":{"rendered":"Armstrong. Capacitaci\u00f3n para personal del Centro de Monitoreo."},"content":{"rendered":"\n<figure class=\"wp-block-image size-full\"><img loading=\"lazy\" decoding=\"async\" width=\"500\" height=\"375\" src=\"http:\/\/armstrongyregion.com.ar\/diario\/wp-content\/uploads\/2025\/02\/monitoreo-1-.jpg\" alt=\"\" class=\"wp-image-45381\" srcset=\"https:\/\/armstrongyregion.com.ar\/diario\/wp-content\/uploads\/2025\/02\/monitoreo-1-.jpg 500w, https:\/\/armstrongyregion.com.ar\/diario\/wp-content\/uploads\/2025\/02\/monitoreo-1--300x225.jpg 300w\" sizes=\"auto, (max-width: 500px) 100vw, 500px\" \/><\/figure>\n\n\n\n<p>Gestionado por la Municipalidad de Armstrong y con la finalidad de sostenerla en el tiempo, se<br>desarroll\u00f3 una capacitaci\u00f3n dirigida a los operadores de las c\u00e1maras del Centro de Monitoreo<br>Municipal y Seguridad Ciudadana.<\/p>\n\n\n\n<figure class=\"wp-block-image size-full\"><img loading=\"lazy\" decoding=\"async\" width=\"500\" height=\"375\" src=\"http:\/\/armstrongyregion.com.ar\/diario\/wp-content\/uploads\/2025\/02\/monitoreo-3-.jpg\" alt=\"\" class=\"wp-image-45382\" srcset=\"https:\/\/armstrongyregion.com.ar\/diario\/wp-content\/uploads\/2025\/02\/monitoreo-3-.jpg 500w, https:\/\/armstrongyregion.com.ar\/diario\/wp-content\/uploads\/2025\/02\/monitoreo-3--300x225.jpg 300w\" sizes=\"auto, (max-width: 500px) 100vw, 500px\" \/><\/figure>\n\n\n\n<p><br>Se ha extendido la invitaci\u00f3n para participar a Polic\u00eda local a trav\u00e9s de la Comisario Mar\u00eda M\u00e1rquez y<br>al Sub Jefe Aldo Pe\u00f1a, habida cuenta que es con ellos con quienes habitualmente se coordinan las<br>tareas preventivas.<\/p>\n\n\n\n<figure class=\"wp-block-image size-full\"><img loading=\"lazy\" decoding=\"async\" width=\"500\" height=\"375\" src=\"http:\/\/armstrongyregion.com.ar\/diario\/wp-content\/uploads\/2025\/02\/monitoreo-2-.jpg\" alt=\"\" class=\"wp-image-45383\" srcset=\"https:\/\/armstrongyregion.com.ar\/diario\/wp-content\/uploads\/2025\/02\/monitoreo-2-.jpg 500w, https:\/\/armstrongyregion.com.ar\/diario\/wp-content\/uploads\/2025\/02\/monitoreo-2--300x225.jpg 300w\" sizes=\"auto, (max-width: 500px) 100vw, 500px\" \/><\/figure>\n\n\n\n<p><br>Las capacitadoras fueron la Jefe del Departamento Central de Atenci\u00f3n de Emergencias 911 Sur<br>Comisario Supervisor T\u00e9cnica en Seguridad P\u00fablica Romina Bordes, y la encargada de Capacitaciones<br>de la Direcci\u00f3n General OJO Inspector T\u00e9cnica en Seguridad P\u00fablica Lic. en Psicolog\u00eda Vanesa<br>Marqu\u00e9s.<br>Esta instrucci\u00f3n se realiz\u00f3 en el auditorio Demo Dar\u00f3 y tuvo como objetivo brindarles las<br>herramientas necesarias para mejorar su desempe\u00f1o y actualizar sus conocimientos en las mejores<br>pr\u00e1cticas del monitoreo, con el fin de optimizar los procesos y los servicios ofrecidos a la comunidad.<br>Se abordaron conceptos b\u00e1sicos sobre incidentes cr\u00edticos, emergencias, urgencias, desastres e<br>informaci\u00f3n, v\u00edctimas, clasificaci\u00f3n y niveles, prioridades, autocuidados, protocolos de trabajo y<br>legislaci\u00f3n vigente, entre otros.<\/p>\n","protected":false},"excerpt":{"rendered":"<p>Armstrong. Capacitaci\u00f3n para personal del Centro de Monitoreo.<\/p>\n","protected":false},"author":1,"featured_media":45381,"comment_status":"open","ping_status":"open","sticky":false,"template":"","format":"image","meta":{"_jetpack_memberships_contains_paid_content":false,"footnotes":"","jetpack_publicize_message":"","jetpack_publicize_feature_enabled":true,"jetpack_social_post_already_shared":true,"jetpack_social_options":{"image_generator_settings":{"template":"highway","default_image_id":0,"enabled":false},"version":2}},"categories":[8,1,2,7,3],"tags":[20,1292,21,19,5030,1261],"class_list":["post-45380","post","type-post","status-publish","format-image","has-post-thumbnail","hentry","category-deliberando","category-diario-armstrong","category-locales","category-politica","category-region","tag-armstrong","tag-capacitacion","tag-centro","tag-de","tag-diario-armstrong","tag-monitoreo","post_format-post-format-image"],"jetpack_publicize_connections":[],"jetpack_featured_media_url":"https:\/\/armstrongyregion.com.ar\/diario\/wp-content\/uploads\/2025\/02\/monitoreo-1-.jpg","jetpack_shortlink":"https:\/\/wp.me\/p62QDO-bNW","jetpack_sharing_enabled":true,"amp_enabled":true,"_links":{"self":[{"href":"https:\/\/armstrongyregion.com.ar\/diario\/wp-json\/wp\/v2\/posts\/45380","targetHints":{"allow":["GET"]}}],"collection":[{"href":"https:\/\/armstrongyregion.com.ar\/diario\/wp-json\/wp\/v2\/posts"}],"about":[{"href":"https:\/\/armstrongyregion.com.ar\/diario\/wp-json\/wp\/v2\/types\/post"}],"author":[{"embeddable":true,"href":"https:\/\/armstrongyregion.com.ar\/diario\/wp-json\/wp\/v2\/users\/1"}],"replies":[{"embeddable":true,"href":"https:\/\/armstrongyregion.com.ar\/diario\/wp-json\/wp\/v2\/comments?post=45380"}],"version-history":[{"count":1,"href":"https:\/\/armstrongyregion.com.ar\/diario\/wp-json\/wp\/v2\/posts\/45380\/revisions"}],"predecessor-version":[{"id":45384,"href":"https:\/\/armstrongyregion.com.ar\/diario\/wp-json\/wp\/v2\/posts\/45380\/revisions\/45384"}],"wp:featuredmedia":[{"embeddable":true,"href":"https:\/\/armstrongyregion.com.ar\/diario\/wp-json\/wp\/v2\/media\/45381"}],"wp:attachment":[{"href":"https:\/\/armstrongyregion.com.ar\/diario\/wp-json\/wp\/v2\/media?parent=45380"}],"wp:term":[{"taxonomy":"category","embeddable":true,"href":"https:\/\/armstrongyregion.com.ar\/diario\/wp-json\/wp\/v2\/categories?post=45380"},{"taxonomy":"post_tag","embeddable":true,"href":"https:\/\/armstrongyregion.com.ar\/diario\/wp-json\/wp\/v2\/tags?post=45380"}],"curies":[{"name":"wp","href":"https:\/\/api.w.org\/{rel}","templated":true}]}}