{"id":4538,"date":"2015-10-15T13:32:54","date_gmt":"2015-10-15T13:32:54","guid":{"rendered":"https:\/\/armstrongyregion.com.ar\/diario\/?p=4538"},"modified":"2015-10-15T13:32:54","modified_gmt":"2015-10-15T13:32:54","slug":"octubre-ola-de-luz-mundial-por-la-perdida-gestacional-y-perinatal","status":"publish","type":"post","link":"https:\/\/armstrongyregion.com.ar\/diario\/octubre-ola-de-luz-mundial-por-la-perdida-gestacional-y-perinatal\/","title":{"rendered":"Octubre: Ola de luz mundial por la p\u00e9rdida gestacional y perinatal."},"content":{"rendered":"<p><a href=\"http:\/\/armstrongyregion.com.ar\/diario\/wp-content\/uploads\/2015\/10\/ImageProxy-1.jpg\"><img loading=\"lazy\" decoding=\"async\" class=\"alignnone size-medium wp-image-4540\" src=\"http:\/\/armstrongyregion.com.ar\/diario\/wp-content\/uploads\/2015\/10\/ImageProxy-1-300x187.jpg\" alt=\"ola-de-luz\" width=\"300\" height=\"187\" srcset=\"https:\/\/armstrongyregion.com.ar\/diario\/wp-content\/uploads\/2015\/10\/ImageProxy-1-300x187.jpg 300w, https:\/\/armstrongyregion.com.ar\/diario\/wp-content\/uploads\/2015\/10\/ImageProxy-1.jpg 743w\" sizes=\"auto, (max-width: 300px) 100vw, 300px\" \/><\/a>Octubre: mes de concientizaci\u00f3n por la p\u00e9rdida gestacional y perinatal.<br \/>\nMes de reconocimiento para esas mam\u00e1s que hoy tienen los brazos vac\u00edos. Para esos ni\u00f1itos esperados, sentidos, nombrados, que se fueron demasiado pronto.<br \/>\nEl d\u00eda 15 de octubre a las 19 hs. , se har\u00e1 un homenaje llamado OLA DE LUZ MUNDIAL, que es una innvitaci\u00f3n a celebrar la vida de los beb\u00e9s y ni\u00f1os que se fueron, y es una ocasi\u00f3n de tomar conciencia del duelo silencioso que viven muchas familias.<br \/>\nEl primer paso para un duelo sano es RECONOCERLO, es poder compartirlo, socializarlo, y lamentablemente las p\u00e9rdidas de beb\u00e9s sobre todo en el embarazo y en los primeros meses de vida, est\u00e1n signados por la falta de reconocimiento y por la mirada social puesta en la superaci\u00f3n, en que \u00abson j\u00f3venes, ya van a venir otros\u00bb . Esto llena de desolaci\u00f3n a la familia que atraviesa esta situaci\u00f3n, ya que les toca caminar por el camino del dolor sinti\u00e9ndose solos, incomprendidos.<br \/>\nInvitamos a todas las familias que hayan transitado por este tipo de p\u00e9rdida, que el 15 de octubre se tomen un momento para hacerle lugar a ese peque\u00f1ito que se fue, encendiendo una vela en casa, con su nombre, con detalles de ni\u00f1o (no de muerto), donde se pueda hacer presente la ternura que esa personita despertar\u00e1 en la familia por siempre.<br \/>\nEste mes de octubre, mes de la madre, mes de la familia, estaremos acompa\u00f1ando con art\u00edculos y material sobre este tema, y esperamos que sea posible crear conciencia e iluminar uno de los duelos m\u00e1s dif\u00edciles de sobrellevar.<\/p>\n<p>Ps. Milva Carancini.<br \/>\nRRHH<br \/>\nSERVICIOS SOCIALES<\/p>\n","protected":false},"excerpt":{"rendered":"<p>Octubre: mes de concientizaci\u00f3n por la p\u00e9rdida gestacional y perinatal. Mes de reconocimiento para esas mam\u00e1s que hoy tienen los brazos vac\u00edos. Para esos ni\u00f1itos esperados, sentidos, nombrados, que se fueron demasiado pronto. El d\u00eda 15 de octubre a las 19 hs. , se har\u00e1 un homenaje llamado OLA DE LUZ MUNDIAL, que es una <a href=\"https:\/\/armstrongyregion.com.ar\/diario\/octubre-ola-de-luz-mundial-por-la-perdida-gestacional-y-perinatal\/\" title=\"Read more\" >&#8230;<\/a><\/p>\n","protected":false},"author":2,"featured_media":4540,"comment_status":"open","ping_status":"open","sticky":false,"template":"","format":"standard","meta":{"_jetpack_memberships_contains_paid_content":false,"footnotes":"","jetpack_publicize_message":"","jetpack_publicize_feature_enabled":true,"jetpack_social_post_already_shared":false,"jetpack_social_options":{"image_generator_settings":{"template":"highway","default_image_id":0,"enabled":false},"version":2}},"categories":[1,2,3],"tags":[19,2942,31,880,1890,1885,2941,2531,2943,60,13],"class_list":["post-4538","post","type-post","status-publish","format-standard","has-post-thumbnail","hentry","category-diario-armstrong","category-locales","category-region","tag-de","tag-gestacional","tag-la","tag-luz","tag-mundial","tag-octubre","tag-ola","tag-perdida","tag-perinatal","tag-por","tag-y"],"jetpack_publicize_connections":[],"jetpack_featured_media_url":"https:\/\/armstrongyregion.com.ar\/diario\/wp-content\/uploads\/2015\/10\/ImageProxy-1.jpg","jetpack_shortlink":"https:\/\/wp.me\/p62QDO-1bc","jetpack_sharing_enabled":true,"amp_enabled":true,"_links":{"self":[{"href":"https:\/\/armstrongyregion.com.ar\/diario\/wp-json\/wp\/v2\/posts\/4538","targetHints":{"allow":["GET"]}}],"collection":[{"href":"https:\/\/armstrongyregion.com.ar\/diario\/wp-json\/wp\/v2\/posts"}],"about":[{"href":"https:\/\/armstrongyregion.com.ar\/diario\/wp-json\/wp\/v2\/types\/post"}],"author":[{"embeddable":true,"href":"https:\/\/armstrongyregion.com.ar\/diario\/wp-json\/wp\/v2\/users\/2"}],"replies":[{"embeddable":true,"href":"https:\/\/armstrongyregion.com.ar\/diario\/wp-json\/wp\/v2\/comments?post=4538"}],"version-history":[{"count":0,"href":"https:\/\/armstrongyregion.com.ar\/diario\/wp-json\/wp\/v2\/posts\/4538\/revisions"}],"wp:featuredmedia":[{"embeddable":true,"href":"https:\/\/armstrongyregion.com.ar\/diario\/wp-json\/wp\/v2\/media\/4540"}],"wp:attachment":[{"href":"https:\/\/armstrongyregion.com.ar\/diario\/wp-json\/wp\/v2\/media?parent=4538"}],"wp:term":[{"taxonomy":"category","embeddable":true,"href":"https:\/\/armstrongyregion.com.ar\/diario\/wp-json\/wp\/v2\/categories?post=4538"},{"taxonomy":"post_tag","embeddable":true,"href":"https:\/\/armstrongyregion.com.ar\/diario\/wp-json\/wp\/v2\/tags?post=4538"}],"curies":[{"name":"wp","href":"https:\/\/api.w.org\/{rel}","templated":true}]}}