{"id":45375,"date":"2025-02-05T21:35:24","date_gmt":"2025-02-05T21:35:24","guid":{"rendered":"https:\/\/armstrongyregion.com.ar\/diario\/?p=45375"},"modified":"2025-02-05T21:35:26","modified_gmt":"2025-02-05T21:35:26","slug":"accidente-en-autopista-32-heridos-tras-choque-entre-un-automovil-y-colectivo-de-empresa-urquiza","status":"publish","type":"post","link":"https:\/\/armstrongyregion.com.ar\/diario\/accidente-en-autopista-32-heridos-tras-choque-entre-un-automovil-y-colectivo-de-empresa-urquiza\/","title":{"rendered":"Accidente en Autopista: 32 heridos tras choque entre un Autom\u00f3vil y Colectivo de Empresa Urquiza."},"content":{"rendered":"\n<figure class=\"wp-block-image size-full\"><img loading=\"lazy\" decoding=\"async\" width=\"602\" height=\"355\" src=\"http:\/\/armstrongyregion.com.ar\/diario\/wp-content\/uploads\/2025\/02\/ACCIDENTE-COLE-5-2-25.jpg\" alt=\"\" class=\"wp-image-45376\" srcset=\"https:\/\/armstrongyregion.com.ar\/diario\/wp-content\/uploads\/2025\/02\/ACCIDENTE-COLE-5-2-25.jpg 602w, https:\/\/armstrongyregion.com.ar\/diario\/wp-content\/uploads\/2025\/02\/ACCIDENTE-COLE-5-2-25-300x177.jpg 300w\" sizes=\"auto, (max-width: 602px) 100vw, 602px\" \/><\/figure>\n\n\n\n<p> Importante accidente entre un colectivo y un autom\u00f3vil dej\u00f3 un saldo de 32 personas heridas. <\/p>\n\n\n\n<figure class=\"wp-block-image size-full\"><img loading=\"lazy\" decoding=\"async\" width=\"400\" height=\"300\" src=\"http:\/\/armstrongyregion.com.ar\/diario\/wp-content\/uploads\/2025\/02\/CHOQUE-5-2-.jpg\" alt=\"\" class=\"wp-image-45377\" srcset=\"https:\/\/armstrongyregion.com.ar\/diario\/wp-content\/uploads\/2025\/02\/CHOQUE-5-2-.jpg 400w, https:\/\/armstrongyregion.com.ar\/diario\/wp-content\/uploads\/2025\/02\/CHOQUE-5-2--300x225.jpg 300w\" sizes=\"auto, (max-width: 400px) 100vw, 400px\" \/><\/figure>\n\n\n\n<p>El incidente ocurri\u00f3 hoy a las 14:05 horas en el kil\u00f3metro 404 de la autopista Rosario-C\u00f3rdoba, mano a C\u00f3rdoba. Seg\u00fan el informe, un autom\u00f3vil cruz\u00f3 de carril por causas que se est\u00e1n investigando, impacta contra un colectivo y provoca que este se saliera de la cinta asf\u00e1ltica. <\/p>\n\n\n\n<p>Los 32 pasajeros del colectivo fueron trasladados al Hospital de General Roca con diversas lesiones. En el lugar intervinieron Bomberos Voluntarios de Roca, Tortugas y Armstrong, junto con la Polic\u00eda. <\/p>\n\n\n\n<p>Los Bomberos Voluntarios de Armstrong agradecen especialmente la colaboraci\u00f3n del personal de orden p\u00fablico de la ciudad.<\/p>\n","protected":false},"excerpt":{"rendered":"<p>Accidente en Autopista: 32 heridos tras choque entre un Autom\u00f3vil y Colectivo Empresa Urquiza. <\/p>\n","protected":false},"author":1,"featured_media":45376,"comment_status":"open","ping_status":"open","sticky":false,"template":"","format":"image","meta":{"_jetpack_memberships_contains_paid_content":false,"footnotes":"","jetpack_publicize_message":"","jetpack_publicize_feature_enabled":true,"jetpack_social_post_already_shared":true,"jetpack_social_options":{"image_generator_settings":{"template":"highway","default_image_id":0,"enabled":false},"version":2}},"categories":[8,1,2,7,3],"tags":[11437,694,672,9059,1202,523,5030,11438,9346],"class_list":["post-45375","post","type-post","status-publish","format-image","has-post-thumbnail","hentry","category-deliberando","category-diario-armstrong","category-locales","category-politica","category-region","tag-32-heridos","tag-accidente","tag-automovil","tag-autopista-2","tag-choque","tag-colectivo","tag-diario-armstrong","tag-empresa-urquia","tag-graciela-de-la-casa","post_format-post-format-image"],"jetpack_publicize_connections":[],"jetpack_featured_media_url":"https:\/\/armstrongyregion.com.ar\/diario\/wp-content\/uploads\/2025\/02\/ACCIDENTE-COLE-5-2-25.jpg","jetpack_shortlink":"https:\/\/wp.me\/p62QDO-bNR","jetpack_sharing_enabled":true,"amp_enabled":true,"_links":{"self":[{"href":"https:\/\/armstrongyregion.com.ar\/diario\/wp-json\/wp\/v2\/posts\/45375","targetHints":{"allow":["GET"]}}],"collection":[{"href":"https:\/\/armstrongyregion.com.ar\/diario\/wp-json\/wp\/v2\/posts"}],"about":[{"href":"https:\/\/armstrongyregion.com.ar\/diario\/wp-json\/wp\/v2\/types\/post"}],"author":[{"embeddable":true,"href":"https:\/\/armstrongyregion.com.ar\/diario\/wp-json\/wp\/v2\/users\/1"}],"replies":[{"embeddable":true,"href":"https:\/\/armstrongyregion.com.ar\/diario\/wp-json\/wp\/v2\/comments?post=45375"}],"version-history":[{"count":1,"href":"https:\/\/armstrongyregion.com.ar\/diario\/wp-json\/wp\/v2\/posts\/45375\/revisions"}],"predecessor-version":[{"id":45378,"href":"https:\/\/armstrongyregion.com.ar\/diario\/wp-json\/wp\/v2\/posts\/45375\/revisions\/45378"}],"wp:featuredmedia":[{"embeddable":true,"href":"https:\/\/armstrongyregion.com.ar\/diario\/wp-json\/wp\/v2\/media\/45376"}],"wp:attachment":[{"href":"https:\/\/armstrongyregion.com.ar\/diario\/wp-json\/wp\/v2\/media?parent=45375"}],"wp:term":[{"taxonomy":"category","embeddable":true,"href":"https:\/\/armstrongyregion.com.ar\/diario\/wp-json\/wp\/v2\/categories?post=45375"},{"taxonomy":"post_tag","embeddable":true,"href":"https:\/\/armstrongyregion.com.ar\/diario\/wp-json\/wp\/v2\/tags?post=45375"}],"curies":[{"name":"wp","href":"https:\/\/api.w.org\/{rel}","templated":true}]}}