{"id":45371,"date":"2025-02-05T14:45:37","date_gmt":"2025-02-05T14:45:37","guid":{"rendered":"https:\/\/armstrongyregion.com.ar\/diario\/?p=45371"},"modified":"2025-02-05T14:45:39","modified_gmt":"2025-02-05T14:45:39","slug":"alerta-hoy-por-tormentas-y-granizo-siete-provincias-afectadas","status":"publish","type":"post","link":"https:\/\/armstrongyregion.com.ar\/diario\/alerta-hoy-por-tormentas-y-granizo-siete-provincias-afectadas\/","title":{"rendered":"Alerta hoy por tormentas y granizo: siete provincias afectadas."},"content":{"rendered":"\n<figure class=\"wp-block-image size-full\"><img loading=\"lazy\" decoding=\"async\" width=\"768\" height=\"494\" src=\"http:\/\/armstrongyregion.com.ar\/diario\/wp-content\/uploads\/2016\/02\/Armstrong-LLuvias.jpg\" alt=\"Armstrong-LLuvias\" class=\"wp-image-6216\" srcset=\"https:\/\/armstrongyregion.com.ar\/diario\/wp-content\/uploads\/2016\/02\/Armstrong-LLuvias.jpg 768w, https:\/\/armstrongyregion.com.ar\/diario\/wp-content\/uploads\/2016\/02\/Armstrong-LLuvias-300x193.jpg 300w\" sizes=\"auto, (max-width: 768px) 100vw, 768px\" \/><\/figure>\n\n\n\n<h2 class=\"wp-block-heading\">Sigue este mi\u00e9rcoles el mal clima en varias zonas del pa\u00eds. Qu\u00e9 dice el Servicio Meteorol\u00f3gico Nacional.<\/h2>\n\n\n\n<p>La semana sigue con malas condiciones del clima en diferentes zonas del pa\u00eds, por lo que el&nbsp;<a href=\"https:\/\/www.cadena3.com\/pagina\/tag\/?q=Servicio%20Meteorol%C3%B3gico%20Nacional\" target=\"_blank\" rel=\"noreferrer noopener\">Servicio Meteorol\u00f3gico Nacional&nbsp;<\/a>(SMN) renov\u00f3 el alerta por<a href=\"https:\/\/www.cadena3.com\/pagina\/tag\/?q=tormentas\" target=\"_blank\" rel=\"noreferrer noopener\">&nbsp;tormentas<\/a>&nbsp;fuertes con posible ca\u00edda de&nbsp;<a href=\"https:\/\/www.cadena3.com\/pagina\/tag\/?q=granizo\" target=\"_blank\" rel=\"noreferrer noopener\">granizo<\/a>&nbsp;y&nbsp;<a href=\"https:\/\/www.cadena3.com\/pagina\/tag\/?q=r%C3%A1fagas\" target=\"_blank\" rel=\"noreferrer noopener\">r\u00e1fagas<\/a>.<\/p>\n\n\n\n<p>El aviso alcanza a toda la provincia de Buenos Aires y en la Ciudad de Buenos Aires; y regiones de las provincias de Entre R\u00edos, Santa Fe, C\u00f3rdoba, San Luis, La Pampa y R\u00edo Negro.<\/p>\n\n\n\n<p>En la CABA y zonas del centro y norte de la Provincia; y en el sur de C\u00f3rdoba, el aviso sub\u00eda a alerta naranja.<\/p>\n\n\n\n<p>En zonas con alerta amarilla, el SMN advirti\u00f3 que el \u00e1rea ser\u00e1 afectada por lluvias y tormentas, algunas localmente fuertes. \u00abLas mismas estar\u00e1n acompa\u00f1adas por r\u00e1fagas que podr\u00edan alcanzar los 75 km\/h, granizo, fuerte actividad el\u00e9ctrica, y especialmente abundante ca\u00edda de agua en cortos per\u00edodos\u00bb, apunt\u00f3.<\/p>\n\n\n\n<p>Se prev\u00e9n valores de precipitaci\u00f3n acumulada entre 40 y 60 mm, pudiendo ser superados en forma puntual.<\/p>\n\n\n\n<p>El organismo inform\u00f3 que, en el caso de las zonas con alerta naranja, \u201cel \u00e1rea ser\u00e1 afectada por lluvias intensas y tormentas, algunas localmente fuertes. Las mismas estar\u00e1n acompa\u00f1adas por r\u00e1fagas que podr\u00edan alcanzar los 80 km\/h, granizo, fuerte actividad el\u00e9ctrica y especialmente abundante ca\u00edda de agua en cortos per\u00edodos\u00bb.<\/p>\n\n\n\n<p>En este caso, se prev\u00e9n valores de precipitaci\u00f3n acumulada entre 60 y 90 mm, pudiendo ser superados en forma puntual.<\/p>\n","protected":false},"excerpt":{"rendered":"<p>Alerta hoy por tormentas y granizo: siete provincias afectadas.<\/p>\n","protected":false},"author":1,"featured_media":6216,"comment_status":"open","ping_status":"open","sticky":false,"template":"","format":"image","meta":{"_jetpack_memberships_contains_paid_content":false,"footnotes":"","jetpack_publicize_message":"","jetpack_publicize_feature_enabled":true,"jetpack_social_post_already_shared":true,"jetpack_social_options":{"image_generator_settings":{"template":"highway","default_image_id":0,"enabled":false},"version":2}},"categories":[8,1,2,7,3],"tags":[10095,5030,3118,839,11435,69,417],"class_list":["post-45371","post","type-post","status-publish","format-image","has-post-thumbnail","hentry","category-deliberando","category-diario-armstrong","category-locales","category-politica","category-region","tag-afectadas","tag-diario-armstrong","tag-granizo","tag-hoy","tag-provincias","tag-siete","tag-tormentas","post_format-post-format-image"],"jetpack_publicize_connections":[],"jetpack_featured_media_url":"https:\/\/armstrongyregion.com.ar\/diario\/wp-content\/uploads\/2016\/02\/Armstrong-LLuvias.jpg","jetpack_shortlink":"https:\/\/wp.me\/p62QDO-bNN","jetpack_sharing_enabled":true,"amp_enabled":true,"_links":{"self":[{"href":"https:\/\/armstrongyregion.com.ar\/diario\/wp-json\/wp\/v2\/posts\/45371","targetHints":{"allow":["GET"]}}],"collection":[{"href":"https:\/\/armstrongyregion.com.ar\/diario\/wp-json\/wp\/v2\/posts"}],"about":[{"href":"https:\/\/armstrongyregion.com.ar\/diario\/wp-json\/wp\/v2\/types\/post"}],"author":[{"embeddable":true,"href":"https:\/\/armstrongyregion.com.ar\/diario\/wp-json\/wp\/v2\/users\/1"}],"replies":[{"embeddable":true,"href":"https:\/\/armstrongyregion.com.ar\/diario\/wp-json\/wp\/v2\/comments?post=45371"}],"version-history":[{"count":1,"href":"https:\/\/armstrongyregion.com.ar\/diario\/wp-json\/wp\/v2\/posts\/45371\/revisions"}],"predecessor-version":[{"id":45372,"href":"https:\/\/armstrongyregion.com.ar\/diario\/wp-json\/wp\/v2\/posts\/45371\/revisions\/45372"}],"wp:featuredmedia":[{"embeddable":true,"href":"https:\/\/armstrongyregion.com.ar\/diario\/wp-json\/wp\/v2\/media\/6216"}],"wp:attachment":[{"href":"https:\/\/armstrongyregion.com.ar\/diario\/wp-json\/wp\/v2\/media?parent=45371"}],"wp:term":[{"taxonomy":"category","embeddable":true,"href":"https:\/\/armstrongyregion.com.ar\/diario\/wp-json\/wp\/v2\/categories?post=45371"},{"taxonomy":"post_tag","embeddable":true,"href":"https:\/\/armstrongyregion.com.ar\/diario\/wp-json\/wp\/v2\/tags?post=45371"}],"curies":[{"name":"wp","href":"https:\/\/api.w.org\/{rel}","templated":true}]}}