{"id":45362,"date":"2025-02-04T19:46:03","date_gmt":"2025-02-04T19:46:03","guid":{"rendered":"https:\/\/armstrongyregion.com.ar\/diario\/?p=45362"},"modified":"2025-02-04T19:46:05","modified_gmt":"2025-02-04T19:46:05","slug":"pullaro-y-goity-definen-la-continuidad-y-ampliacion-del-plan-de-alfabetizacion-santafesino-raiz","status":"publish","type":"post","link":"https:\/\/armstrongyregion.com.ar\/diario\/pullaro-y-goity-definen-la-continuidad-y-ampliacion-del-plan-de-alfabetizacion-santafesino-raiz\/","title":{"rendered":"Pullaro y Goity definen la continuidad y ampliaci\u00f3n del Plan de Alfabetizaci\u00f3n Santafesino Ra\u00edz"},"content":{"rendered":"\n<figure class=\"wp-block-image size-full\"><img loading=\"lazy\" decoding=\"async\" width=\"480\" height=\"270\" src=\"http:\/\/armstrongyregion.com.ar\/diario\/wp-content\/uploads\/2025\/02\/RAIZ-.jpg\" alt=\"\" class=\"wp-image-45363\" srcset=\"https:\/\/armstrongyregion.com.ar\/diario\/wp-content\/uploads\/2025\/02\/RAIZ-.jpg 480w, https:\/\/armstrongyregion.com.ar\/diario\/wp-content\/uploads\/2025\/02\/RAIZ--300x169.jpg 300w\" sizes=\"auto, (max-width: 480px) 100vw, 480px\" \/><\/figure>\n\n\n\n<h2 class=\"wp-block-heading\">En el marco de una reuni\u00f3n de trabajo que mantuvieron el gobernador y el ministro de Educaci\u00f3n, monitorearon los resultados del a\u00f1o 2024 y fijaron las pautas para el presente ciclo lectivo.<\/h2>\n\n\n\n<p>El gobernador de la provincia de Santa Fe, Maximiliano Pullaro y el ministro de Educaci\u00f3n, Jos\u00e9 Goity mantuvieron una reuni\u00f3n de trabajo con el equipo que est\u00e1 llevando adelante el Plan de Alfabetizaci\u00f3n Santafesino, Ra\u00edz.<\/p>\n\n\n\n<p>&nbsp;<br>Durante el encuentro, monitorearon el trabajo realizado durante 2024 y se definieron las pautas a seguir en este a\u00f1o. El gobernador Pullaro remarc\u00f3 que \u201cpara nosotros Educaci\u00f3n es una prioridad de gobierno, y venimos trabajando para que los chicos de nuestra provincia aprendan. El plan de alfabetizaci\u00f3n es una herramienta indispensable para que eso ocurra\u201d.<\/p>\n\n\n\n<p>\u201cEn un a\u00f1o de mucho trabajo logramos consolidar el Plan de Alfabetizaci\u00f3n Santafesino en todo el territorio provincial; estamos poniendo las bases para un cambio de paradigma que se ver\u00e1 paulatinamente en los aprendizajes de los chicos\u201d, indic\u00f3 el mandatario.&nbsp;<\/p>\n\n\n\n<p>Por su parte, Goity sostuvo que \u201ctomamos una decisi\u00f3n muy fuerte a la hora de implementar esta pol\u00edtica de estado y estamos convencidos que es necesario cambiar el paradigma de alfabetizaci\u00f3n en la provincia de Santa Fe\u201d.<\/p>\n\n\n\n<p>\u201cHemos podido construir un equipo con solvencia que lo est\u00e1 llevando adelante\u201d, destac\u00f3 y agreg\u00f3: \u201cDocentes, directivos, supervisores y todo el gabinete educativo tienen la prioridad puesta en los aprendizajes de nuestros ni\u00f1os y ni\u00f1as\u201d.<\/p>\n\n\n\n<p>\u00abEn 2025 Ra\u00edz se ampliar\u00e1 a estudiantes de segundo grado, y vamos realizar un apoyo espec\u00edfico para alumnos de tercer grado que no hayan superado la prueba de fluidez lectora del 2024\u00bb, detall\u00f3 el ministro.&nbsp;<\/p>\n\n\n\n<p>\u201cArgentina est\u00e1 atravesando una crisis educativa; hay una tendencia a la baja de los niveles acad\u00e9micos y los procesos de aprendizajes, y en Santa Fe trabajamos para revertir esta situaci\u00f3n con Ra\u00edz y con las pol\u00edticas educativas integrales que estamos llevando adelante en todos los niveles: inicial, primaria, secundaria y terciarios\u201d, afirm\u00f3 Goity.<\/p>\n\n\n\n<figure class=\"wp-block-image\"><img decoding=\"async\" src=\"https:\/\/ci3.googleusercontent.com\/meips\/ADKq_NYGXL_FofZKU-JsXQHQyoBrUFdctZJtgCxmOREG-XeqULWFJ9fSuOE_y2nUOItbmCFm7o3w4lt8M25O0GR6t9ByXUZ0VkeSuL4DrEpexhqlKdxLZH_P3m2A2rv_NJhHHcuAsHG8V4HlJT9QHQs=s0-d-e1-ft#https:\/\/www.santafe.gov.ar\/noticias\/recursos\/fotos\/2025\/02\/2025-02-04NID_282213O_2.jpeg\" alt=\"\"\/><\/figure>\n\n\n\n<p><strong>Balance y proyecci\u00f3n<\/strong><\/p>\n\n\n\n<p>Del encuentro participaron la secretaria de Coordinaci\u00f3n y Gesti\u00f3n de Recursos, Mar\u00eda Mart\u00edn, las especialistas en educaci\u00f3n y alfabetizaci\u00f3n Beatriz Diuk y Florencia Mezzadra y la subsecretar\u00eda de Calidad Educativa, Mariana Migliaro.<\/p>\n\n\n\n<p>Al hacer un balance de lo realizado en el primer a\u00f1o de implementaci\u00f3n de Ra\u00edz, Beatriz Diuk expres\u00f3 que \u201cestamos muy conformes y contentos con lo que pasa en la provincia de Santa Fe; es para destacar el compromiso del Gobierno y de los docentes que lo llevan adelante. Hay gran aceptaci\u00f3n en el territorio\u201d.&nbsp;<\/p>\n\n\n\n<p>Durante 2024 se entregaron 150 mil libros en m\u00e1s de 1.400 escuelas; se realizaron 290 capacitaciones, y se logr\u00f3 la conformaci\u00f3n de un equipo provincial de capacitadores y alfabetizadores.&nbsp;<\/p>\n\n\n\n<p>En 2025, Ra\u00edz prev\u00e9 duplicar los encuentros de capacitaciones, y la evaluaci\u00f3n de fluidez lectora se aplicar\u00e1 a la primera camada de estudiantes incluidos en la presente propuesta educativa. Se ampliar\u00e1n los equipos provinciales de alfabetizaci\u00f3n y se realizar\u00e1 un trabajo coordinado con directivos y supervisores a partir de los resultados de la evaluaci\u00f3n y monitoreo. &nbsp;<\/p>\n\n\n\n<p>Finalmente Goity sostuvo que \u201chay una percepci\u00f3n diferente en la provincia sobre la educaci\u00f3n, y en 2025 vamos a seguir fortaleciendo el sistema\u201d.&nbsp;<\/p>\n\n\n\n<p>Y Pullaro concluy\u00f3 que \u201cel objetivo de mi gesti\u00f3n es que ning\u00fan chico termine el primer ciclo de la escuela primaria sin saber leer con fluidez y comprender lo que lee\u201d.<\/p>\n","protected":false},"excerpt":{"rendered":"<p>Pullaro y Goity definen la continuidad y ampliaci\u00f3n del Plan de Alfabetizaci\u00f3n Santafesino Ra\u00edz<\/p>\n","protected":false},"author":1,"featured_media":45363,"comment_status":"open","ping_status":"open","sticky":false,"template":"","format":"image","meta":{"_jetpack_memberships_contains_paid_content":false,"footnotes":"","jetpack_publicize_message":"","jetpack_publicize_feature_enabled":true,"jetpack_social_post_already_shared":true,"jetpack_social_options":{"image_generator_settings":{"template":"highway","default_image_id":0,"enabled":false},"version":2}},"categories":[8,1,2,3],"tags":[5030,10089,11428,2846,11429],"class_list":["post-45362","post","type-post","status-publish","format-image","has-post-thumbnail","hentry","category-deliberando","category-diario-armstrong","category-locales","category-region","tag-diario-armstrong","tag-goity","tag-plan-alfabetiacion","tag-pullaro","tag-rai","post_format-post-format-image"],"jetpack_publicize_connections":[],"jetpack_featured_media_url":"https:\/\/armstrongyregion.com.ar\/diario\/wp-content\/uploads\/2025\/02\/RAIZ-.jpg","jetpack_shortlink":"https:\/\/wp.me\/p62QDO-bNE","jetpack_sharing_enabled":true,"amp_enabled":true,"_links":{"self":[{"href":"https:\/\/armstrongyregion.com.ar\/diario\/wp-json\/wp\/v2\/posts\/45362","targetHints":{"allow":["GET"]}}],"collection":[{"href":"https:\/\/armstrongyregion.com.ar\/diario\/wp-json\/wp\/v2\/posts"}],"about":[{"href":"https:\/\/armstrongyregion.com.ar\/diario\/wp-json\/wp\/v2\/types\/post"}],"author":[{"embeddable":true,"href":"https:\/\/armstrongyregion.com.ar\/diario\/wp-json\/wp\/v2\/users\/1"}],"replies":[{"embeddable":true,"href":"https:\/\/armstrongyregion.com.ar\/diario\/wp-json\/wp\/v2\/comments?post=45362"}],"version-history":[{"count":1,"href":"https:\/\/armstrongyregion.com.ar\/diario\/wp-json\/wp\/v2\/posts\/45362\/revisions"}],"predecessor-version":[{"id":45364,"href":"https:\/\/armstrongyregion.com.ar\/diario\/wp-json\/wp\/v2\/posts\/45362\/revisions\/45364"}],"wp:featuredmedia":[{"embeddable":true,"href":"https:\/\/armstrongyregion.com.ar\/diario\/wp-json\/wp\/v2\/media\/45363"}],"wp:attachment":[{"href":"https:\/\/armstrongyregion.com.ar\/diario\/wp-json\/wp\/v2\/media?parent=45362"}],"wp:term":[{"taxonomy":"category","embeddable":true,"href":"https:\/\/armstrongyregion.com.ar\/diario\/wp-json\/wp\/v2\/categories?post=45362"},{"taxonomy":"post_tag","embeddable":true,"href":"https:\/\/armstrongyregion.com.ar\/diario\/wp-json\/wp\/v2\/tags?post=45362"}],"curies":[{"name":"wp","href":"https:\/\/api.w.org\/{rel}","templated":true}]}}