{"id":45359,"date":"2025-02-04T19:43:06","date_gmt":"2025-02-04T19:43:06","guid":{"rendered":"https:\/\/armstrongyregion.com.ar\/diario\/?p=45359"},"modified":"2025-02-04T19:43:09","modified_gmt":"2025-02-04T19:43:09","slug":"dia-mundial-contra-el-cancer-casi-un-40-de-los-diagnosticos-se-pueden-prevenir","status":"publish","type":"post","link":"https:\/\/armstrongyregion.com.ar\/diario\/dia-mundial-contra-el-cancer-casi-un-40-de-los-diagnosticos-se-pueden-prevenir\/","title":{"rendered":"D\u00eda Mundial contra el C\u00e1ncer: \u201cCasi un 40 % de los diagn\u00f3sticos se pueden prevenir\u201d"},"content":{"rendered":"\n<figure class=\"wp-block-image size-full\"><img loading=\"lazy\" decoding=\"async\" width=\"570\" height=\"320\" src=\"http:\/\/armstrongyregion.com.ar\/diario\/wp-content\/uploads\/2025\/02\/DIA-MUNDIAL-.jpg\" alt=\"\" class=\"wp-image-45360\" srcset=\"https:\/\/armstrongyregion.com.ar\/diario\/wp-content\/uploads\/2025\/02\/DIA-MUNDIAL-.jpg 570w, https:\/\/armstrongyregion.com.ar\/diario\/wp-content\/uploads\/2025\/02\/DIA-MUNDIAL--300x168.jpg 300w\" sizes=\"auto, (max-width: 570px) 100vw, 570px\" \/><\/figure>\n\n\n\n<h2 class=\"wp-block-heading\">As\u00ed lo indic\u00f3 Anal\u00eda Chumpitaz, directora provincial de Promoci\u00f3n y Prevenci\u00f3n de la Salud, en el marco de las jornadas organizadas por Provincia en distintas localidades, junto a asociaciones de pacientes. La funcionaria del Ministerio de Salud hizo hincapi\u00e9 en la importancia de la prevenci\u00f3n y la detecci\u00f3n a tiempo.<\/h2>\n\n\n\n<figure class=\"wp-block-table\"><table><tbody><tr><td>En el marco del D\u00eda Mundial contra el C\u00e1ncer, el Ministerio de Salud de la Provincia de Santa Fe organiza actividades para difundir medidas de prevenci\u00f3n y acciones de detecci\u00f3n temprana del c\u00e1ncer. A trav\u00e9s de su Agencia de Control del C\u00e1ncer, se inici\u00f3 este martes una agenda de actividades que continuar\u00e1n en los pr\u00f3ximos d\u00edas, en distintos puntos de la provincia, a partir de una fecha internacional que busca concientizar sobre la enfermedad. En ese marco, este martes se realiz\u00f3 un reconocimiento a Asociaciones de Pacientes y ONGs; y actividades del programa Santa Fe Ac\u00e1, en la Plaza 25 de Mayo, de Rosario. En la capital provincial en tanto, se desarroll\u00f3 un desayuno saludable y un taller de cuidados de la piel para pacientes oncol\u00f3gicos, en el Hospital de D\u00eda del Cemafe (Centro de Especialidades M\u00e9dicas Ambulatorias).En Rosario, el director de la Agencia de Control del C\u00e1ncer, Alejandro Chinellato, agradeci\u00f3 a las organizaciones \u201cpor acompa\u00f1arnos en esta importante tarea de difusi\u00f3n. Desde la Agencia Provincial trabajamos cada d\u00eda por la detecci\u00f3n temprana que mejora las probabilidades de cura\u201d, dijo, y remarc\u00f3 la importancia de prevenir y realizar controles m\u00e9dicos: \u201cLos tipos de c\u00e1ncer m\u00e1s frecuentes son el de mama y el de pr\u00f3stata, que detectados a tiempo se curan. Tenemos Centros de Salud y hospitales en toda la provincia, para que los usuarios accedan a estudios, logren detectar el c\u00e1ncer tempranamente y realizar el tratamiento oportuno\u201d.Por su parte Anal\u00eda Chumpitaz, directora provincial de Promoci\u00f3n y Prevenci\u00f3n de la Salud, remarc\u00f3 que \u201ces muy importante recordar que hay un diagn\u00f3stico cada cuatro minutos en nuestro pa\u00eds y que el 40 % de esas enfermedades se pueden prevenir con medidas de h\u00e1bitos saludables como la alimentaci\u00f3n, la cesaci\u00f3n tab\u00e1quica y poner el cuerpo en movimiento. Nuestro trabajo diario es garantizar la accesibilidad a los servicios de salud, con trabajadores y trabajadoras emp\u00e1ticos que puedan acompa\u00f1ar a lo largo de todo el proceso\u201d.En esta l\u00ednea durante la jornada se realizaron acciones en la v\u00eda p\u00fablica con difusi\u00f3n de material de prevenci\u00f3n. \u201cEntre los tipos de c\u00e1ncer que pueden evitarse est\u00e1n varios de los tumores m\u00e1s frecuentes como el c\u00e1ncer de cuello de \u00fatero, el c\u00e1ncer de colon, el de piel o el c\u00e1ncer de pulm\u00f3n\u201d, remarc\u00f3 Chinellato.<img decoding=\"async\" alt=\"\" src=\"https:\/\/ci3.googleusercontent.com\/meips\/ADKq_NbAd-Yq20JWLTZpRnOSr0VBiSYdkLTrzzwMcg0Inz1HF88URRI-yiUCQZwoR2-u-4C40pbuZ6VU8u-fVxSrDJEwYrSQUydenyvob6rshAOREgAb56p2vpNvgiGL_AjjAWGOXz4jIWAmdZY_hXo=s0-d-e1-ft#https:\/\/www.santafe.gob.ar\/noticias\/recursos\/fotos\/2025\/02\/2025-02-04NID_282219O_2.jpeg\"><strong>Profundizar en la concientizaci\u00f3n<\/strong>El encuentro en Rosario se desarroll\u00f3 en el Concejo, que brind\u00f3 las instalaciones por iniciativa de la concejala Ver\u00f3nica Irizar. \u201cEs importante tomar este 4 de febrero para profundizar el trabajo en la concientizaci\u00f3n porque se trata de prevenir y de tomar conciencia de la importancia del diagn\u00f3stico precoz para que el c\u00e1ncer no sea una enfermedad asociada a la muerte. En este sentido ac\u00e1 hay un trabajo muy fuerte de la sociedad civil que habla de la solidaridad y de la empat\u00eda con el otro, valoramos siempre eso y agradecemos enormemente todo ese trabajo\u201d, dijo Irizar.La actividad cont\u00f3 con la presencia de la directora del Departamento de Oncohematolog\u00eda y Cuidados Paliativos de la Secretar\u00eda de Salud P\u00fablica de la Municipalidad de Rosario, Gabriela Quintanilla.<img decoding=\"async\" alt=\"\" src=\"https:\/\/ci3.googleusercontent.com\/meips\/ADKq_NZqSeJ91Ndz-oOg_SsGErIkiMM9VIeHKjMtUzTldMHV45OZ_S2O17wbJD8yJ0nSK3MZW2-WdSeuo9tsVs75V05qQ0rDvcawgphQsdp1j9IFK9S7_D-OA5DNeJB4U4KxahZNlZBhGFr5IPdmig8=s0-d-e1-ft#https:\/\/www.santafe.gob.ar\/noticias\/recursos\/fotos\/2025\/02\/2025-02-04NID_282219O_3.jpeg\"><strong>C\u00f3mo sigue<\/strong><em>Ciudad de Santa Fe<\/em>* Viernes 7, de 9 a 12, Hospital Oncol\u00f3gico Iturraspe (Bv. Pellegrini 3551), Santa Fe. Encuentro junto a Asociaciones de Pacientes.<em>Villa Constituci\u00f3n<\/em>* Mi\u00e9rcoles 5, de 9 a 12.30, Plaza de la Constituci\u00f3n (San Mart\u00edn e Irigoyen). Junto a Lalcec y Grupo Resilientes.<em>Venado Tuerto<\/em>* Lunes 10, de 9 a 12.30, explanada del Hospital \u201cAlejandro Guti\u00e9rrez\u201d (Pellegrini 500). Junto a Lalcec, Honrar La Vida y Quimio con Pelo.<em>Las Toscas<\/em>* Mi\u00e9rcoles 12, de 9 a 12.30, en Plaza y SUM de la Fundaci\u00f3n Ignacio Delss\u00edn. Junto a la Fundaci\u00f3n.<em>Villa Ocampo<\/em>* Jueves 13, de 12 a 17, en el Hospital SAMCo (Esqui\u00fa 1460). Junto a Lalcec.<img decoding=\"async\" alt=\"\" src=\"https:\/\/ci3.googleusercontent.com\/meips\/ADKq_NYOu9oxEy32_P1kOsT489RRdrhJT9o1214jz-9hQGm3x_5pZhgEQ8sBfsiiX5uszjDQVo5Lz35vn1DiFTgal8z2P3cooMg9sm-KOEb5Phjl6VVEF-gtmH1hBhJdoIFTWB1Q3AGJun8m6oqfjEE=s0-d-e1-ft#https:\/\/www.santafe.gob.ar\/noticias\/recursos\/fotos\/2025\/02\/2025-02-04NID_282219O_4.jpeg\">&nbsp;<\/td><td>&nbsp;<\/td><\/tr><\/tbody><\/table><\/figure>\n\n\n\n<figure class=\"wp-block-table\"><table><tbody><tr><td>&nbsp;<\/td><td>&nbsp;<\/td><\/tr><\/tbody><\/table><\/figure>\n","protected":false},"excerpt":{"rendered":"<p>D\u00eda Mundial contra el C\u00e1ncer: \u201cCasi un 40 % de los diagn\u00f3sticos se pueden prevenir\u201d<\/p>\n","protected":false},"author":1,"featured_media":45360,"comment_status":"open","ping_status":"open","sticky":false,"template":"","format":"image","meta":{"_jetpack_memberships_contains_paid_content":false,"footnotes":"","jetpack_publicize_message":"","jetpack_publicize_feature_enabled":true,"jetpack_social_post_already_shared":true,"jetpack_social_options":{"image_generator_settings":{"template":"highway","default_image_id":0,"enabled":false},"version":2}},"categories":[8,1,2,7,3],"tags":[11427,794,1161,793,5030,16,11426,2776,2308,86],"class_list":["post-45359","post","type-post","status-publish","format-image","has-post-thumbnail","hentry","category-deliberando","category-diario-armstrong","category-locales","category-politica","category-region","tag-40-diagnosticos","tag-cancer","tag-contra","tag-dia","tag-diario-armstrong","tag-el","tag-munidial","tag-prevenir","tag-pueden","tag-se","post_format-post-format-image"],"jetpack_publicize_connections":[],"jetpack_featured_media_url":"https:\/\/armstrongyregion.com.ar\/diario\/wp-content\/uploads\/2025\/02\/DIA-MUNDIAL-.jpg","jetpack_shortlink":"https:\/\/wp.me\/p62QDO-bNB","jetpack_sharing_enabled":true,"amp_enabled":true,"_links":{"self":[{"href":"https:\/\/armstrongyregion.com.ar\/diario\/wp-json\/wp\/v2\/posts\/45359","targetHints":{"allow":["GET"]}}],"collection":[{"href":"https:\/\/armstrongyregion.com.ar\/diario\/wp-json\/wp\/v2\/posts"}],"about":[{"href":"https:\/\/armstrongyregion.com.ar\/diario\/wp-json\/wp\/v2\/types\/post"}],"author":[{"embeddable":true,"href":"https:\/\/armstrongyregion.com.ar\/diario\/wp-json\/wp\/v2\/users\/1"}],"replies":[{"embeddable":true,"href":"https:\/\/armstrongyregion.com.ar\/diario\/wp-json\/wp\/v2\/comments?post=45359"}],"version-history":[{"count":1,"href":"https:\/\/armstrongyregion.com.ar\/diario\/wp-json\/wp\/v2\/posts\/45359\/revisions"}],"predecessor-version":[{"id":45361,"href":"https:\/\/armstrongyregion.com.ar\/diario\/wp-json\/wp\/v2\/posts\/45359\/revisions\/45361"}],"wp:featuredmedia":[{"embeddable":true,"href":"https:\/\/armstrongyregion.com.ar\/diario\/wp-json\/wp\/v2\/media\/45360"}],"wp:attachment":[{"href":"https:\/\/armstrongyregion.com.ar\/diario\/wp-json\/wp\/v2\/media?parent=45359"}],"wp:term":[{"taxonomy":"category","embeddable":true,"href":"https:\/\/armstrongyregion.com.ar\/diario\/wp-json\/wp\/v2\/categories?post=45359"},{"taxonomy":"post_tag","embeddable":true,"href":"https:\/\/armstrongyregion.com.ar\/diario\/wp-json\/wp\/v2\/tags?post=45359"}],"curies":[{"name":"wp","href":"https:\/\/api.w.org\/{rel}","templated":true}]}}