{"id":45353,"date":"2025-02-03T14:38:17","date_gmt":"2025-02-03T14:38:17","guid":{"rendered":"https:\/\/armstrongyregion.com.ar\/diario\/?p=45353"},"modified":"2025-02-03T14:38:20","modified_gmt":"2025-02-03T14:38:20","slug":"lanzan-canasta-escolar-con-20-productos-a-precio-congelado-desde-2024","status":"publish","type":"post","link":"https:\/\/armstrongyregion.com.ar\/diario\/lanzan-canasta-escolar-con-20-productos-a-precio-congelado-desde-2024\/","title":{"rendered":"Lanzan canasta escolar con 20 productos a precio congelado desde 2024."},"content":{"rendered":"\n<figure class=\"wp-block-image size-large\"><img loading=\"lazy\" decoding=\"async\" width=\"640\" height=\"370\" src=\"http:\/\/armstrongyregion.com.ar\/diario\/wp-content\/uploads\/2025\/02\/canasta-escolar-640x370.webp\" alt=\"\" class=\"wp-image-45354\" srcset=\"https:\/\/armstrongyregion.com.ar\/diario\/wp-content\/uploads\/2025\/02\/canasta-escolar-640x370.webp 640w, https:\/\/armstrongyregion.com.ar\/diario\/wp-content\/uploads\/2025\/02\/canasta-escolar-300x173.webp 300w, https:\/\/armstrongyregion.com.ar\/diario\/wp-content\/uploads\/2025\/02\/canasta-escolar-768x444.webp 768w, https:\/\/armstrongyregion.com.ar\/diario\/wp-content\/uploads\/2025\/02\/canasta-escolar.webp 770w\" sizes=\"auto, (max-width: 640px) 100vw, 640px\" \/><\/figure>\n\n\n\n<h2 class=\"wp-block-heading\">La provincia acord\u00f3 con librer\u00edas repetir el programa Equipate para el Cole, un combo de \u00fatiles y mochila a 25 mil pesos, igual que el a\u00f1o pasado.<\/h2>\n\n\n\n<p>Este lunes se presentar\u00e1 la edici\u00f3n 2025 de&nbsp;<strong>Equipate para el Cole, una&nbsp;<a href=\"https:\/\/www.lacapital.com.ar\/canasta-escolar-a1010559.html\" target=\"_blank\" rel=\"noreferrer noopener\">canasta escolar<\/a>&nbsp;a precio congelado desde 2024 producto de un acuerdo del gobierno provincial con librer\u00edas y mayoristas<\/strong>. Ser\u00e1n&nbsp;<strong>dos combos de 20 productos<\/strong>&nbsp;(seg\u00fan la edad a la que est\u00e1 dirigida)&nbsp;<strong>que incluyen mochila y costar\u00e1n 25 mil pesos cada uno<\/strong>, igual que en marzo del a\u00f1o pasado. Podr\u00e1 conseguirse en Rosario y otras 20 ciudades de la provincia.<\/p>\n\n\n\n<p><strong>De cara al comienzo del ciclo lectivo el pr\u00f3ximo 24 de febrero,\u00a0el acuerdo estar\u00e1 presente en m\u00e1s de 60 librer\u00edas de toda la provincia, incorporando 21 ciudades. Adem\u00e1s de\u00a0Rosario\u00a0y Santa Fe, ya est\u00e1n comprometidas librer\u00edas de Rafaela, Esperanza, Firmat y Venado Tuerto. Tambi\u00e9n se conseguir\u00e1 en Arroyo Seco, Villa Gobernador G\u00e1lvez, Timb\u00faes, San Lorenzo, Granadero Baigorria, Tostado, Fray Luis Beltr\u00e1n, Puerto General San Mart\u00edn, Totoras, San Genaro, El Tr\u00e9bol, Funes, Rold\u00e1n y Ca\u00f1ada de G\u00f3mez.<\/strong><\/p>\n\n\n\n<h2 class=\"wp-block-heading\">A clases<\/h2>\n\n\n\n<p>Se trata de&nbsp;<strong>dos canastas, diferenciadas para grados m\u00e1s avanzados y para alumnos m\u00e1s peque\u00f1os<\/strong>, de modo que todos tengan la posibilidad de comenzar las clases con todos los \u00fatiles necesarios para la escuela.&nbsp;<strong>En Rosario podr\u00e1n conseguirse en las librer\u00edas Van Gogh (6 sucursales), Peni, Comienzos y Lader (7 sucursales)<\/strong>. En&nbsp;<a href=\"https:\/\/www.santafe.gob.ar\/acuerdosantafe\/documents\/lista_comercios_adheridos.pdf\" target=\"_blank\" rel=\"noreferrer noopener\">este link<\/a>&nbsp;pueden verse todas las sucursales adheridas y sus direcciones.<\/p>\n\n\n\n<p><strong>Una es para ni\u00f1os que cursen de 1\u00ba a 3\u00ba grado<\/strong>\u00a0e incluye una mochila de 17\u00bb, un adhesivo vin\u00edlico (plasticola) de 30 gramos, un cuaderno de tapa flexible de 24 hojas, una goma de borrar, l\u00e1pices de colores largos (12 unidades), una tijera escolar, un sacapuntas de pl\u00e1stico, una regla de 20 cent\u00edmetros, papel glas\u00e9 (10 unidades), un bol\u00edgrafo borrable, l\u00e1piz negro (3 unidades), bol\u00edgrafos (3 unidades), fibras de color (10 unidades), block de dibujo, un cuaderno de 19 por 23 cent\u00edmetros, y una carpeta de tres solapas. Todo esto costar\u00e1 25 mil pesos.<\/p>\n\n\n\n<p><strong>El segundo, orientado a chicos de 4\u00ba a 7\u00ba grado<\/strong>, constar\u00e1 de una mochila de 17\u00bb, un adhesivo vin\u00edlico (plasticola) de 30 gramos, un cuaderno de tapa flexible de 24 hojas, una goma de borrar, l\u00e1pices de colores largos (12 unidades), una tijera escolar, un sacapuntas de pl\u00e1stico, l\u00e1piz negro (3 unidades), bol\u00edgrafos (3 unidades), fibras de color (10 unidades), block de dibujo, una carpeta de tres solapas, un set de geometr\u00eda de tres piezas por 20 cent\u00edmetros, un corrector l\u00edquido (l\u00e1piz de 9 gramos), una carpeta escolar de 3 anillos por 40 mil\u00edmetros, dos repuestos escolares (rayado y cuadriculado por 48 hojas), y un comp\u00e1s de pl\u00e1stico.<\/p>\n\n\n\n<p>\u00ab<strong>Mantuvimos el precio de la canasta de 2024 y eso es un logro<\/strong>, fruto del trabajo que venimos haciendo con los distintos actores que se comprometen con Acuerdo Santa Fe. Este<strong>\u00a0es un esfuerzo que hace el sector privado, donde el Estado no pone un peso<\/strong>. Nos sentamos con ellos a definir cu\u00e1les son las mejores alternativas para que los santafesinos tengan opciones accesibles para su bolsillo\u00bb, dijo al respecto el ministro de Desarrollo Productivo de la provincia, Gustavo Puccini.<\/p>\n\n\n\n<p>Fuente: Nicol\u00e1s Maggi<\/p>\n","protected":false},"excerpt":{"rendered":"<p>Lanzan canasta escolar con 20 productos a precio congelado desde 2024.<\/p>\n","protected":false},"author":1,"featured_media":45354,"comment_status":"open","ping_status":"open","sticky":false,"template":"","format":"image","meta":{"_jetpack_memberships_contains_paid_content":false,"footnotes":"","jetpack_publicize_message":"","jetpack_publicize_feature_enabled":true,"jetpack_social_post_already_shared":true,"jetpack_social_options":{"image_generator_settings":{"template":"highway","default_image_id":0,"enabled":false},"version":2}},"categories":[8,1,2,7,3],"tags":[11423,8869,5030,10121,8777,11424],"class_list":["post-45353","post","type-post","status-publish","format-image","has-post-thumbnail","hentry","category-deliberando","category-diario-armstrong","category-locales","category-politica","category-region","tag-20-productos","tag-canasta","tag-diario-armstrong","tag-escolar-2","tag-lic-graciela-de-la-casa","tag-precio-congelado","post_format-post-format-image"],"jetpack_publicize_connections":[],"jetpack_featured_media_url":"https:\/\/armstrongyregion.com.ar\/diario\/wp-content\/uploads\/2025\/02\/canasta-escolar.webp","jetpack_shortlink":"https:\/\/wp.me\/p62QDO-bNv","jetpack_sharing_enabled":true,"amp_enabled":true,"_links":{"self":[{"href":"https:\/\/armstrongyregion.com.ar\/diario\/wp-json\/wp\/v2\/posts\/45353","targetHints":{"allow":["GET"]}}],"collection":[{"href":"https:\/\/armstrongyregion.com.ar\/diario\/wp-json\/wp\/v2\/posts"}],"about":[{"href":"https:\/\/armstrongyregion.com.ar\/diario\/wp-json\/wp\/v2\/types\/post"}],"author":[{"embeddable":true,"href":"https:\/\/armstrongyregion.com.ar\/diario\/wp-json\/wp\/v2\/users\/1"}],"replies":[{"embeddable":true,"href":"https:\/\/armstrongyregion.com.ar\/diario\/wp-json\/wp\/v2\/comments?post=45353"}],"version-history":[{"count":1,"href":"https:\/\/armstrongyregion.com.ar\/diario\/wp-json\/wp\/v2\/posts\/45353\/revisions"}],"predecessor-version":[{"id":45355,"href":"https:\/\/armstrongyregion.com.ar\/diario\/wp-json\/wp\/v2\/posts\/45353\/revisions\/45355"}],"wp:featuredmedia":[{"embeddable":true,"href":"https:\/\/armstrongyregion.com.ar\/diario\/wp-json\/wp\/v2\/media\/45354"}],"wp:attachment":[{"href":"https:\/\/armstrongyregion.com.ar\/diario\/wp-json\/wp\/v2\/media?parent=45353"}],"wp:term":[{"taxonomy":"category","embeddable":true,"href":"https:\/\/armstrongyregion.com.ar\/diario\/wp-json\/wp\/v2\/categories?post=45353"},{"taxonomy":"post_tag","embeddable":true,"href":"https:\/\/armstrongyregion.com.ar\/diario\/wp-json\/wp\/v2\/tags?post=45353"}],"curies":[{"name":"wp","href":"https:\/\/api.w.org\/{rel}","templated":true}]}}