{"id":4535,"date":"2015-10-15T13:28:02","date_gmt":"2015-10-15T13:28:02","guid":{"rendered":"https:\/\/armstrongyregion.com.ar\/diario\/?p=4535"},"modified":"2015-10-15T13:28:02","modified_gmt":"2015-10-15T13:28:02","slug":"hoy-eduardo-camano-estara-en-armstrong","status":"publish","type":"post","link":"https:\/\/armstrongyregion.com.ar\/diario\/hoy-eduardo-camano-estara-en-armstrong\/","title":{"rendered":"Hoy, Eduardo Cama\u00f1o estar\u00e1 en Armstrong."},"content":{"rendered":"<p><a href=\"http:\/\/armstrongyregion.com.ar\/diario\/wp-content\/uploads\/2015\/10\/cama\u00f1o-1.jpg\"><img loading=\"lazy\" decoding=\"async\" class=\"alignnone size-medium wp-image-4536\" src=\"http:\/\/armstrongyregion.com.ar\/diario\/wp-content\/uploads\/2015\/10\/cama\u00f1o-1-300x225.jpg\" alt=\"cama\u00f1o (1)\" width=\"300\" height=\"225\" srcset=\"https:\/\/armstrongyregion.com.ar\/diario\/wp-content\/uploads\/2015\/10\/cama\u00f1o-1-300x225.jpg 300w, https:\/\/armstrongyregion.com.ar\/diario\/wp-content\/uploads\/2015\/10\/cama\u00f1o-1.jpg 640w\" sizes=\"auto, (max-width: 300px) 100vw, 300px\" \/><\/a>Hoy, jueves 15 de Octubre, a partir de las 20:00 hs se realizar\u00e1 en nuestra ciudad una reuni\u00f3n en el local del Partido Justicialista que congregar\u00e1 a Eduardo Cama\u00f1o, ex presidente de la Naci\u00f3n y referente de la campa\u00f1a Daniel Scioli Presidente, junto al Cont. Rub\u00e9n Dar\u00edo Montapponi y un nutrido grupo de dirigentes locales y zonales.<br \/>\nEl encuentro se realiza con motivo de la finalizaci\u00f3n de una intensa actividad realizada por los organizadores en el marco de la campa\u00f1a electoral por la candidatura de Daniel Scioli a la presidencia de la Rep\u00fablica Argentina.<br \/>\nLa movida incluy\u00f3 actos, reuniones y vistas en distintas localidades de la provincia de Santa Fe: Recreo, San Justo, Ceres, El Tr\u00e9bol, Las Rosas y Armstrong, entre los d\u00edas Mi\u00e9rcoles 14 y Jueves 15 del corriente.<br \/>\nLos promotores del evento auguran \u2013 seg\u00fan las \u00faltimas encuestas \u2013 el triunfo de su candidato y actual gobernador de la Provincia de Buenos aires, en la primera vuelta de las elecciones a llevarse a cabo el 25 de octubre.<br \/>\nPARTIDO JUSTICIALISTA ARMSTRONG<\/p>\n","protected":false},"excerpt":{"rendered":"<p>Hoy, jueves 15 de Octubre, a partir de las 20:00 hs se realizar\u00e1 en nuestra ciudad una reuni\u00f3n en el local del Partido Justicialista que congregar\u00e1 a Eduardo Cama\u00f1o, ex presidente de la Naci\u00f3n y referente de la campa\u00f1a Daniel Scioli Presidente, junto al Cont. Rub\u00e9n Dar\u00edo Montapponi y un nutrido grupo de dirigentes locales <a href=\"https:\/\/armstrongyregion.com.ar\/diario\/hoy-eduardo-camano-estara-en-armstrong\/\" title=\"Read more\" >&#8230;<\/a><\/p>\n","protected":false},"author":2,"featured_media":4536,"comment_status":"open","ping_status":"open","sticky":false,"template":"","format":"standard","meta":{"_jetpack_memberships_contains_paid_content":false,"footnotes":"","jetpack_publicize_message":"","jetpack_publicize_feature_enabled":true,"jetpack_social_post_already_shared":false,"jetpack_social_options":{"image_generator_settings":{"template":"highway","default_image_id":0,"enabled":false},"version":2}},"categories":[1,2,7,3],"tags":[20,1883,1091,15,1217,839],"class_list":["post-4535","post","type-post","status-publish","format-standard","has-post-thumbnail","hentry","category-diario-armstrong","category-locales","category-politica","category-region","tag-armstrong","tag-camano","tag-eduardo","tag-en","tag-estara","tag-hoy"],"jetpack_publicize_connections":[],"jetpack_featured_media_url":"https:\/\/armstrongyregion.com.ar\/diario\/wp-content\/uploads\/2015\/10\/cama\u00f1o-1.jpg","jetpack_shortlink":"https:\/\/wp.me\/p62QDO-1b9","jetpack_sharing_enabled":true,"amp_enabled":true,"_links":{"self":[{"href":"https:\/\/armstrongyregion.com.ar\/diario\/wp-json\/wp\/v2\/posts\/4535","targetHints":{"allow":["GET"]}}],"collection":[{"href":"https:\/\/armstrongyregion.com.ar\/diario\/wp-json\/wp\/v2\/posts"}],"about":[{"href":"https:\/\/armstrongyregion.com.ar\/diario\/wp-json\/wp\/v2\/types\/post"}],"author":[{"embeddable":true,"href":"https:\/\/armstrongyregion.com.ar\/diario\/wp-json\/wp\/v2\/users\/2"}],"replies":[{"embeddable":true,"href":"https:\/\/armstrongyregion.com.ar\/diario\/wp-json\/wp\/v2\/comments?post=4535"}],"version-history":[{"count":0,"href":"https:\/\/armstrongyregion.com.ar\/diario\/wp-json\/wp\/v2\/posts\/4535\/revisions"}],"wp:featuredmedia":[{"embeddable":true,"href":"https:\/\/armstrongyregion.com.ar\/diario\/wp-json\/wp\/v2\/media\/4536"}],"wp:attachment":[{"href":"https:\/\/armstrongyregion.com.ar\/diario\/wp-json\/wp\/v2\/media?parent=4535"}],"wp:term":[{"taxonomy":"category","embeddable":true,"href":"https:\/\/armstrongyregion.com.ar\/diario\/wp-json\/wp\/v2\/categories?post=4535"},{"taxonomy":"post_tag","embeddable":true,"href":"https:\/\/armstrongyregion.com.ar\/diario\/wp-json\/wp\/v2\/tags?post=4535"}],"curies":[{"name":"wp","href":"https:\/\/api.w.org\/{rel}","templated":true}]}}