{"id":45337,"date":"2025-02-02T00:09:23","date_gmt":"2025-02-02T00:09:23","guid":{"rendered":"https:\/\/armstrongyregion.com.ar\/diario\/?p=45337"},"modified":"2025-02-02T00:09:25","modified_gmt":"2025-02-02T00:09:25","slug":"el-espacio-de-omar-perotti-insiste-con-un-acuerdo-entre-tribus-del-pj-para-la-constituyente","status":"publish","type":"post","link":"https:\/\/armstrongyregion.com.ar\/diario\/el-espacio-de-omar-perotti-insiste-con-un-acuerdo-entre-tribus-del-pj-para-la-constituyente\/","title":{"rendered":"El espacio de Omar Perotti insiste con un acuerdo entre tribus del PJ para la Constituyente."},"content":{"rendered":"\n<figure class=\"wp-block-image size-full\"><img loading=\"lazy\" decoding=\"async\" width=\"640\" height=\"357\" src=\"http:\/\/armstrongyregion.com.ar\/diario\/wp-content\/uploads\/2025\/02\/El-espacio-de-Omar-Perotti-insiste-con-un-acuerdo-entre-tribus-del-PJ-para-la-Constituyente.jpg\" alt=\"\" class=\"wp-image-45338\" srcset=\"https:\/\/armstrongyregion.com.ar\/diario\/wp-content\/uploads\/2025\/02\/El-espacio-de-Omar-Perotti-insiste-con-un-acuerdo-entre-tribus-del-PJ-para-la-Constituyente.jpg 640w, https:\/\/armstrongyregion.com.ar\/diario\/wp-content\/uploads\/2025\/02\/El-espacio-de-Omar-Perotti-insiste-con-un-acuerdo-entre-tribus-del-PJ-para-la-Constituyente-300x167.jpg 300w\" sizes=\"auto, (max-width: 640px) 100vw, 640px\" \/><\/figure>\n\n\n\n<h2 class=\"wp-block-heading\">El sector del exgobernador propone al peronismo un consenso, ampliable a otras expresiones opositoras, sobre la no reelecci\u00f3n de Pullaro, entre otros temas.<\/h2>\n\n\n\n<p><strong>Despu\u00e9s del estallido del peronismo santafesino<\/strong>, el espacio de&nbsp;<strong><a href=\"https:\/\/www.lacapital.com.ar\/omar-perotti-a1002643.html\" target=\"_blank\" rel=\"noreferrer noopener\">Omar Perotti<\/a><\/strong>&nbsp;<strong>insiste con su idea de acordar con otras tribus justicialistas una suerte de n\u00facleo de coincidencias b\u00e1sicas para la Convenci\u00f3n Constituyente que incluya<\/strong>, entre otros puntos,&nbsp;<strong>el rechazo a la reelecci\u00f3n de Maximiliano Pullaro.<\/strong><\/p>\n\n\n\n<p><strong>Antes de que la unidad precaria del PJ saltara por los aires, el plan original del perottismo era que el partido habilitara un esquema de neolemas,<\/strong>\u00a0similar al que adopt\u00f3 el justicialismo en las elecciones presidenciales de 2003, cuando compitieron Carlos Menem, N\u00e9stor Kirchner y Adolfo Rodr\u00edguez Sa\u00e1.<\/p>\n\n\n\n<p><strong>Tras ese encuentro, se acentu\u00f3 la fragmentaci\u00f3n del peronismo<\/strong>. Perotti se mantiene en silencio, Marcelo Lewandowski avanza con un armado por fuera del PJ al mismo tiempo que conversa con el Movimiento Evita, mientras las tribus que quedaron en el PJ \u2014como los senadores, el rossismo, La C\u00e1mpora y el massismo\u2014 no logran encajar las piezas en una lista competitiva.<\/p>\n\n\n\n<p>\u201c<strong>Cada uno se est\u00e1 mirando el ombligo<\/strong>. Ya sea para posicionarse para otra elecci\u00f3n, o para tener el diploma del mejor constitucionalista\u201d, deslizan desde el espacio del exgobernador.<\/p>\n\n\n\n<h2 class=\"wp-block-heading\">Consensos b\u00e1sicos<\/h2>\n\n\n\n<p>En este sentido,<strong>&nbsp;desde el perottismo proponen que m\u00e1s all\u00e1 de que los candidatos peronistas lleguen desde lugares diferentes en la Convenci\u00f3n se muevan dentro de una serie de consensos b\u00e1sicos.<\/strong><\/p>\n\n\n\n<p>\u201cNo es armar una plataforma electoral de doce p\u00e1ginas, pero s\u00ed que acordemos en cuestiones medulares\u201d, sostienen.<\/p>\n\n\n\n<p>Entre ellas incluyen los alcances de la autonom\u00eda municipal, el rol del Ministerio P\u00fablico de la Acusaci\u00f3n y el Consejo de la Magistratura, y uno de los temas centrales de la Constituyente: si se habilita, o no, la reelecci\u00f3n de Pullaro.<\/p>\n\n\n\n<figure class=\"wp-block-image\"><img decoding=\"async\" src=\"https:\/\/media.lacapital.com.ar\/p\/8405873c64b992c57c05c8afa47f3687\/adjuntos\/203\/imagenes\/102\/166\/0102166111\/642x0\/smart\/imagepng.png\" alt=\"\" title=\"\"\/><\/figure>\n\n\n\n<p>Desde el entorno del exsenador nacional se\u00f1alan que\u00a0<strong>un acuerdo en el congreso del PJ habr\u00eda permitido armar en la propia convenci\u00f3n una coalici\u00f3n anti reelecci\u00f3n con Granata y los libertarios, tambi\u00e9n interesados en que el actual gobernador no pueda renovar su mandato en 2027<\/strong>.<\/p>\n\n\n\n<p>\u201cIgual, somos optimistas, todav\u00eda hay tiempo\u201d, se\u00f1alan.<\/p>\n\n\n\n<p>Ese planteo llevar\u00e1 este viernes el exministro de Trabajo Juan Manuel Pusineri a la reuni\u00f3n del PJ que formalizar\u00e1 la alianza para las elecciones de constituyentes.<\/p>\n\n\n\n<h2 class=\"wp-block-heading\">Omar Perotti estira la definici\u00f3n<\/h2>\n\n\n\n<p><strong>\u201c\u00bfNos metieron en este quilombo y ahora se hacen los buenos?\u201d<\/strong>, critican desde un espacio que le factura a Perotti que el pacto con Pullaro no incluy\u00f3 las primarias para elegir constitucionales. De esta forma, el peronismo no cuenta con un mecanismo para ordenarse.<\/p>\n\n\n\n<p><\/p>\n\n\n\n<p>Por lo pronto,\u00a0<strong>en el sector del rafaelino aseguran que tienen partido para competir.<\/strong>\u00a0Tanto en el peronismo como en la oposici\u00f3n reconocen que el exjefe de la Casa Gris mide bien. Perotti le dice a los suyos que no va a ser candidato pero en su espacio no cierran la posibilidad hasta el 7 de febrero, el d\u00eda de la presentaci\u00f3n de listas.<\/p>\n\n\n\n<p>Por\u00a0<a href=\"https:\/\/www.lacapital.com.ar\/mariano-darrigo-p1282883.html\">Mariano D&#8217;Arrigo<\/a><\/p>\n","protected":false},"excerpt":{"rendered":"<p>El espacio de Omar Perotti insiste con un acuerdo entre tribus del PJ para la Constituyente.<\/p>\n","protected":false},"author":1,"featured_media":45338,"comment_status":"open","ping_status":"open","sticky":false,"template":"","format":"image","meta":{"_jetpack_memberships_contains_paid_content":false,"footnotes":"","jetpack_publicize_message":"","jetpack_publicize_feature_enabled":true,"jetpack_social_post_already_shared":true,"jetpack_social_options":{"image_generator_settings":{"template":"highway","default_image_id":0,"enabled":false},"version":2}},"categories":[8,1,2,7,3],"tags":[2561,19,5030,15,200,1584,8777,11417],"class_list":["post-45337","post","type-post","status-publish","format-image","has-post-thumbnail","hentry","category-deliberando","category-diario-armstrong","category-locales","category-politica","category-region","tag-acuerdo","tag-de","tag-diario-armstrong","tag-en","tag-espacio","tag-insiste","tag-lic-graciela-de-la-casa","tag-omar-perotti","post_format-post-format-image"],"jetpack_publicize_connections":[],"jetpack_featured_media_url":"https:\/\/armstrongyregion.com.ar\/diario\/wp-content\/uploads\/2025\/02\/El-espacio-de-Omar-Perotti-insiste-con-un-acuerdo-entre-tribus-del-PJ-para-la-Constituyente.jpg","jetpack_shortlink":"https:\/\/wp.me\/p62QDO-bNf","jetpack_sharing_enabled":true,"amp_enabled":true,"_links":{"self":[{"href":"https:\/\/armstrongyregion.com.ar\/diario\/wp-json\/wp\/v2\/posts\/45337","targetHints":{"allow":["GET"]}}],"collection":[{"href":"https:\/\/armstrongyregion.com.ar\/diario\/wp-json\/wp\/v2\/posts"}],"about":[{"href":"https:\/\/armstrongyregion.com.ar\/diario\/wp-json\/wp\/v2\/types\/post"}],"author":[{"embeddable":true,"href":"https:\/\/armstrongyregion.com.ar\/diario\/wp-json\/wp\/v2\/users\/1"}],"replies":[{"embeddable":true,"href":"https:\/\/armstrongyregion.com.ar\/diario\/wp-json\/wp\/v2\/comments?post=45337"}],"version-history":[{"count":1,"href":"https:\/\/armstrongyregion.com.ar\/diario\/wp-json\/wp\/v2\/posts\/45337\/revisions"}],"predecessor-version":[{"id":45339,"href":"https:\/\/armstrongyregion.com.ar\/diario\/wp-json\/wp\/v2\/posts\/45337\/revisions\/45339"}],"wp:featuredmedia":[{"embeddable":true,"href":"https:\/\/armstrongyregion.com.ar\/diario\/wp-json\/wp\/v2\/media\/45338"}],"wp:attachment":[{"href":"https:\/\/armstrongyregion.com.ar\/diario\/wp-json\/wp\/v2\/media?parent=45337"}],"wp:term":[{"taxonomy":"category","embeddable":true,"href":"https:\/\/armstrongyregion.com.ar\/diario\/wp-json\/wp\/v2\/categories?post=45337"},{"taxonomy":"post_tag","embeddable":true,"href":"https:\/\/armstrongyregion.com.ar\/diario\/wp-json\/wp\/v2\/tags?post=45337"}],"curies":[{"name":"wp","href":"https:\/\/api.w.org\/{rel}","templated":true}]}}