{"id":45334,"date":"2025-02-02T00:02:08","date_gmt":"2025-02-02T00:02:08","guid":{"rendered":"https:\/\/armstrongyregion.com.ar\/diario\/?p=45334"},"modified":"2025-02-02T00:02:10","modified_gmt":"2025-02-02T00:02:10","slug":"unidos-para-cambiar-santa-fe-formalizo-el-frente-electoral-con-la-incorporacion-de-nuevos-partidos","status":"publish","type":"post","link":"https:\/\/armstrongyregion.com.ar\/diario\/unidos-para-cambiar-santa-fe-formalizo-el-frente-electoral-con-la-incorporacion-de-nuevos-partidos\/","title":{"rendered":"\u00abUnidos para cambiar Santa Fe\u00bb formaliz\u00f3 el frente electoral con la incorporaci\u00f3n de nuevos partidos."},"content":{"rendered":"\n<figure class=\"wp-block-image size-full\"><img loading=\"lazy\" decoding=\"async\" width=\"640\" height=\"480\" src=\"http:\/\/armstrongyregion.com.ar\/diario\/wp-content\/uploads\/2025\/02\/UNIDOS-SANTAFE-.jpg\" alt=\"\" class=\"wp-image-45335\" srcset=\"https:\/\/armstrongyregion.com.ar\/diario\/wp-content\/uploads\/2025\/02\/UNIDOS-SANTAFE-.jpg 640w, https:\/\/armstrongyregion.com.ar\/diario\/wp-content\/uploads\/2025\/02\/UNIDOS-SANTAFE--300x225.jpg 300w\" sizes=\"auto, (max-width: 640px) 100vw, 640px\" \/><\/figure>\n\n\n\n<h2 class=\"wp-block-heading\">Este viernes, en la ciudad de Santa Fe se suscribi\u00f3 el acta de adhesi\u00f3n de todos los partidos que integrar\u00e1n la alianza \u201cUnidos Para Cambiar Santa Fe\u201d, que se presentar\u00e1 a los comicios del presente a\u00f1o en la Provincia de Santa Fe, ratific\u00e1ndose la plataforma electoral de origen.<\/h2>\n\n\n\n<p>En tal sentido, el acta suscripta ser\u00e1 presentada en tiempo y forma en el plazo previsto (02\/02\/25) para Reconocimiento de Alianzas que ordena el cronograma electoral.<\/p>\n\n\n\n<p><strong>Ampliaci\u00f3n de la alianza \u201cUnidos\u201d<\/strong><\/p>\n\n\n\n<p>De esta manera \u201cla coalici\u00f3n gobernante ampl\u00eda su base de sustentaci\u00f3n con la incorporaci\u00f3n de 2 nuevas fuerzas pol\u00edticas provinciales como son los partidos \u00abHacemos\u00bb y la \u00abDemocracia Cristiana\u00bb, adem\u00e1s de 3 partidos distritales.<\/p>\n\n\n\n<p>Los partidos firmantes del acta de formalizaci\u00f3n de la alianza son:<\/p>\n\n\n\n<p>UNI\u00d3N C\u00cdVICA RADICAL, PRO-PROPUESTA REPUBLICANA, PARTIDO SOCIALISTA, PARTIDO DEM\u00d3CRATA PROGRESISTA, PARTIDO CREO, UNI\u00d3N DEL CENTRO DEMOCRATICO, PARTIDO UNIR; UNA NUEVA OPORTUNIDAD; UNIDOS; GEN; PARTIDO HACEMOS y PARTIDO DEM\u00d3CRATA CRISTIANO.<br>A su vez formalizaron su adhesi\u00f3n el PARTIDO SOMOS CA\u00d1ADA; el PARTIDO UNI\u00d3N VECINAL LAS PAREJAS y el PARTIDO UNIDOS POR MACIEL.<\/p>\n\n\n\n<p><strong>Cronograma electoral<\/strong><\/p>\n\n\n\n<p>Cabe recordad que el 13 de abril se realizar\u00e1n las elecciones PASO (Primarias, Abiertas, Simult\u00e1neas y Obligatorias) para los cargos municipales y comunales y el 29 de junio las elecciones generales. Adem\u00e1s, el 13 de abril se llevar\u00e1n a cabo las elecciones de convencionales constituyentes reformadores.<\/p>\n\n\n\n<p>Para tal fin el 07 de Febrero vence el plazo para inscripci\u00f3n de Candidatos y Precandidatos ante Autoridades Partidarias. Cierre de Listas. 09 de Febrero: Fin Plazo Aprobaci\u00f3n u Observaci\u00f3n de Candidatos y Precandidatos por Autoridades Partidarias. 10 de Febrero: Fin Plazo para que las Autoridades Partidarias presenten Listas de Candidatos y Precandidatos ante el Tribunal Electoral de la Provincia.<\/p>\n\n\n\n<p>Fuente: Renacer Regional.<\/p>\n","protected":false},"excerpt":{"rendered":"<p>\u00abUnidos para cambiar Santa Fe\u00bb formaliz\u00f3 el frente electoral con la incorporaci\u00f3n de nuevos partidos.<\/p>\n","protected":false},"author":1,"featured_media":45335,"comment_status":"open","ping_status":"open","sticky":false,"template":"","format":"image","meta":{"_jetpack_memberships_contains_paid_content":false,"footnotes":"","jetpack_publicize_message":"","jetpack_publicize_feature_enabled":true,"jetpack_social_post_already_shared":true,"jetpack_social_options":{"image_generator_settings":{"template":"highway","default_image_id":0,"enabled":false},"version":2}},"categories":[8,1,2,7,3],"tags":[100,19,8772,9266,257,11416,1536,11415,2326],"class_list":["post-45334","post","type-post","status-publish","format-image","has-post-thumbnail","hentry","category-deliberando","category-diario-armstrong","category-locales","category-politica","category-region","tag-con","tag-de","tag-electoral-2","tag-formalizo","tag-frente","tag-incorporacion","tag-partidos","tag-unidos-para-cambiar-santa-fe","tag-varios","post_format-post-format-image"],"jetpack_publicize_connections":[],"jetpack_featured_media_url":"https:\/\/armstrongyregion.com.ar\/diario\/wp-content\/uploads\/2025\/02\/UNIDOS-SANTAFE-.jpg","jetpack_shortlink":"https:\/\/wp.me\/p62QDO-bNc","jetpack_sharing_enabled":true,"amp_enabled":true,"_links":{"self":[{"href":"https:\/\/armstrongyregion.com.ar\/diario\/wp-json\/wp\/v2\/posts\/45334","targetHints":{"allow":["GET"]}}],"collection":[{"href":"https:\/\/armstrongyregion.com.ar\/diario\/wp-json\/wp\/v2\/posts"}],"about":[{"href":"https:\/\/armstrongyregion.com.ar\/diario\/wp-json\/wp\/v2\/types\/post"}],"author":[{"embeddable":true,"href":"https:\/\/armstrongyregion.com.ar\/diario\/wp-json\/wp\/v2\/users\/1"}],"replies":[{"embeddable":true,"href":"https:\/\/armstrongyregion.com.ar\/diario\/wp-json\/wp\/v2\/comments?post=45334"}],"version-history":[{"count":1,"href":"https:\/\/armstrongyregion.com.ar\/diario\/wp-json\/wp\/v2\/posts\/45334\/revisions"}],"predecessor-version":[{"id":45336,"href":"https:\/\/armstrongyregion.com.ar\/diario\/wp-json\/wp\/v2\/posts\/45334\/revisions\/45336"}],"wp:featuredmedia":[{"embeddable":true,"href":"https:\/\/armstrongyregion.com.ar\/diario\/wp-json\/wp\/v2\/media\/45335"}],"wp:attachment":[{"href":"https:\/\/armstrongyregion.com.ar\/diario\/wp-json\/wp\/v2\/media?parent=45334"}],"wp:term":[{"taxonomy":"category","embeddable":true,"href":"https:\/\/armstrongyregion.com.ar\/diario\/wp-json\/wp\/v2\/categories?post=45334"},{"taxonomy":"post_tag","embeddable":true,"href":"https:\/\/armstrongyregion.com.ar\/diario\/wp-json\/wp\/v2\/tags?post=45334"}],"curies":[{"name":"wp","href":"https:\/\/api.w.org\/{rel}","templated":true}]}}