{"id":45325,"date":"2025-01-31T18:07:52","date_gmt":"2025-01-31T18:07:52","guid":{"rendered":"https:\/\/armstrongyregion.com.ar\/diario\/?p=45325"},"modified":"2025-01-31T18:07:53","modified_gmt":"2025-01-31T18:07:53","slug":"alerta-por-ola-de-calor-en-el-centro-del-pais-temperaturas-de-hasta-40c-y-tormentas-aisladas","status":"publish","type":"post","link":"https:\/\/armstrongyregion.com.ar\/diario\/alerta-por-ola-de-calor-en-el-centro-del-pais-temperaturas-de-hasta-40c-y-tormentas-aisladas\/","title":{"rendered":"Alerta por ola de calor en el centro del pa\u00eds: temperaturas de hasta 40\u00b0C y tormentas aisladas."},"content":{"rendered":"\n<figure class=\"wp-block-image size-full\"><img loading=\"lazy\" decoding=\"async\" width=\"570\" height=\"320\" src=\"http:\/\/armstrongyregion.com.ar\/diario\/wp-content\/uploads\/2021\/12\/golpe-calor-.jpg\" alt=\"\" class=\"wp-image-32704\" srcset=\"https:\/\/armstrongyregion.com.ar\/diario\/wp-content\/uploads\/2021\/12\/golpe-calor-.jpg 570w, https:\/\/armstrongyregion.com.ar\/diario\/wp-content\/uploads\/2021\/12\/golpe-calor--300x168.jpg 300w\" sizes=\"auto, (max-width: 570px) 100vw, 570px\" \/><\/figure>\n\n\n\n<h2 class=\"wp-block-heading\">El Servicio Meteorol\u00f3gico Nacional advierte sobre una semana de calor extremo en Santa Fe, C\u00f3rdoba, Entre R\u00edos y San Luis, con posibles tormentas intensas a comienzos de febrero.<\/h2>\n\n\n\n<p>El centro del pa\u00eds se prepara para enfrentar una ola de calor extremo en los pr\u00f3ximos d\u00edas. El Servicio Meteorol\u00f3gico Nacional (SMN) inform\u00f3 que las temperaturas alcanzar\u00e1n los 37\u00b0C el domingo 2 de febrero y podr\u00edan llegar a los 40\u00b0C el martes 4 en las provincias de Santa Fe, C\u00f3rdoba, Entre R\u00edos y San Luis, as\u00ed como en zonas aleda\u00f1as.<\/p>\n\n\n\n<h3 class=\"wp-block-heading\">Altas temperaturas y tormentas intensas<\/h3>\n\n\n\n<p>Seg\u00fan los pron\u00f3sticos, las altas temperaturas podr\u00edan venir acompa\u00f1adas de tormentas aisladas pero intensas en los primeros d\u00edas de febrero. Desde el organismo meteorol\u00f3gico y el grupo de monitoreo \u00abCaza Tormentas del Sur\u00bb advirtieron que el sofocante calor podr\u00eda desencadenar temporales fuertes o incluso severos en algunas \u00e1reas.<\/p>\n\n\n\n<h3 class=\"wp-block-heading\">Cuidados y prevenci\u00f3n ante la ola de calor<\/h3>\n\n\n\n<p>Ante esta situaci\u00f3n clim\u00e1tica extrema, se recomienda tomar medidas preventivas para evitar golpes de calor y otros problemas de salud. Las principales recomendaciones incluyen:<\/p>\n\n\n\n<p>* Mantenerse hidratado y consumir abundante agua.<br>* Evitar la exposici\u00f3n directa al sol en las horas de mayor radiaci\u00f3n (entre las 10 y las 16 horas).<br>* Usar protector solar, ropa liviana y de colores claros.<br>* No realizar actividad f\u00edsica intensa en horarios de alta temperatura.<br>* Prestar especial atenci\u00f3n a ni\u00f1os, adultos mayores y personas con enfermedades cr\u00f3nicas.<\/p>\n\n\n\n<h3 class=\"wp-block-heading\">\u00bfCu\u00e1ndo llega el alivio?<\/h3>\n\n\n\n<p><strong>Los pron\u00f3sticos indican que el mi\u00e9rcoles 5 de febrero podr\u00eda registrarse un leve descenso de la temperatura<\/strong>, con chaparrones aislados y una m\u00e1xima inferior a los 30\u00b0C, lo que traer\u00eda un respiro tras varios d\u00edas de calor sofocante.<\/p>\n\n\n\n<p>Las autoridades meteorol\u00f3gicas continuar\u00e1n emitiendo actualizaciones y recomiendan estar atentos a los reportes oficiales para tomar las precauciones necesarias ante el calor extremo y posibles tormentas.<\/p>\n","protected":false},"excerpt":{"rendered":"<p>Alerta por ola de calor en el centro del pa\u00eds: temperaturas de hasta 40\u00b0C y tormentas aisladas.<\/p>\n","protected":false},"author":1,"featured_media":6165,"comment_status":"open","ping_status":"open","sticky":false,"template":"","format":"image","meta":{"_jetpack_memberships_contains_paid_content":false,"footnotes":"","jetpack_publicize_message":"","jetpack_publicize_feature_enabled":true,"jetpack_social_post_already_shared":true,"jetpack_social_options":{"image_generator_settings":{"template":"highway","default_image_id":0,"enabled":false},"version":2}},"categories":[8,1,2,7,3],"tags":[11412,230,11411,5030,8777,11410,3318,11413],"class_list":["post-45325","post","type-post","status-publish","format-image","has-post-thumbnail","hentry","category-deliberando","category-diario-armstrong","category-locales","category-politica","category-region","tag-40-2","tag-alerta","tag-centro-del-pais","tag-diario-armstrong","tag-lic-graciela-de-la-casa","tag-ola-de-calor","tag-temperaturas","tag-tormentas-aisladas","post_format-post-format-image"],"jetpack_publicize_connections":[],"jetpack_featured_media_url":"https:\/\/armstrongyregion.com.ar\/diario\/wp-content\/uploads\/2016\/02\/calor.jpg","jetpack_shortlink":"https:\/\/wp.me\/p62QDO-bN3","jetpack_sharing_enabled":true,"amp_enabled":true,"_links":{"self":[{"href":"https:\/\/armstrongyregion.com.ar\/diario\/wp-json\/wp\/v2\/posts\/45325","targetHints":{"allow":["GET"]}}],"collection":[{"href":"https:\/\/armstrongyregion.com.ar\/diario\/wp-json\/wp\/v2\/posts"}],"about":[{"href":"https:\/\/armstrongyregion.com.ar\/diario\/wp-json\/wp\/v2\/types\/post"}],"author":[{"embeddable":true,"href":"https:\/\/armstrongyregion.com.ar\/diario\/wp-json\/wp\/v2\/users\/1"}],"replies":[{"embeddable":true,"href":"https:\/\/armstrongyregion.com.ar\/diario\/wp-json\/wp\/v2\/comments?post=45325"}],"version-history":[{"count":1,"href":"https:\/\/armstrongyregion.com.ar\/diario\/wp-json\/wp\/v2\/posts\/45325\/revisions"}],"predecessor-version":[{"id":45326,"href":"https:\/\/armstrongyregion.com.ar\/diario\/wp-json\/wp\/v2\/posts\/45325\/revisions\/45326"}],"wp:featuredmedia":[{"embeddable":true,"href":"https:\/\/armstrongyregion.com.ar\/diario\/wp-json\/wp\/v2\/media\/6165"}],"wp:attachment":[{"href":"https:\/\/armstrongyregion.com.ar\/diario\/wp-json\/wp\/v2\/media?parent=45325"}],"wp:term":[{"taxonomy":"category","embeddable":true,"href":"https:\/\/armstrongyregion.com.ar\/diario\/wp-json\/wp\/v2\/categories?post=45325"},{"taxonomy":"post_tag","embeddable":true,"href":"https:\/\/armstrongyregion.com.ar\/diario\/wp-json\/wp\/v2\/tags?post=45325"}],"curies":[{"name":"wp","href":"https:\/\/api.w.org\/{rel}","templated":true}]}}