{"id":45317,"date":"2025-01-31T15:00:27","date_gmt":"2025-01-31T15:00:27","guid":{"rendered":"https:\/\/armstrongyregion.com.ar\/diario\/?p=45317"},"modified":"2025-01-31T15:00:29","modified_gmt":"2025-01-31T15:00:29","slug":"provincia-fortalece-la-infraestructura-escolar-del-departamento-iriondo","status":"publish","type":"post","link":"https:\/\/armstrongyregion.com.ar\/diario\/provincia-fortalece-la-infraestructura-escolar-del-departamento-iriondo\/","title":{"rendered":"Provincia fortalece la infraestructura escolar del departamento Iriondo."},"content":{"rendered":"\n<figure class=\"wp-block-image size-full\"><img loading=\"lazy\" decoding=\"async\" width=\"640\" height=\"480\" src=\"http:\/\/armstrongyregion.com.ar\/diario\/wp-content\/uploads\/2025\/01\/Educacion-Iriondo-.jpg\" alt=\"\" class=\"wp-image-45318\" srcset=\"https:\/\/armstrongyregion.com.ar\/diario\/wp-content\/uploads\/2025\/01\/Educacion-Iriondo-.jpg 640w, https:\/\/armstrongyregion.com.ar\/diario\/wp-content\/uploads\/2025\/01\/Educacion-Iriondo--300x225.jpg 300w\" sizes=\"auto, (max-width: 640px) 100vw, 640px\" \/><\/figure>\n\n\n\n<h2 class=\"wp-block-heading\">El ministro Goity recorri\u00f3 las obras del Programa 1.000 Aulas y de edificios escolares en Correa, Clason, Salto Grande, Pueblo Andino y Oliveros. \u201cFortalecer la infraestructura escolar es una pol\u00edtica prioritaria porque estamos convencidos que mejores escuelas significan mejores aprendizajes\u00bb, resalt\u00f3.<\/h2>\n\n\n\n<p>El ministro de Educaci\u00f3n, Jos\u00e9 Goity, recorri\u00f3 las obras que el gobierno provincial ejecuta en el marco del Programa 1.000 Aulas y edificios escolares en las localidades de Correa, Clason, Salo Grande, Pueblo Andino y Oliveros, del departamento Iriondo, tareas que se encaran para fortalecer la infraestructura escolar y generar mejores aprendizajes.<\/p>\n\n\n\n<p>En la oportunidad, Goity indic\u00f3 que \u00abenero es un mes de intenso trabajo para nosotros, estamos inspeccionando los avances de los trabajos del Programa 1.000 Aula y las obras de los nuevos edificios escolares. Fortalecer la infraestructura escolar es una pol\u00edtica prioritaria para nosotros porque estamos convencidos que mejores escuelas significan mejores aprendizajes\u00bb.<\/p>\n\n\n\n<p>En este sentido, el ministro sostuvo que \u00ab2025 ser\u00e1 el a\u00f1o de los aprendizajes y de la calidad educativa en la provincia de Santa Fe\u00bb.<\/p>\n\n\n\n<p>Durante la recorrida el ministro estuvo acompa\u00f1ado por el senador del departamento Iriondo, Hugo Rasetto; la secretaria de Coordinaci\u00f3n y Gesti\u00f3n de Recursos, Mar\u00eda Mart\u00edn; la delegada Regional de Educaci\u00f3n, Marisa Pr\u00edncipe; quienes mantuvieron encuentros con directivos, docentes y las autoridades locales: Nahuel Cejas (Correa), Leonel Werkman (Clason), Nerea Alvarez (Salto Grande), Leonardo Tempesta (Pueblo Andino) y Mart\u00edn Calori (Oliveros).<\/p>\n\n\n\n<figure class=\"wp-block-image\"><img decoding=\"async\" src=\"https:\/\/ci3.googleusercontent.com\/meips\/ADKq_NbUsl_eOsfGoZZUL1Ea7CU2RBKGBuNI-21FvdQ7GIIkCntnq04rqMsl6TadVBMBW4cE94-sooOkSpA6M7pTWJ5CyDijfj9eDnOy7usU53nILSAUoL_Zg6K34fZm6vUy5gtiuiV1AmsjUAxS0dU=s0-d-e1-ft#https:\/\/www.santafe.gob.ar\/noticias\/recursos\/fotos\/2025\/01\/2025-01-29NID_282182O_2.jpeg\" alt=\"\"\/><\/figure>\n\n\n\n<p><strong>Nuevas aulas y nuevos edificios<\/strong><\/p>\n\n\n\n<p>La secretaria de Coordinaci\u00f3n y Gesti\u00f3n de Recursos se\u00f1al\u00f3 que \u00abel Programa 1.000 Aulas avanza a buen ritmo en toda la provincia; tenemos cerca de 400 aulas en construcci\u00f3n y lo logramos en el primer a\u00f1o de gesti\u00f3n. En 2025 vamos a seguir trabajando con el mismo compromiso para lograr el objetivo encomendado por el gobernador Maximiliano Pullaro\u00bb.<\/p>\n\n\n\n<p>En primer t\u00e9rmino, las autoridades provinciales recorrieron las dos nuevas aulas que se est\u00e1n construyendo en la EESO N\u00b0 260 Jos\u00e9 Pedroni de Correa, que permitir\u00e1n \u201ctener mayor capacidad para el alumnado y recuperar el uso habitual de la biblioteca, ya que frente a la necesidad de lugar, la misma se hab\u00eda adaptado como sal\u00f3n. Tambi\u00e9n se proyecta un laboratorio para los alumnos de la modalidad de Ciencias Naturales\u00bb, detall\u00f3 Goity.<\/p>\n\n\n\n<p>En la localidad de Clason visitaron la escuela Primaria N\u00b0 216 \u00abDomingo Faustino Sarmiento\u00bb donde tambi\u00e9n se est\u00e1n realizando dos nuevas aulas que permitir\u00e1n tener espacios m\u00e1s c\u00f3modos y \u00f3ptimos para fortalecer aprendizajes.<\/p>\n\n\n\n<figure class=\"wp-block-image\"><img decoding=\"async\" src=\"https:\/\/ci3.googleusercontent.com\/meips\/ADKq_NYiZkLHJWRNqQh7IUKdjMhXGkgxn5ILhNJ6vxu1fQzPFs_BNyzyJ9sDe3gbHJBVr_WLnsEuqayd9TfKps08HlXz82mMOaec7U3F5MlCdh46YBDpFI51booYcpvx8G367Z1G0sXUJbp_lz2GlCg=s0-d-e1-ft#https:\/\/www.santafe.gob.ar\/noticias\/recursos\/fotos\/2025\/01\/2025-01-29NID_282182O_3.jpeg\" alt=\"\"\/><\/figure>\n\n\n\n<p>En Salto Grande \u00abrecorrimos las obras del nuevo edificio del Jard\u00edn N\u00b0 281, que anunciamos en junio de 2024, y que presenta un avance del 10%. Prev\u00e9 3 salas de nivel inicial con sus sanitarios, direcci\u00f3n, secretar\u00eda, y espacios de porter\u00eda\u00bb, detall\u00f3 el ministro. Luego, las autoridades visitaron las escuelas Primaria N\u00b0 241 y la EESO N\u00b0 307.<\/p>\n\n\n\n<p>Por \u00faltimo, se trasladaron a Pueblo Andino y recorrieron la Escuela N\u00ba 256 Manuel Belgrano, donde se est\u00e1n construyendo dos nuevas aulas, que una vez finalizadas permitir\u00e1n recuperar el espacio de comedor que fue dividido para crear un sal\u00f3n.<\/p>\n","protected":false},"excerpt":{"rendered":"<p>Provincia fortalece la infraestructura escolar del departamento Iriondo.<\/p>\n","protected":false},"author":1,"featured_media":45318,"comment_status":"open","ping_status":"open","sticky":false,"template":"","format":"image","meta":{"_jetpack_memberships_contains_paid_content":false,"footnotes":"","jetpack_publicize_message":"","jetpack_publicize_feature_enabled":true,"jetpack_social_post_already_shared":true,"jetpack_social_options":{"image_generator_settings":{"template":"highway","default_image_id":0,"enabled":false},"version":2}},"categories":[6,8,1,2,7,3],"tags":[872,5030,10121,8797,2705,8605,8640],"class_list":["post-45317","post","type-post","status-publish","format-image","has-post-thumbnail","hentry","category-cultura-entretenimiento","category-deliberando","category-diario-armstrong","category-locales","category-politica","category-region","tag-departamento","tag-diario-armstrong","tag-escolar-2","tag-fortalece","tag-infraestructura","tag-iriondo-2","tag-provincia-2","post_format-post-format-image"],"jetpack_publicize_connections":[],"jetpack_featured_media_url":"https:\/\/armstrongyregion.com.ar\/diario\/wp-content\/uploads\/2025\/01\/Educacion-Iriondo-.jpg","jetpack_shortlink":"https:\/\/wp.me\/p62QDO-bMV","jetpack_sharing_enabled":true,"amp_enabled":true,"_links":{"self":[{"href":"https:\/\/armstrongyregion.com.ar\/diario\/wp-json\/wp\/v2\/posts\/45317","targetHints":{"allow":["GET"]}}],"collection":[{"href":"https:\/\/armstrongyregion.com.ar\/diario\/wp-json\/wp\/v2\/posts"}],"about":[{"href":"https:\/\/armstrongyregion.com.ar\/diario\/wp-json\/wp\/v2\/types\/post"}],"author":[{"embeddable":true,"href":"https:\/\/armstrongyregion.com.ar\/diario\/wp-json\/wp\/v2\/users\/1"}],"replies":[{"embeddable":true,"href":"https:\/\/armstrongyregion.com.ar\/diario\/wp-json\/wp\/v2\/comments?post=45317"}],"version-history":[{"count":1,"href":"https:\/\/armstrongyregion.com.ar\/diario\/wp-json\/wp\/v2\/posts\/45317\/revisions"}],"predecessor-version":[{"id":45319,"href":"https:\/\/armstrongyregion.com.ar\/diario\/wp-json\/wp\/v2\/posts\/45317\/revisions\/45319"}],"wp:featuredmedia":[{"embeddable":true,"href":"https:\/\/armstrongyregion.com.ar\/diario\/wp-json\/wp\/v2\/media\/45318"}],"wp:attachment":[{"href":"https:\/\/armstrongyregion.com.ar\/diario\/wp-json\/wp\/v2\/media?parent=45317"}],"wp:term":[{"taxonomy":"category","embeddable":true,"href":"https:\/\/armstrongyregion.com.ar\/diario\/wp-json\/wp\/v2\/categories?post=45317"},{"taxonomy":"post_tag","embeddable":true,"href":"https:\/\/armstrongyregion.com.ar\/diario\/wp-json\/wp\/v2\/tags?post=45317"}],"curies":[{"name":"wp","href":"https:\/\/api.w.org\/{rel}","templated":true}]}}