{"id":45314,"date":"2025-02-01T23:54:04","date_gmt":"2025-02-01T23:54:04","guid":{"rendered":"https:\/\/armstrongyregion.com.ar\/diario\/?p=45314"},"modified":"2025-02-01T23:54:06","modified_gmt":"2025-02-01T23:54:06","slug":"ultimo-ensayo-de-la-delegacion-santafesina-antes-de-presentarse-en-el-festival-de-cosquin","status":"publish","type":"post","link":"https:\/\/armstrongyregion.com.ar\/diario\/ultimo-ensayo-de-la-delegacion-santafesina-antes-de-presentarse-en-el-festival-de-cosquin\/","title":{"rendered":"\u00daltimo ensayo de la delegaci\u00f3n santafesina antes de presentarse en el Festival de Cosqu\u00edn"},"content":{"rendered":"\n<figure class=\"wp-block-image size-large\"><img loading=\"lazy\" decoding=\"async\" width=\"640\" height=\"426\" src=\"http:\/\/armstrongyregion.com.ar\/diario\/wp-content\/uploads\/2025\/02\/ENSAYO-1--640x426.jpg\" alt=\"\" class=\"wp-image-45329\" srcset=\"https:\/\/armstrongyregion.com.ar\/diario\/wp-content\/uploads\/2025\/02\/ENSAYO-1--640x426.jpg 640w, https:\/\/armstrongyregion.com.ar\/diario\/wp-content\/uploads\/2025\/02\/ENSAYO-1--300x200.jpg 300w, https:\/\/armstrongyregion.com.ar\/diario\/wp-content\/uploads\/2025\/02\/ENSAYO-1--768x512.jpg 768w, https:\/\/armstrongyregion.com.ar\/diario\/wp-content\/uploads\/2025\/02\/ENSAYO-1-.jpg 800w\" sizes=\"auto, (max-width: 640px) 100vw, 640px\" \/><\/figure>\n\n\n\n<p>Fue este jueves, con el acompa\u00f1amiento del gobernador Pullaro. Santa Fe se presentar\u00e1 este s\u00e1bado en la ciudad cordobesa y ser\u00e1 una de las tres delegaciones provinciales que participar\u00e1. El elenco local estar\u00e1 compuesto por un cuerpo de ballet de 40 integrantes y cinco cantantes en escena.<\/p>\n\n\n\n<p><\/p>\n\n\n\n<figure class=\"wp-block-image size-large\"><img loading=\"lazy\" decoding=\"async\" width=\"640\" height=\"426\" src=\"http:\/\/armstrongyregion.com.ar\/diario\/wp-content\/uploads\/2025\/02\/ENSAYO-2--640x426.jpg\" alt=\"\" class=\"wp-image-45330\" srcset=\"https:\/\/armstrongyregion.com.ar\/diario\/wp-content\/uploads\/2025\/02\/ENSAYO-2--640x426.jpg 640w, https:\/\/armstrongyregion.com.ar\/diario\/wp-content\/uploads\/2025\/02\/ENSAYO-2--300x200.jpg 300w, https:\/\/armstrongyregion.com.ar\/diario\/wp-content\/uploads\/2025\/02\/ENSAYO-2--768x512.jpg 768w, https:\/\/armstrongyregion.com.ar\/diario\/wp-content\/uploads\/2025\/02\/ENSAYO-2-.jpg 800w\" sizes=\"auto, (max-width: 640px) 100vw, 640px\" \/><\/figure>\n\n\n\n<p>La delegaci\u00f3n oficial de la provincia de Santa Fe realiz\u00f3 el \u00faltimo ensayo antes de presentarse este s\u00e1bado en la Octava Luna del Festival Nacional de Folklore Cosqu\u00edn 2025. Del ensayo del espect\u00e1culo que re\u00fane danza, voces, m\u00fasica e im\u00e1genes, participaron el gobernador Maximiliano Pullaro; la vicegobernadora Gisela Scaglia; y la ministra de Cultura, Susana Rueda, entre otras autoridades.<\/p>\n\n\n\n<p>Santa Fe ser\u00e1 una de las tres delegaciones provinciales que estar\u00e1n presentes en esta nueva edici\u00f3n de Cosqu\u00edn. La delegaci\u00f3n provincial brindar\u00e1 una actuaci\u00f3n de casi 30 minutos y tendr\u00e1 como ejes tem\u00e1ticos los nombres y obras de dos artistas santafesinos de renombre: el cantor y compositor Horacio Guarany y el cineasta Fernando Birri. Ambos cumplir\u00edan 100 a\u00f1os este 2025. El elenco santafesino estar\u00e1 compuesto por un cuerpo de ballet de 40 integrantes y cinco cantantes en escena.<\/p>\n\n\n\n<p>Luego del ensayo, Rueda destac\u00f3 \u201cque fue un encuentro muy emotivo, estaba el coraz\u00f3n puesto en Santa Fe y en el escenario mayor de la Plaza Pr\u00f3spero Molina. Para los bailarines, cantantes y m\u00fasicos, que pertenecen a localidades de todos los rincones de la provincia, es un momento muy emotivo. Para todas las autoridades provinciales es un orgullo poder hacer esto, tener las herramientas y contar con la decisi\u00f3n pol\u00edtica del gobernador Maximiliano Pullaro y la vicegobernadora Gisela Scaglia para sostener que la cultura no es un gasto, sino una inversi\u00f3n, territorial y participativa\u201d.<\/p>\n\n\n\n<p>\u201cLa delegaci\u00f3n santafesina est\u00e1 compuesta por m\u00e1s de 40 personas. Esperamos que est\u00e9 llena la plaza y que la gente aplauda mucho. Somos la \u00fanica provincia, de las tres que participan, que construy\u00f3 su propio elenco. Por eso hacemos hincapi\u00e9 en la inversi\u00f3n que el Gobierno de la Provincia hace en cultura y que el p\u00fablico reconozca ese esfuerzo, el arte y el talento santafesino. La presentaci\u00f3n de la delegaci\u00f3n santafesina tendr\u00e1 como ejes Horacio Guarany y Fernando Birri, quienes cumplir\u00edan 100 a\u00f1os. Este a\u00f1o tenemos el enorme orgullo de contar con la participaci\u00f3n del hijo de Horacio Guarany. Este viernes al mediod\u00eda parte la delegaci\u00f3n a Cosqu\u00edn desde la Casa de la Cultura de la ciudad de Santa Fe\u201d, afirm\u00f3 la ministra de Cultura, quien estuvo acompa\u00f1ada por el secretario de Desarrollos Culturales, Paulo Ricci y concejalas de la ciudad.<\/p>\n\n\n\n<figure class=\"wp-block-image size-large\"><img loading=\"lazy\" decoding=\"async\" width=\"640\" height=\"426\" src=\"http:\/\/armstrongyregion.com.ar\/diario\/wp-content\/uploads\/2025\/02\/ENSAYO-3--640x426.jpg\" alt=\"\" class=\"wp-image-45332\" srcset=\"https:\/\/armstrongyregion.com.ar\/diario\/wp-content\/uploads\/2025\/02\/ENSAYO-3--640x426.jpg 640w, https:\/\/armstrongyregion.com.ar\/diario\/wp-content\/uploads\/2025\/02\/ENSAYO-3--300x200.jpg 300w, https:\/\/armstrongyregion.com.ar\/diario\/wp-content\/uploads\/2025\/02\/ENSAYO-3--768x512.jpg 768w, https:\/\/armstrongyregion.com.ar\/diario\/wp-content\/uploads\/2025\/02\/ENSAYO-3-.jpg 800w\" sizes=\"auto, (max-width: 640px) 100vw, 640px\" \/><\/figure>\n\n\n\n<p>Una propuesta con tres lenguajes art\u00edsticos<br>Por otro lado, la directora coreogr\u00e1fica Mariela Frey explic\u00f3: \u201cHoy hicimos un ensayo general de un proceso que viene desarroll\u00e1ndose desde noviembre, cuando fuimos a los distintos nodos a ver las audiciones. Ese es el nacimiento de la delegaci\u00f3n santafesina. La presentaci\u00f3n combina los tres lenguajes art\u00edsticos: m\u00fasica, danza y audiovisual, que es lo novedoso para Cosqu\u00edn. La propuesta es contar a Birri a trav\u00e9s de la m\u00fasica y la po\u00e9tica de Guarany. Por su parte, la danza aporta su propia narrativa\u201d.<\/p>\n\n\n\n<p>En tanto, el director coreogr\u00e1fico Dar\u00edo Kluczkiewicz indic\u00f3 que \u201cesta propuesta es la construcci\u00f3n de un aqu\u00ed y ahora con el mensaje de las obras de ambos artistas. Tanto Birri como Guarany ten\u00edan trabajo colaborativo y grupalidad, cuando emerg\u00eda uno fue como consecuencia de la grupalidad. Por eso en escena se ven siempre los grupos y la grupalidad como determinante y condicionante en la puesta en escena.<\/p>\n\n\n\n<p>Por \u00faltimo, el director musical de la delegaci\u00f3n, Pablo Ayala recalc\u00f3 \u201cla emoci\u00f3n de ver materializado el trabajo de muchos meses. Tenemos mucha ansiedad y expectativa de replicar este ensayo en el escenario de Cosqu\u00edn. Desde lo musical conformamos un plantel \u00fanico, pudimos seleccionar voces de distintos puntos de la provincia y eso se nota en sus acentos, al igual que los m\u00fasicos\u201d.<\/p>\n","protected":false},"excerpt":{"rendered":"<p>Fue este jueves, con el acompa\u00f1amiento del gobernador Pullaro. Santa Fe se presentar\u00e1 este s\u00e1bado en la ciudad cordobesa y ser\u00e1 una de las tres delegaciones provinciales que participar\u00e1. El elenco local estar\u00e1 compuesto por un cuerpo de ballet de 40 integrantes y cinco cantantes en escena. La delegaci\u00f3n oficial de la provincia de Santa <a href=\"https:\/\/armstrongyregion.com.ar\/diario\/ultimo-ensayo-de-la-delegacion-santafesina-antes-de-presentarse-en-el-festival-de-cosquin\/\" title=\"Read more\" >&#8230;<\/a><\/p>\n","protected":false},"author":2,"featured_media":45329,"comment_status":"open","ping_status":"open","sticky":false,"template":"","format":"image","meta":{"_jetpack_memberships_contains_paid_content":false,"footnotes":"","jetpack_publicize_message":"","jetpack_publicize_feature_enabled":true,"jetpack_social_post_already_shared":true,"jetpack_social_options":{"image_generator_settings":{"template":"highway","default_image_id":0,"enabled":false},"version":2}},"categories":[6,8,1,2,7,3],"tags":[20,11414,10721,318,8777],"class_list":["post-45314","post","type-post","status-publish","format-image","has-post-thumbnail","hentry","category-cultura-entretenimiento","category-deliberando","category-diario-armstrong","category-locales","category-politica","category-region","tag-armstrong","tag-cosquin-3","tag-diario-armstrong-region","tag-festival","tag-lic-graciela-de-la-casa","post_format-post-format-image"],"jetpack_publicize_connections":[],"jetpack_featured_media_url":"https:\/\/armstrongyregion.com.ar\/diario\/wp-content\/uploads\/2025\/02\/ENSAYO-1-.jpg","jetpack_shortlink":"https:\/\/wp.me\/p62QDO-bMS","jetpack_sharing_enabled":true,"amp_enabled":true,"_links":{"self":[{"href":"https:\/\/armstrongyregion.com.ar\/diario\/wp-json\/wp\/v2\/posts\/45314","targetHints":{"allow":["GET"]}}],"collection":[{"href":"https:\/\/armstrongyregion.com.ar\/diario\/wp-json\/wp\/v2\/posts"}],"about":[{"href":"https:\/\/armstrongyregion.com.ar\/diario\/wp-json\/wp\/v2\/types\/post"}],"author":[{"embeddable":true,"href":"https:\/\/armstrongyregion.com.ar\/diario\/wp-json\/wp\/v2\/users\/2"}],"replies":[{"embeddable":true,"href":"https:\/\/armstrongyregion.com.ar\/diario\/wp-json\/wp\/v2\/comments?post=45314"}],"version-history":[{"count":1,"href":"https:\/\/armstrongyregion.com.ar\/diario\/wp-json\/wp\/v2\/posts\/45314\/revisions"}],"predecessor-version":[{"id":45333,"href":"https:\/\/armstrongyregion.com.ar\/diario\/wp-json\/wp\/v2\/posts\/45314\/revisions\/45333"}],"wp:featuredmedia":[{"embeddable":true,"href":"https:\/\/armstrongyregion.com.ar\/diario\/wp-json\/wp\/v2\/media\/45329"}],"wp:attachment":[{"href":"https:\/\/armstrongyregion.com.ar\/diario\/wp-json\/wp\/v2\/media?parent=45314"}],"wp:term":[{"taxonomy":"category","embeddable":true,"href":"https:\/\/armstrongyregion.com.ar\/diario\/wp-json\/wp\/v2\/categories?post=45314"},{"taxonomy":"post_tag","embeddable":true,"href":"https:\/\/armstrongyregion.com.ar\/diario\/wp-json\/wp\/v2\/tags?post=45314"}],"curies":[{"name":"wp","href":"https:\/\/api.w.org\/{rel}","templated":true}]}}