{"id":45301,"date":"2025-01-31T14:47:42","date_gmt":"2025-01-31T14:47:42","guid":{"rendered":"https:\/\/armstrongyregion.com.ar\/diario\/?p=45301"},"modified":"2025-01-31T14:47:44","modified_gmt":"2025-01-31T14:47:44","slug":"pullaro-pusimos-en-orden-el-estado-y-los-recursos-que-ahorramos-van-a-la-obra-publica","status":"publish","type":"post","link":"https:\/\/armstrongyregion.com.ar\/diario\/pullaro-pusimos-en-orden-el-estado-y-los-recursos-que-ahorramos-van-a-la-obra-publica\/","title":{"rendered":"Pullaro: \u201cPusimos en orden el Estado y los recursos que ahorramos van a la obra p\u00fablica\u201d"},"content":{"rendered":"\n<figure class=\"wp-block-image size-large\"><img loading=\"lazy\" decoding=\"async\" width=\"640\" height=\"360\" src=\"http:\/\/armstrongyregion.com.ar\/diario\/wp-content\/uploads\/2025\/01\/Pullaro-2025-5-640x360.jpg\" alt=\"\" class=\"wp-image-45315\" srcset=\"https:\/\/armstrongyregion.com.ar\/diario\/wp-content\/uploads\/2025\/01\/Pullaro-2025-5-640x360.jpg 640w, https:\/\/armstrongyregion.com.ar\/diario\/wp-content\/uploads\/2025\/01\/Pullaro-2025-5-300x169.jpg 300w, https:\/\/armstrongyregion.com.ar\/diario\/wp-content\/uploads\/2025\/01\/Pullaro-2025-5-768x432.jpg 768w, https:\/\/armstrongyregion.com.ar\/diario\/wp-content\/uploads\/2025\/01\/Pullaro-2025-5.jpg 960w\" sizes=\"auto, (max-width: 640px) 100vw, 640px\" \/><\/figure>\n\n\n\n<h2 class=\"wp-block-heading\">Lo dijo el gobernador al encabezar en Rosario el acto de apertura de ofertas para la intervenci\u00f3n integral del Parque Espa\u00f1a. Entre otras tareas, se reconstruir\u00e1n los muelles que sufrieron un desprendimiento. La inversi\u00f3n estimada es de casi $ 24.000 millones.<\/h2>\n\n\n\n<p>El gobernador Maximiliano Pullaro encabez\u00f3 este lunes la apertura de sobres con las ofertas econ\u00f3micas de la licitaci\u00f3n para las obras de intervenci\u00f3n integral del Parque Espa\u00f1a, en Rosario, a la que se presentaron seis oferentes. Los trabajos cuentan con un presupuesto oficial (actualizado a enero) de $23.901.152.638,79 y un plazo de obra de 540 d\u00edas. Asimismo, se realiz\u00f3 la entrega de 100 escrituras del Programa de Titularizaci\u00f3n de Viviendas Sociales a familias de 25 barrios de zona sur y sudoeste de la ciudad.<\/p>\n\n\n\n<p>Las tareas se enmarcan en el Acuerdo Rosario -que incluye 35 obras en la ciudad- y contemplan la reconstrucci\u00f3n de los muelles; la ampliaci\u00f3n de la explanada del Centro Cultural Parque de Espa\u00f1a hacia el norte; y un solado de bloques intertrabados en gamas de grises y rojos. Asimismo, se proyecta una rampa circular que conectar\u00e1 la cota alta con la cota baja. La superficie total del muelle alcanza los 4.200 metros cuadrados, incorpor\u00e1ndose maceteros de dimensiones considerables, rodeados de bancos.<\/p>\n\n\n\n<p>El gobernador resalt\u00f3 la importancia del acto, por dos cuestiones significativas. Por un lado, para \u201cabrir las ofertas de esta obra tan importante para la identidad de esta ciudad y de esta provincia\u201d y, por otro, \u201centregar escrituras a personas que se esforzaron durante toda la vida para tener su casa propia y pagar su casa propia y pasaron all\u00ed momentos buenos, momentos felices\u201d. \u201cEs un honor estar aqu\u00ed como gobernador de la Provincia Invencible de Santa Fe. De a poco, pero con mucho esfuerzo, sentimos que nos estamos transformando en la capital del interior de la Rep\u00fablica Argentina\u201d, agreg\u00f3.&nbsp;<\/p>\n\n\n\n<figure class=\"wp-block-image\"><img decoding=\"async\" src=\"https:\/\/ci3.googleusercontent.com\/meips\/ADKq_NZeUnw8k0t-Hza1iquHrTmv6E2RIp2wsZ86wnw39g0vMNt0MkIZd40WXU12SW__FyisgH7DG286DgOuXuIVYExU8GvFo8VplEduYH4b3m3TwgFQi_RBV1JeQj8HO3_wMxAVShZz5S2r36Vo0Jk=s0-d-e1-ft#https:\/\/www.santafe.gov.ar\/noticias\/recursos\/fotos\/2025\/01\/2025-01-28NID_282168O_2.jpeg\" alt=\"\"\/><\/figure>\n\n\n\n<p>Luego, Pullaro record\u00f3 que fue un a\u00f1o dif\u00edcil y explic\u00f3: \u201cPero entendimos que primero ten\u00edamos que hacer un ajuste a la pol\u00edtica para tener ejemplaridad y poner en orden el Estado y cada recurso que pudi\u00e9semos ahorrar ponerlo en la obra p\u00fablica para llevar adelante un proceso de reactivaci\u00f3n en la provincia, de desarrollo y de igualdad que nos permita vivir mucho mejor\u201d. \u201cEl a\u00f1o pasado invertimos 500 millones de d\u00f3lares en obra p\u00fablica con recursos genuinos y este a\u00f1o tenemos presupuestado 1.500 millones de d\u00f3lares para llevar adelante obra p\u00fablica con recursos propios\u201d, agreg\u00f3.&nbsp;<\/p>\n\n\n\n<p>Por su parte, el intendente de Rosario, Pablo Javkin, destac\u00f3: \u201cEsta ciudad tiene una esencia que es hacerse a s\u00ed misma\u201d. Asimismo, agradeci\u00f3 al gobernador y destac\u00f3: \u201cNo tenemos ninguna duda que en tiempos de tanto grito, lo mejor que podemos hacer contra el grito es rompernos el lomo, trabajar, ser consecuente con la historia de esta ciudad y de esta provincia que trabaja, empuja y crece con lo suyo\u201d.&nbsp;<\/p>\n\n\n\n<figure class=\"wp-block-image\"><img decoding=\"async\" src=\"https:\/\/ci3.googleusercontent.com\/meips\/ADKq_NYIyXNLLuTQQr-CIiqBQe6DWgL3YzOssbU6x3Gv5mHP6MQc3V6cZ54UVNQvlB3z-Oc5nVWGDqQWH1wtgu4tcw-WZKnbnnNT7NEEa32mMYjsHXDAfiAMUYJ5nlOds2D-ISPebX6JeynY50kPC-g=s0-d-e1-ft#https:\/\/www.santafe.gov.ar\/noticias\/recursos\/fotos\/2025\/01\/2025-01-28NID_282168O_3.jpeg\" alt=\"\"\/><\/figure>\n\n\n\n<p>Por otro lado, el ministro de Obras P\u00fablicas, Lisandro Enrico, explic\u00f3 que la provincia tiene 35 obras proyectadas en la ciudad, \u201calgunas de las cuales ya est\u00e1n terminadas y entregadas, como el Memorial de la calle Salta\u201d. Luego, realiz\u00f3 un resumen de las mismas y anunci\u00f3: \u201cEsta gesti\u00f3n provincial va a retomar la abandonada obra, desde hace cinco a\u00f1os, del Hospital Regional Sur, un gran suceso por su impronta\u201d.&nbsp;<\/p>\n\n\n\n<p>Finalmente, el subsecretario de Obras P\u00fablicas de la Municipalidad de Rosario, Juan Manuel Ferrer, remarc\u00f3 un punto importante de la obra: \u201cEste proyecto est\u00e1 jerarquizado por un elemento que es una rampa helicoidal de m\u00e1s de 250 metros de desarrollo que va a vincular la cota alta de la ciudad con la cota baja del muelle, fortaleciendo el v\u00ednculo entre la ciudad y el sector, y mejorando la accesibilidad en todo el sector\u201d.&nbsp;<\/p>\n\n\n\n<p>En la actividad, que se realiz\u00f3 en el Centro de Expresiones Contempor\u00e1neas, tambi\u00e9n estuvieron presentes la diputada nacional, Monica Fein; el senador provincial por el departamento Rosario, Ciro Seisas; el secretario de Vivienda y Urbanismo, Lucas Crivelli, entre otras autoridades provinciales y municipales.<\/p>\n\n\n\n<figure class=\"wp-block-image\"><img decoding=\"async\" src=\"https:\/\/ci3.googleusercontent.com\/meips\/ADKq_NbTortAv6EAbHdFaH3_t84VwazXFzp_KBWpzHPuTaysky6flnusFiIsHEYt0plMquZqVm7u3K-RvgIso6DB6510qc38Q4iTV-M7OaoNXk-4ife9UOhFWibjDGArvASZEtbZeJL0jBwPCw1KdM4=s0-d-e1-ft#https:\/\/www.santafe.gov.ar\/noticias\/recursos\/fotos\/2025\/01\/2025-01-28NID_282168O_5.jpeg\" alt=\"\"\/><\/figure>\n\n\n\n<p><strong>Las ofertas econ\u00f3micas<\/strong><\/p>\n\n\n\n<p>Oportunamente, se presentaron 6 ofertas para la intervenci\u00f3n integral del Parque Espa\u00f1a:&nbsp;<\/p>\n\n\n\n<p>&gt;&gt; La primera oferta fue de Supercemento &#8211; Obring (UT) que cotiz\u00f3 los trabajos en $16.153.790.442,49.<\/p>\n\n\n\n<p>&gt;&gt; La segunda de Dinale &#8211; Dyscon &#8211; L.P. Pietroboni (UT), por $22.996.879.653,26<\/p>\n\n\n\n<p>&gt;&gt; La tercera, fue de Riva Saiicfa que present\u00f3 la suma de $22.498.000.000<\/p>\n\n\n\n<p>&gt;&gt; La cuarta oferta correspondi\u00f3 a Mundo Construcciones &#8211; Pentamar (UT) por $17.949.514.132,98.<\/p>\n\n\n\n<p>&gt;&gt; La quinta fue de la firma Electro Constructora &#8211; Pamar (UT) en $25.191.151.476,90.<\/p>\n\n\n\n<p>&gt;&gt; La sexta y \u00faltima oferta, perteneci\u00f3 a la empresa Edeca &#8211; Pecam (UT) que cotiz\u00f3 la obra en $20.798.500.000.<\/p>\n","protected":false},"excerpt":{"rendered":"<p>Pullaro: \u201cPusimos en orden el Estado y los recursos que ahorramos van a la obra p\u00fablica\u201d<\/p>\n","protected":false},"author":1,"featured_media":45315,"comment_status":"open","ping_status":"open","sticky":false,"template":"","format":"image","meta":{"_jetpack_memberships_contains_paid_content":false,"footnotes":"","jetpack_publicize_message":"","jetpack_publicize_feature_enabled":true,"jetpack_social_post_already_shared":true,"jetpack_social_options":{"image_generator_settings":{"template":"highway","default_image_id":0,"enabled":false},"version":2}},"categories":[8,1,2,7,3],"tags":[11406,5030,3618,10410,2846,10120],"class_list":["post-45301","post","type-post","status-publish","format-image","has-post-thumbnail","hentry","category-deliberando","category-diario-armstrong","category-locales","category-politica","category-region","tag-ahorramos","tag-diario-armstrong","tag-estado","tag-obra-publica","tag-pullaro","tag-recursos","post_format-post-format-image"],"jetpack_publicize_connections":[],"jetpack_featured_media_url":"https:\/\/armstrongyregion.com.ar\/diario\/wp-content\/uploads\/2025\/01\/Pullaro-2025-5.jpg","jetpack_shortlink":"https:\/\/wp.me\/p62QDO-bMF","jetpack_sharing_enabled":true,"amp_enabled":true,"_links":{"self":[{"href":"https:\/\/armstrongyregion.com.ar\/diario\/wp-json\/wp\/v2\/posts\/45301","targetHints":{"allow":["GET"]}}],"collection":[{"href":"https:\/\/armstrongyregion.com.ar\/diario\/wp-json\/wp\/v2\/posts"}],"about":[{"href":"https:\/\/armstrongyregion.com.ar\/diario\/wp-json\/wp\/v2\/types\/post"}],"author":[{"embeddable":true,"href":"https:\/\/armstrongyregion.com.ar\/diario\/wp-json\/wp\/v2\/users\/1"}],"replies":[{"embeddable":true,"href":"https:\/\/armstrongyregion.com.ar\/diario\/wp-json\/wp\/v2\/comments?post=45301"}],"version-history":[{"count":1,"href":"https:\/\/armstrongyregion.com.ar\/diario\/wp-json\/wp\/v2\/posts\/45301\/revisions"}],"predecessor-version":[{"id":45316,"href":"https:\/\/armstrongyregion.com.ar\/diario\/wp-json\/wp\/v2\/posts\/45301\/revisions\/45316"}],"wp:featuredmedia":[{"embeddable":true,"href":"https:\/\/armstrongyregion.com.ar\/diario\/wp-json\/wp\/v2\/media\/45315"}],"wp:attachment":[{"href":"https:\/\/armstrongyregion.com.ar\/diario\/wp-json\/wp\/v2\/media?parent=45301"}],"wp:term":[{"taxonomy":"category","embeddable":true,"href":"https:\/\/armstrongyregion.com.ar\/diario\/wp-json\/wp\/v2\/categories?post=45301"},{"taxonomy":"post_tag","embeddable":true,"href":"https:\/\/armstrongyregion.com.ar\/diario\/wp-json\/wp\/v2\/tags?post=45301"}],"curies":[{"name":"wp","href":"https:\/\/api.w.org\/{rel}","templated":true}]}}