{"id":45281,"date":"2025-01-29T01:53:03","date_gmt":"2025-01-29T01:53:03","guid":{"rendered":"https:\/\/armstrongyregion.com.ar\/diario\/?p=45281"},"modified":"2025-01-29T01:53:05","modified_gmt":"2025-01-29T01:53:05","slug":"unidos-comienza-a-armar-su-rompecabezas-de-cara-a-las-elecciones-de-constituyentes","status":"publish","type":"post","link":"https:\/\/armstrongyregion.com.ar\/diario\/unidos-comienza-a-armar-su-rompecabezas-de-cara-a-las-elecciones-de-constituyentes\/","title":{"rendered":"Unidos comienza a armar su rompecabezas de cara a las elecciones de constituyentes."},"content":{"rendered":"\n<div class=\"wp-block-group is-nowrap is-layout-flex wp-container-core-group-is-layout-ad2f72ca wp-block-group-is-layout-flex\">\n<figure class=\"wp-block-image size-large\"><img loading=\"lazy\" decoding=\"async\" width=\"640\" height=\"360\" src=\"http:\/\/armstrongyregion.com.ar\/diario\/wp-content\/uploads\/2025\/01\/unidos_en_santa_fe.jpeg_1756841869-640x360.jpeg\" alt=\"\" class=\"wp-image-45282\" srcset=\"https:\/\/armstrongyregion.com.ar\/diario\/wp-content\/uploads\/2025\/01\/unidos_en_santa_fe.jpeg_1756841869-640x360.jpeg 640w, https:\/\/armstrongyregion.com.ar\/diario\/wp-content\/uploads\/2025\/01\/unidos_en_santa_fe.jpeg_1756841869-300x169.jpeg 300w, https:\/\/armstrongyregion.com.ar\/diario\/wp-content\/uploads\/2025\/01\/unidos_en_santa_fe.jpeg_1756841869-768x432.jpeg 768w, https:\/\/armstrongyregion.com.ar\/diario\/wp-content\/uploads\/2025\/01\/unidos_en_santa_fe.jpeg_1756841869.jpeg 800w\" sizes=\"auto, (max-width: 640px) 100vw, 640px\" \/><\/figure>\n\n\n\n<p><a href=\"https:\/\/www.rosario3.com\/staff\/dschwarzstein\"><\/a><\/p>\n<\/div>\n\n\n\n<h2 class=\"wp-block-heading\">Los partidos que integran el frente oficialista santafesino se reunir\u00e1n este mi\u00e9rcoles para empezar a analizar c\u00f3mo se arma la lista, hasta ahora con la \u00fanica certeza de que la encabezar\u00e1 Pullaro. Hay muchos equilibrios a atender y un tema a cuidar: el lugar del PRO\u00a0<\/h2>\n\n\n\n<p>La \u00fanica certeza, hasta el momento, es que&nbsp;<strong>la lista la va a encabezar Maximiliano Pullaro.<\/strong>&nbsp;Todo lo dem\u00e1s est\u00e1 en debate. Y la discusi\u00f3n entrar\u00e1 en la recta final este mi\u00e9rcoles, cuando los representantes de los distintos partidos que integran el oficialista frente Unidos para Cambiar Santa Fe se re\u00fanan para&nbsp;<strong>comenzar a definir c\u00f3mo arman la n\u00f3mina de candidatos a convencionales constituyentes para los comicios del 13 de abril.<\/strong><\/p>\n\n\n\n<p>Tiempo no sobra \u2013el cierre de listas es el 7 de febrero, es decir en apenas diez d\u00edas\u2013 y la tarea es un verdadero rompecabezas, pues son m\u00e1s de diez partidos los que integran la coalici\u00f3n. Sin la instancia ordenadora de las Paso, las pretensiones, las diferencias,&nbsp;<strong>deber\u00e1n dirimirse en una negociaci\u00f3n compleja a la que, al final del camino, deber\u00e1 bajarle el martillo el gobernador, indiscutido l\u00edder de Unidos.<\/strong><\/p>\n\n\n\n<p>Los 69 convencionales que reformar\u00e1n la Constituci\u00f3n santafesina se elegir\u00e1n en espejo a la Legislatura provincial: 50 por distrito \u00fanico, como los diputados, y 19 por departamento, como los senadores. La diferencia es que para la distribuci\u00f3n de los 50 se aplicar\u00e1 sistema D\u2019Hont puro y no habr\u00e1 la mayor\u00eda autom\u00e1tica de 28 bancas que hoy le corresponden en la C\u00e1mara baja a quien gana la elecci\u00f3n en el rubro diputados.&nbsp;<strong>Ese punto, justamente, ser\u00e1 uno de los que se reformar\u00e1 en la nueva Carta Magna.<\/strong>&nbsp;&nbsp;<\/p>\n\n\n\n<p>Con las encuestas que hoy manejan, los dirigentes de Unidos estiman que conseguir\u00e1n ingresar entre 20 y 24 convencionales de la lista grande y al menos 14 \u2013que es el n\u00famero de senadores con el que hoy cuenta la coalici\u00f3n\u2013 de los departamentales. Ese c\u00e1lculo los pondr\u00eda al borde de la mayor\u00eda.&nbsp;<\/p>\n\n\n\n<p><strong>Pero siempre puede haber cosas que se salgan de plan.<\/strong>&nbsp;Si hay unidad del peronismo, algo hoy por hoy dif\u00edcil, eso podr\u00eda jugar en contra del oficialismo. La Libertad Avanza no tiene un candidato fuerte, pero crece como identidad pol\u00edtica. Tambi\u00e9n la realidad, por ejemplo que se sostenga y crezca un rebrote de violencia, va a jugar electoralmente, en un escenario que es novedoso en muchos sentidos. Por caso, no todos los d\u00edas se reforma una Constituci\u00f3n y tambi\u00e9n es absolutamente in\u00e9dito en Santa Fe que un gobernador en funciones, que busca que la Convenci\u00f3n Constituyente habilite su reelecci\u00f3n, sea candidato y exponga su capital pol\u00edtico antes de la mitad de su mandato.&nbsp;&nbsp;&nbsp;<\/p>\n\n\n\n<h2 class=\"wp-block-heading\">El foco de Pullaro y la cuesti\u00f3n PRO<\/h2>\n\n\n\n<p>Pullaro no va a participar de la reuni\u00f3n de este mi\u00e9rcoles en la ciudad de Santa Fe y en principio tampoco lo har\u00e1 en las pr\u00f3ximas. Seguramente reci\u00e9n sobre el final de las negociaciones, que como siempre se estirar\u00e1n hasta el \u00faltimo minuto en todos los partidos, tomar\u00e1 las definiciones que falten: entre ellas qui\u00e9n ser\u00e1 la n\u00famero dos de la lista.&nbsp;<strong>Su foco y su capital est\u00e1n en la gesti\u00f3n.<\/strong>&nbsp;<strong>Enero marc\u00f3 un repunte de los homicidios y los casos de violencia despu\u00e9s de la notable baja de 2024. El gobernador no le pierde pisada al tema.<\/strong><\/p>\n\n\n\n<p>S\u00ed van a estar en la cita en el comit\u00e9 provincial de la UCR la vicegobernadora Gisela Scaglia, en su car\u00e1cter de presidenta del PRO santafesino; el titular de la UCR, el senador Felipe Michlig, y el secretario general del Partido Socialista, Joaqu\u00edn Blanco. Tambi\u00e9n, claro, los representantes de los otros ocho partidos que integran Unidos.<\/p>\n\n\n\n<p><strong>Se trata de&nbsp;una coalici\u00f3n heterog\u00e9nea. Y obviamente, todos quieren participar&nbsp;<\/strong>en una instancia hist\u00f3rica como una reforma constitucional.<\/p>\n\n\n\n<p>Es l\u00f3gico pensar que la UCR ser\u00e1 el sector con mayor representaci\u00f3n en la lista y que el socialismo, el otro socio mayoritario, tendr\u00e1 tambi\u00e9n un rol protag\u00f3nico como lo tuvo en el debate de la ley de necesidad de la reforma.&nbsp;<strong>Radicales y socialistas quieren cuidar tambi\u00e9n que la presencia del PRO sea importante y visible.<\/strong><\/p>\n\n\n\n<p>Lo ven como algo fundamental, en un marco en el que las autoridades nacionales del partido amarillo, con Mauricio Macri a la cabeza, exploran un acuerdo con La Libertad Avanza.&nbsp;Pero adem\u00e1s,&nbsp;<strong>en Santa Fe la agrupaci\u00f3n atraviesa una interna pesada<\/strong>, con algunos dirigentes \u2013como los diputados nacionales Jos\u00e9 N\u00fa\u00f1ez y Gabriel Chumpitaz\u2013 que buscan pista para saltar a las filas de Javier Milei.<\/p>\n\n\n\n<p><a href=\"https:\/\/www.rosario3.com\/opinion\/Retenciones-y-despues-una-cancha-en-comun-para-Milei-y-Pullaro-a-la-que-se-suma-Macri-el-jugador-que-faltaba-20250124-0019.html\" target=\"_blank\" rel=\"noreferrer noopener\">Como adelant\u00f3 el s\u00e1bado&nbsp;<em><strong>Rosario3<\/strong><\/em><\/a>, Macri le hizo saber a Pullaro su respaldo a la reforma constitucional santafesina en una conversaci\u00f3n que mantuvieron el 15 de enero. Se espera que el expresidente d\u00e9 otro paso y&nbsp;en febrero llegue a Santa Fe para hacer p\u00fablico ese respaldo.&nbsp;<strong>Si eso se concreta fortalecer\u00eda la posici\u00f3n de Scaglia y dar\u00eda un mensaje al electorado que hoy para Unidos tiene valor<\/strong>: que en Santa Fe, el PRO est\u00e1 firme adentro de la coalici\u00f3n oficialista.<\/p>\n\n\n\n<h2 class=\"wp-block-heading\">Representaci\u00f3n con matices<\/h2>\n\n\n\n<p>\u201cEn Unidos conviven experiencias de centroizquierda y centroderecha. Y lo hacen de buena manera. Eso es in\u00e9dito y tenemos que cuidarlo\u201d, sostiene uno de los armadores m\u00e1s importantes de Unidos. Que entiende que&nbsp;<strong>la lista tiene que, justamente, reflejar los matices de la coalici\u00f3n.<\/strong>&nbsp;Es decir que no solo est\u00e9n representados los partidos grandes, sino tambi\u00e9n los otros como Creo (de Pablo Javkin), el PDP y el GEN, entre otros. Tambi\u00e9n cree que hay campo para sumar a la coalici\u00f3n a dirigentes con trayectoria en el justicialismo, como ya pas\u00f3 con Claudia Giaccone, representante local de Hacemos, el partido del cordob\u00e9s Juan Schiaretti.<\/p>\n\n\n\n<p>Pero adem\u00e1s de la representaci\u00f3n partidaria, hay otros equilibrios a atender: por caso, menciona la fuente consultada por&nbsp;<em><strong>Rosario3<\/strong><\/em>, entre el Ejecutivo, el legislativo y lo territorial.&nbsp;<strong>As\u00ed como los actuales senadores ser\u00e1n muy probablemente los candidatos departamentales, habr\u00e1 participaci\u00f3n de intendentes y de diputados en la lista grande.&nbsp;<\/strong><\/p>\n\n\n\n<p>La experiencia parlamentaria puede ser m\u00e1s que valorable en una Convenci\u00f3n Constituyente, donde se necesitan condiciones y serenidad para bancarse debates que pueden ser \u00e1speros y a la vez profundos. Pero adem\u00e1s, es deseable que, si bien se sabe que hay temas que partir\u00e1n aguas \u2013entre ellos si el actual gobernador puede ser reelecto\u2013,&nbsp;<strong>el ejercicio del consenso domine la mayor parte&nbsp;de un texto que se supone trascendente y perdurable como una Constituci\u00f3n.<\/strong><\/p>\n\n\n\n<p>Unidos explorar\u00e1 esa capacidad, primero, puertas adentro.<\/p>\n\n\n\n<p>Por Damian\u00a0Schwarzstein.<\/p>\n","protected":false},"excerpt":{"rendered":"<p>Unidos comienza a armar su rompecabezas de cara a las elecciones de constituyentes.<\/p>\n","protected":false},"author":1,"featured_media":45282,"comment_status":"open","ping_status":"open","sticky":false,"template":"","format":"image","meta":{"_jetpack_memberships_contains_paid_content":false,"footnotes":"","jetpack_publicize_message":"","jetpack_publicize_feature_enabled":true,"jetpack_social_post_already_shared":true,"jetpack_social_options":{"image_generator_settings":{"template":"highway","default_image_id":0,"enabled":false},"version":2}},"categories":[8,1,2,7,3],"tags":[33,8603,1299,11401,5030,8495,8777,11400,1448],"class_list":["post-45281","post","type-post","status-publish","format-image","has-post-thumbnail","hentry","category-deliberando","category-diario-armstrong","category-locales","category-politica","category-region","tag-a","tag-armar","tag-comienza","tag-constituyentes","tag-diario-armstrong","tag-elecciones-2","tag-lic-graciela-de-la-casa","tag-ropecabezas","tag-unidos","post_format-post-format-image"],"jetpack_publicize_connections":[],"jetpack_featured_media_url":"https:\/\/armstrongyregion.com.ar\/diario\/wp-content\/uploads\/2025\/01\/unidos_en_santa_fe.jpeg_1756841869.jpeg","jetpack_shortlink":"https:\/\/wp.me\/p62QDO-bMl","jetpack_sharing_enabled":true,"amp_enabled":true,"_links":{"self":[{"href":"https:\/\/armstrongyregion.com.ar\/diario\/wp-json\/wp\/v2\/posts\/45281","targetHints":{"allow":["GET"]}}],"collection":[{"href":"https:\/\/armstrongyregion.com.ar\/diario\/wp-json\/wp\/v2\/posts"}],"about":[{"href":"https:\/\/armstrongyregion.com.ar\/diario\/wp-json\/wp\/v2\/types\/post"}],"author":[{"embeddable":true,"href":"https:\/\/armstrongyregion.com.ar\/diario\/wp-json\/wp\/v2\/users\/1"}],"replies":[{"embeddable":true,"href":"https:\/\/armstrongyregion.com.ar\/diario\/wp-json\/wp\/v2\/comments?post=45281"}],"version-history":[{"count":1,"href":"https:\/\/armstrongyregion.com.ar\/diario\/wp-json\/wp\/v2\/posts\/45281\/revisions"}],"predecessor-version":[{"id":45283,"href":"https:\/\/armstrongyregion.com.ar\/diario\/wp-json\/wp\/v2\/posts\/45281\/revisions\/45283"}],"wp:featuredmedia":[{"embeddable":true,"href":"https:\/\/armstrongyregion.com.ar\/diario\/wp-json\/wp\/v2\/media\/45282"}],"wp:attachment":[{"href":"https:\/\/armstrongyregion.com.ar\/diario\/wp-json\/wp\/v2\/media?parent=45281"}],"wp:term":[{"taxonomy":"category","embeddable":true,"href":"https:\/\/armstrongyregion.com.ar\/diario\/wp-json\/wp\/v2\/categories?post=45281"},{"taxonomy":"post_tag","embeddable":true,"href":"https:\/\/armstrongyregion.com.ar\/diario\/wp-json\/wp\/v2\/tags?post=45281"}],"curies":[{"name":"wp","href":"https:\/\/api.w.org\/{rel}","templated":true}]}}