{"id":45275,"date":"2025-01-29T00:25:55","date_gmt":"2025-01-29T00:25:55","guid":{"rendered":"https:\/\/armstrongyregion.com.ar\/diario\/?p=45275"},"modified":"2025-01-29T00:25:58","modified_gmt":"2025-01-29T00:25:58","slug":"incendio-en-la-asociacion-nazareth-evaluacion-de-danos-y-avance-de-obras","status":"publish","type":"post","link":"https:\/\/armstrongyregion.com.ar\/diario\/incendio-en-la-asociacion-nazareth-evaluacion-de-danos-y-avance-de-obras\/","title":{"rendered":"Incendio en la Asociaci\u00f3n Nazareth: evaluaci\u00f3n de da\u00f1os y avance de obras."},"content":{"rendered":"\n<figure class=\"wp-block-image size-large\"><img loading=\"lazy\" decoding=\"async\" width=\"640\" height=\"476\" src=\"http:\/\/armstrongyregion.com.ar\/diario\/wp-content\/uploads\/2025\/01\/incendio-nazareth--640x476.jpg\" alt=\"\" class=\"wp-image-45276\" srcset=\"https:\/\/armstrongyregion.com.ar\/diario\/wp-content\/uploads\/2025\/01\/incendio-nazareth--640x476.jpg 640w, https:\/\/armstrongyregion.com.ar\/diario\/wp-content\/uploads\/2025\/01\/incendio-nazareth--300x223.jpg 300w, https:\/\/armstrongyregion.com.ar\/diario\/wp-content\/uploads\/2025\/01\/incendio-nazareth-.jpg 645w\" sizes=\"auto, (max-width: 640px) 100vw, 640px\" \/><\/figure>\n\n\n\n<h2 class=\"wp-block-heading\">La instituci\u00f3n contin\u00faa su labor terap\u00e9utica mientras reconstruye el edificio afectado por el fuego, estimando una obra de seis meses y alto costo. Solicitan apoyo a la comunidad.<\/h2>\n\n\n\n<h3 class=\"wp-block-heading\">Un duro golpe, pero con esperanza<\/h3>\n\n\n\n<p><br>D\u00edas despu\u00e9s del incendio que afect\u00f3 el edificio de la Asociaci\u00f3n Nazareth en calle Lavalle, la comunidad de Ca\u00f1ada de G\u00f3mez se moviliza para apoyar a esta instituci\u00f3n que trabaja en tratamientos terap\u00e9uticos. Actualmente, los integrantes del grupo Nazareth est\u00e1n alojados en el SUM del Parque Municipal, donde reciben el respaldo del municipio y de la comunidad.<\/p>\n\n\n\n<p>Facundo Ferrigno, director de la Asociaci\u00f3n, habl\u00f3 con&nbsp;<a href=\"https:\/\/cdg24.com.ar\/como-se-encuentra-hoy-la-asociacion-nazareth-despues-del-incendio\/\" rel=\"noreferrer noopener\" target=\"_blank\"><strong>CdG24<\/strong><\/a>&nbsp;contando que&nbsp;<em>\u201cel tratamiento de los chicos no se vio interrumpido. Siguen recibiendo terapias y participando en los grupos terap\u00e9uticos con normalidad\u201d.<\/em><\/p>\n\n\n\n<h3 class=\"wp-block-heading\">Buenas noticias para el edificio<\/h3>\n\n\n\n<p>A pesar de la magnitud del incendio, el da\u00f1o estructural del edificio fue menor al esperado. La arquitecta Andrea Carbonari, encargada de la obra, confirm\u00f3 que las reparaciones ya comenzaron este lunes 27. Los trabajos iniciales incluyen el desmontaje de las perfiler\u00edas de habitaciones y techos, paso previo a la reconstrucci\u00f3n.<\/p>\n\n\n\n<p>El equipo t\u00e9cnico contar\u00e1 con la colaboraci\u00f3n del ingeniero Augusto Abbondanzieri y la supervisi\u00f3n del arquitecto Jorge Dagotto, representante de la Municipalidad.<\/p>\n\n\n\n<p>Ferrigno estim\u00f3 que la reconstrucci\u00f3n demandar\u00e1 al menos seis meses y un presupuesto que oscila entre 80 y 100 millones de pesos.<\/p>\n\n\n\n<h3 class=\"wp-block-heading\">Un llamado a la solidaridad<\/h3>\n\n\n\n<p>Para afrontar los costos de esta obra de gran magnitud, la Asociaci\u00f3n solicita ayuda de la comunidad. Actualmente, necesitan materiales como perfiles galvanizados, durlock y su perfiler\u00eda, tornillos, puertas y ventanas.<\/p>\n\n\n\n<p><em>\u201cEs fundamental la colaboraci\u00f3n de empresas, particulares y corralones. Cada aporte suma para devolverles a los chicos un espacio seguro y digno\u201d,<\/em>&nbsp;se\u00f1al\u00f3 Ferrigno.<\/p>\n\n\n\n<p>Quienes deseen colaborar pueden comunicarse al tel\u00e9fono 3471-550431 o realizar donaciones a trav\u00e9s del Alias bancario del Banco de Santa Fe: NAZARETH2025.<\/p>\n\n\n\n<h3 class=\"wp-block-heading\">Un esfuerzo conjunto<\/h3>\n\n\n\n<p>El apoyo recibido hasta ahora ha sido vital para mantener en pie la misi\u00f3n de la Asociaci\u00f3n Nazareth. Tanto el municipio como vecinos y empresas han respondido con rapidez y compromiso, reafirmando la importancia de la instituci\u00f3n en la comunidad.<\/p>\n\n\n\n<p>La reconstrucci\u00f3n del edificio no solo implica reparar paredes y techos, sino tambi\u00e9n devolverles a los chicos un lugar que sienten como su hogar. Esta cruzada solidaria es un ejemplo de c\u00f3mo, ante la adversidad, la uni\u00f3n y la colaboraci\u00f3n pueden marcar la diferencia.<\/p>\n\n\n\n<p>Fuente: Las Rosas Digital.<\/p>\n","protected":false},"excerpt":{"rendered":"<p>Incendio en la Asociaci\u00f3n Nazareth: evaluaci\u00f3n de da\u00f1os y avance de obras.<\/p>\n","protected":false},"author":1,"featured_media":45276,"comment_status":"open","ping_status":"open","sticky":false,"template":"","format":"image","meta":{"_jetpack_memberships_contains_paid_content":false,"footnotes":"","jetpack_publicize_message":"","jetpack_publicize_feature_enabled":true,"jetpack_social_post_already_shared":true,"jetpack_social_options":{"image_generator_settings":{"template":"highway","default_image_id":0,"enabled":false},"version":2}},"categories":[8,1,2,7,3],"tags":[1280,11396,446,5030,11395,449,8777,11394],"class_list":["post-45275","post","type-post","status-publish","format-image","has-post-thumbnail","hentry","category-deliberando","category-diario-armstrong","category-locales","category-politica","category-region","tag-asociacion","tag-avance-de-obras","tag-danos","tag-diario-armstrong","tag-eveluacion","tag-incendio","tag-lic-graciela-de-la-casa","tag-nazareth-2","post_format-post-format-image"],"jetpack_publicize_connections":[],"jetpack_featured_media_url":"https:\/\/armstrongyregion.com.ar\/diario\/wp-content\/uploads\/2025\/01\/incendio-nazareth-.jpg","jetpack_shortlink":"https:\/\/wp.me\/p62QDO-bMf","jetpack_sharing_enabled":true,"amp_enabled":true,"_links":{"self":[{"href":"https:\/\/armstrongyregion.com.ar\/diario\/wp-json\/wp\/v2\/posts\/45275","targetHints":{"allow":["GET"]}}],"collection":[{"href":"https:\/\/armstrongyregion.com.ar\/diario\/wp-json\/wp\/v2\/posts"}],"about":[{"href":"https:\/\/armstrongyregion.com.ar\/diario\/wp-json\/wp\/v2\/types\/post"}],"author":[{"embeddable":true,"href":"https:\/\/armstrongyregion.com.ar\/diario\/wp-json\/wp\/v2\/users\/1"}],"replies":[{"embeddable":true,"href":"https:\/\/armstrongyregion.com.ar\/diario\/wp-json\/wp\/v2\/comments?post=45275"}],"version-history":[{"count":1,"href":"https:\/\/armstrongyregion.com.ar\/diario\/wp-json\/wp\/v2\/posts\/45275\/revisions"}],"predecessor-version":[{"id":45277,"href":"https:\/\/armstrongyregion.com.ar\/diario\/wp-json\/wp\/v2\/posts\/45275\/revisions\/45277"}],"wp:featuredmedia":[{"embeddable":true,"href":"https:\/\/armstrongyregion.com.ar\/diario\/wp-json\/wp\/v2\/media\/45276"}],"wp:attachment":[{"href":"https:\/\/armstrongyregion.com.ar\/diario\/wp-json\/wp\/v2\/media?parent=45275"}],"wp:term":[{"taxonomy":"category","embeddable":true,"href":"https:\/\/armstrongyregion.com.ar\/diario\/wp-json\/wp\/v2\/categories?post=45275"},{"taxonomy":"post_tag","embeddable":true,"href":"https:\/\/armstrongyregion.com.ar\/diario\/wp-json\/wp\/v2\/tags?post=45275"}],"curies":[{"name":"wp","href":"https:\/\/api.w.org\/{rel}","templated":true}]}}