{"id":45272,"date":"2025-01-29T00:19:40","date_gmt":"2025-01-29T00:19:40","guid":{"rendered":"https:\/\/armstrongyregion.com.ar\/diario\/?p=45272"},"modified":"2025-01-29T00:19:43","modified_gmt":"2025-01-29T00:19:43","slug":"en-febrero-comienza-una-nueva-inscripcion-al-programa-quedate-para-terminar-el-secundario","status":"publish","type":"post","link":"https:\/\/armstrongyregion.com.ar\/diario\/en-febrero-comienza-una-nueva-inscripcion-al-programa-quedate-para-terminar-el-secundario\/","title":{"rendered":"En febrero comienza una nueva inscripci\u00f3n al programa \u201cQuedate\u201d para terminar el secundario."},"content":{"rendered":"\n<figure class=\"wp-block-image size-full\"><img loading=\"lazy\" decoding=\"async\" width=\"451\" height=\"320\" src=\"http:\/\/armstrongyregion.com.ar\/diario\/wp-content\/uploads\/2025\/01\/Quedate-.jpg\" alt=\"\" class=\"wp-image-45273\" srcset=\"https:\/\/armstrongyregion.com.ar\/diario\/wp-content\/uploads\/2025\/01\/Quedate-.jpg 451w, https:\/\/armstrongyregion.com.ar\/diario\/wp-content\/uploads\/2025\/01\/Quedate--300x213.jpg 300w\" sizes=\"auto, (max-width: 451px) 100vw, 451px\" \/><\/figure>\n\n\n\n<h2 class=\"wp-block-heading\">Los interesados podr\u00e1n registrarse en el campus educativo del 1\u00b0 al 5 de ese mes. La iniciativa est\u00e1 dirigida a estudiantes de escuelas p\u00fablicas y privadas que cursaron 2\u00b0, 3\u00b0, 4\u00b0, 5\u00b0 y 6\u00b0 a\u00f1os, durante 2024. El cursado se llevar\u00e1 a cabo del 10 al 21 de febrero.<\/h2>\n\n\n\n<p>Desde el s\u00e1bado 1\u00b0 de febrero hasta el mi\u00e9rcoles 5 estar\u00e1 abierta la inscripci\u00f3n al programa \u201cQuedate\u201d, una iniciativa del Gobierno Provincial para que los j\u00f3venes puedan terminar el secundario. Los interesados deber\u00e1n inscribirse en la modalidad virtual en&nbsp;<a href=\"https:\/\/campuseducativo.santafe.edu.ar\/\" target=\"_blank\" rel=\"noreferrer noopener\">https:\/\/campuseducativo.santafe.edu.ar\/<\/a>&nbsp;, ingresando al bot\u00f3n \u201cQuedate\u201d y registr\u00e1ndose con su ID ciudadana.<\/p>\n\n\n\n<p>El programa est\u00e1 dirigido a estudiantes de escuelas de gesti\u00f3n p\u00fablica y privada que cursaron en 2024 los a\u00f1os 2\u00b0, 3\u00b0, 4\u00b0, 5\u00b0 y 6\u00b0 -y que tengan espacios pendientes de aprobaci\u00f3n cursados en los a\u00f1os 2020, 2021 y 2022-, como as\u00ed tambi\u00e9n a aquellos que cursaron en 2024 en EEMPA y adeuden materias de los a\u00f1os 2020 a 2022.<\/p>\n\n\n\n<p><strong>Apoyo Escolar Presencial<\/strong><\/p>\n\n\n\n<p>Como novedad este a\u00f1o el Ministerio de Educaci\u00f3n pone a disposici\u00f3n horas adicionales para apoyo escolar de manera presencial a estudiantes de Escuelas de Educaci\u00f3n Secundaria Orientada (EESO) que adeuden materias de los a\u00f1os 2023 y 2024.<\/p>\n\n\n\n<p>Las mismas estar\u00e1n disponibles a partir del pr\u00f3ximo 3 de febrero en todas las EESO de la provincia de Santa Fe.<\/p>\n\n\n\n<p><strong>\u201cQuedate\u201d<\/strong><\/p>\n\n\n\n<p>Consiste en una preparaci\u00f3n para las mesas de ex\u00e1menes que no es vinculante ni obligatoria: las tutor\u00edas virtuales no reemplazan la autoridad pedag\u00f3gica definida en cada instituci\u00f3n para la calificaci\u00f3n de los estudiantes, sino que es un dispositivo de apoyo pedag\u00f3gico previo a las mesas examinadoras.<\/p>\n\n\n\n<p>La tutor\u00eda virtual consta de un espacio en la plataforma educativa con clases sincr\u00f3nicas de apoyo y preparaci\u00f3n para las mesas examinadoras fijadas en el calendario escolar; materiales de estudio elaborados a tal fin; y una actividad pr\u00e1ctica sobre el contenido desarrollado.<\/p>\n\n\n\n<p>El cursado del trayecto tutorial consta de cuatro encuentros virtuales sincr\u00f3nicos y obligatorios con abordaje de contenidos fundamentales y priorizados de cada espacio curricular. Finalizado el cursado se dispondr\u00e1 un dispositivo de evaluaci\u00f3n de cada clase.<\/p>\n\n\n\n<p>Asimismo, se emitir\u00e1 una certificaci\u00f3n que acredite la asistencia en las cuatro clases; la nota obtenida en las evaluaciones; y los contenidos que fueron priorizados. Esta certificaci\u00f3n podr\u00e1 ser presentada ante el tribunal docente que conforma la mesa examinadora, a fin de ser considerada como complemento del proceso de evaluaci\u00f3n.<\/p>\n","protected":false},"excerpt":{"rendered":"<p>En febrero comienza una nueva inscripci\u00f3n al programa \u201cQuedate\u201d para terminar el secundario.<\/p>\n","protected":false},"author":1,"featured_media":45273,"comment_status":"open","ping_status":"open","sticky":false,"template":"","format":"image","meta":{"_jetpack_memberships_contains_paid_content":false,"footnotes":"","jetpack_publicize_message":"","jetpack_publicize_feature_enabled":true,"jetpack_social_post_already_shared":true,"jetpack_social_options":{"image_generator_settings":{"template":"highway","default_image_id":0,"enabled":false},"version":2}},"categories":[8,1,2,7,3],"tags":[11393,5030,876,2278,8777,582,11077,9695],"class_list":["post-45272","post","type-post","status-publish","format-image","has-post-thumbnail","hentry","category-deliberando","category-diario-armstrong","category-locales","category-politica","category-region","tag-quedate","tag-diario-armstrong","tag-febrero","tag-inscripcion","tag-lic-graciela-de-la-casa","tag-programa","tag-secundario","tag-terminar","post_format-post-format-image"],"jetpack_publicize_connections":[],"jetpack_featured_media_url":"https:\/\/armstrongyregion.com.ar\/diario\/wp-content\/uploads\/2025\/01\/Quedate-.jpg","jetpack_shortlink":"https:\/\/wp.me\/p62QDO-bMc","jetpack_sharing_enabled":true,"amp_enabled":true,"_links":{"self":[{"href":"https:\/\/armstrongyregion.com.ar\/diario\/wp-json\/wp\/v2\/posts\/45272","targetHints":{"allow":["GET"]}}],"collection":[{"href":"https:\/\/armstrongyregion.com.ar\/diario\/wp-json\/wp\/v2\/posts"}],"about":[{"href":"https:\/\/armstrongyregion.com.ar\/diario\/wp-json\/wp\/v2\/types\/post"}],"author":[{"embeddable":true,"href":"https:\/\/armstrongyregion.com.ar\/diario\/wp-json\/wp\/v2\/users\/1"}],"replies":[{"embeddable":true,"href":"https:\/\/armstrongyregion.com.ar\/diario\/wp-json\/wp\/v2\/comments?post=45272"}],"version-history":[{"count":1,"href":"https:\/\/armstrongyregion.com.ar\/diario\/wp-json\/wp\/v2\/posts\/45272\/revisions"}],"predecessor-version":[{"id":45274,"href":"https:\/\/armstrongyregion.com.ar\/diario\/wp-json\/wp\/v2\/posts\/45272\/revisions\/45274"}],"wp:featuredmedia":[{"embeddable":true,"href":"https:\/\/armstrongyregion.com.ar\/diario\/wp-json\/wp\/v2\/media\/45273"}],"wp:attachment":[{"href":"https:\/\/armstrongyregion.com.ar\/diario\/wp-json\/wp\/v2\/media?parent=45272"}],"wp:term":[{"taxonomy":"category","embeddable":true,"href":"https:\/\/armstrongyregion.com.ar\/diario\/wp-json\/wp\/v2\/categories?post=45272"},{"taxonomy":"post_tag","embeddable":true,"href":"https:\/\/armstrongyregion.com.ar\/diario\/wp-json\/wp\/v2\/tags?post=45272"}],"curies":[{"name":"wp","href":"https:\/\/api.w.org\/{rel}","templated":true}]}}