{"id":45252,"date":"2025-01-27T13:11:31","date_gmt":"2025-01-27T13:11:31","guid":{"rendered":"https:\/\/armstrongyregion.com.ar\/diario\/?p=45252"},"modified":"2025-01-27T13:11:35","modified_gmt":"2025-01-27T13:11:35","slug":"25-de-enero-a-28-anos-del-asesinato-de-jose-luis-cabezas","status":"publish","type":"post","link":"https:\/\/armstrongyregion.com.ar\/diario\/25-de-enero-a-28-anos-del-asesinato-de-jose-luis-cabezas\/","title":{"rendered":"25 de enero: a 28 a\u00f1os del asesinato de Jos\u00e9 Luis Cabezas."},"content":{"rendered":"\n<figure class=\"wp-block-image size-large\"><img loading=\"lazy\" decoding=\"async\" width=\"640\" height=\"424\" src=\"http:\/\/armstrongyregion.com.ar\/diario\/wp-content\/uploads\/2025\/01\/Jose-Luis-CabeZas-640x424.jpg\" alt=\"\" class=\"wp-image-45253\" srcset=\"https:\/\/armstrongyregion.com.ar\/diario\/wp-content\/uploads\/2025\/01\/Jose-Luis-CabeZas-640x424.jpg 640w, https:\/\/armstrongyregion.com.ar\/diario\/wp-content\/uploads\/2025\/01\/Jose-Luis-CabeZas-300x199.jpg 300w, https:\/\/armstrongyregion.com.ar\/diario\/wp-content\/uploads\/2025\/01\/Jose-Luis-CabeZas.jpg 645w\" sizes=\"auto, (max-width: 640px) 100vw, 640px\" \/><\/figure>\n\n\n\n<p>El 25 de enero de 1997 el mundo del periodismo cambi\u00f3 por completo en Argentina. Ese d\u00eda Jos\u00e9 Luis Cabezas, periodista gr\u00e1fico de la revista Noticias, fue brutalmente asesinado en Pinamar.<\/p>\n\n\n\n<p>Con su c\u00e1mara, Cabezas retrat\u00f3 las verdades inc\u00f3modas del poder. Entre sus trabajos m\u00e1s emblem\u00e1ticos est\u00e1 la fotograf\u00eda de Alfredo Yabr\u00e1n, un empresario que hac\u00eda sus negocios a costa del Estado argentino y a espalda de los ciudadanos. Aquella imagen rompi\u00f3 el anonimato de Yabr\u00e1n y marc\u00f3 el destino de Cabezas.<\/p>\n\n\n\n<p>El asesinato de Cabezas fue el m\u00e1s cruel ataque a la libertad de expresi\u00f3n y a la actividad period\u00edstica desde que la Argentina recuper\u00f3 la democracia. Su legado sigue vivo en la lucha diaria por la libertad de prensa y la protecci\u00f3n de quienes buscan la verdad.<\/p>\n\n\n\n<p>Recordar a Jos\u00e9 Luis Cabezas es valorar el rol de los medios y honrar la valent\u00eda de quienes enfrentan las sombras con la verdad e iluminan los rincones m\u00e1s oscuros. #Cabezaspresente<\/p>\n","protected":false},"excerpt":{"rendered":"<p>25 de enero: a 28 a\u00f1os del asesinato de Jos\u00e9 Luis Cabezas.<\/p>\n","protected":false},"author":1,"featured_media":45253,"comment_status":"open","ping_status":"open","sticky":false,"template":"","format":"image","meta":{"_jetpack_memberships_contains_paid_content":false,"footnotes":"","jetpack_publicize_message":"","jetpack_publicize_feature_enabled":true,"jetpack_social_post_already_shared":true,"jetpack_social_options":{"image_generator_settings":{"template":"highway","default_image_id":0,"enabled":false},"version":2}},"categories":[8,1,2,7,3],"tags":[11385,11389,8886],"class_list":["post-45252","post","type-post","status-publish","format-image","has-post-thumbnail","hentry","category-deliberando","category-diario-armstrong","category-locales","category-politica","category-region","tag-25-de-enero","tag-28-anos","tag-asesinato","post_format-post-format-image"],"jetpack_publicize_connections":[],"jetpack_featured_media_url":"https:\/\/armstrongyregion.com.ar\/diario\/wp-content\/uploads\/2025\/01\/Jose-Luis-CabeZas.jpg","jetpack_shortlink":"https:\/\/wp.me\/p62QDO-bLS","jetpack_sharing_enabled":true,"amp_enabled":true,"_links":{"self":[{"href":"https:\/\/armstrongyregion.com.ar\/diario\/wp-json\/wp\/v2\/posts\/45252","targetHints":{"allow":["GET"]}}],"collection":[{"href":"https:\/\/armstrongyregion.com.ar\/diario\/wp-json\/wp\/v2\/posts"}],"about":[{"href":"https:\/\/armstrongyregion.com.ar\/diario\/wp-json\/wp\/v2\/types\/post"}],"author":[{"embeddable":true,"href":"https:\/\/armstrongyregion.com.ar\/diario\/wp-json\/wp\/v2\/users\/1"}],"replies":[{"embeddable":true,"href":"https:\/\/armstrongyregion.com.ar\/diario\/wp-json\/wp\/v2\/comments?post=45252"}],"version-history":[{"count":1,"href":"https:\/\/armstrongyregion.com.ar\/diario\/wp-json\/wp\/v2\/posts\/45252\/revisions"}],"predecessor-version":[{"id":45254,"href":"https:\/\/armstrongyregion.com.ar\/diario\/wp-json\/wp\/v2\/posts\/45252\/revisions\/45254"}],"wp:featuredmedia":[{"embeddable":true,"href":"https:\/\/armstrongyregion.com.ar\/diario\/wp-json\/wp\/v2\/media\/45253"}],"wp:attachment":[{"href":"https:\/\/armstrongyregion.com.ar\/diario\/wp-json\/wp\/v2\/media?parent=45252"}],"wp:term":[{"taxonomy":"category","embeddable":true,"href":"https:\/\/armstrongyregion.com.ar\/diario\/wp-json\/wp\/v2\/categories?post=45252"},{"taxonomy":"post_tag","embeddable":true,"href":"https:\/\/armstrongyregion.com.ar\/diario\/wp-json\/wp\/v2\/tags?post=45252"}],"curies":[{"name":"wp","href":"https:\/\/api.w.org\/{rel}","templated":true}]}}