{"id":45244,"date":"2025-01-25T00:21:15","date_gmt":"2025-01-25T00:21:15","guid":{"rendered":"https:\/\/armstrongyregion.com.ar\/diario\/?p=45244"},"modified":"2025-01-25T00:21:18","modified_gmt":"2025-01-25T00:21:18","slug":"armstrong-feria-de-colores-y-sabores-3","status":"publish","type":"post","link":"https:\/\/armstrongyregion.com.ar\/diario\/armstrong-feria-de-colores-y-sabores-3\/","title":{"rendered":"Armstrong. Feria de Colores y Sabores."},"content":{"rendered":"\n<figure class=\"wp-block-image size-large\"><img loading=\"lazy\" decoding=\"async\" width=\"266\" height=\"480\" src=\"http:\/\/armstrongyregion.com.ar\/diario\/wp-content\/uploads\/2025\/01\/Feria-Colores-24-1-25-266x480.jpg\" alt=\"\" class=\"wp-image-45245\" srcset=\"https:\/\/armstrongyregion.com.ar\/diario\/wp-content\/uploads\/2025\/01\/Feria-Colores-24-1-25-266x480.jpg 266w, https:\/\/armstrongyregion.com.ar\/diario\/wp-content\/uploads\/2025\/01\/Feria-Colores-24-1-25-166x300.jpg 166w, https:\/\/armstrongyregion.com.ar\/diario\/wp-content\/uploads\/2025\/01\/Feria-Colores-24-1-25.jpg 355w\" sizes=\"auto, (max-width: 266px) 100vw, 266px\" \/><\/figure>\n\n\n\n<p>La Municipalidad de Armstrong invita a visitar una nueva jornada de la Feria Sabores y Colores Locales que se realizar\u00e1 el domingo 26 de enero desde las 19:30hs en el paseo artesanal del parque Bracito Fuerte.<\/p>\n\n\n\n<p>Participar\u00e1n una gran cantidad de emprendedores locales ofreciendo sus productos elaborados artesanalmente, y estar\u00e1n presentes tambi\u00e9n artesanos invitados de la regi\u00f3n, con\u00a0 stands de panificaci\u00f3n, chocolater\u00eda, bijouterie, cer\u00e1mica, tejidos, jardiner\u00eda, trabajos en madera, metal y telas, dulces, pinturas, entre otros.<\/p>\n\n\n\n<p>El evento quedar\u00e1 suspendido en caso de lluvia.<\/p>\n","protected":false},"excerpt":{"rendered":"<p>Armstrong. Feria de Colores y Sabores.<\/p>\n","protected":false},"author":1,"featured_media":45245,"comment_status":"open","ping_status":"open","sticky":false,"template":"","format":"image","meta":{"_jetpack_memberships_contains_paid_content":false,"footnotes":"","jetpack_publicize_message":"","jetpack_publicize_feature_enabled":true,"jetpack_social_post_already_shared":true,"jetpack_social_options":{"image_generator_settings":{"template":"highway","default_image_id":0,"enabled":false},"version":2}},"categories":[6,8,1,2,7,3],"tags":[20,1336,19,5030,1725,2320,1335],"class_list":["post-45244","post","type-post","status-publish","format-image","has-post-thumbnail","hentry","category-cultura-entretenimiento","category-deliberando","category-diario-armstrong","category-locales","category-politica","category-region","tag-armstrong","tag-colores","tag-de","tag-diario-armstrong","tag-feria","tag-locales","tag-sabores","post_format-post-format-image"],"jetpack_publicize_connections":[],"jetpack_featured_media_url":"https:\/\/armstrongyregion.com.ar\/diario\/wp-content\/uploads\/2025\/01\/Feria-Colores-24-1-25.jpg","jetpack_shortlink":"https:\/\/wp.me\/p62QDO-bLK","jetpack_sharing_enabled":true,"amp_enabled":true,"_links":{"self":[{"href":"https:\/\/armstrongyregion.com.ar\/diario\/wp-json\/wp\/v2\/posts\/45244","targetHints":{"allow":["GET"]}}],"collection":[{"href":"https:\/\/armstrongyregion.com.ar\/diario\/wp-json\/wp\/v2\/posts"}],"about":[{"href":"https:\/\/armstrongyregion.com.ar\/diario\/wp-json\/wp\/v2\/types\/post"}],"author":[{"embeddable":true,"href":"https:\/\/armstrongyregion.com.ar\/diario\/wp-json\/wp\/v2\/users\/1"}],"replies":[{"embeddable":true,"href":"https:\/\/armstrongyregion.com.ar\/diario\/wp-json\/wp\/v2\/comments?post=45244"}],"version-history":[{"count":1,"href":"https:\/\/armstrongyregion.com.ar\/diario\/wp-json\/wp\/v2\/posts\/45244\/revisions"}],"predecessor-version":[{"id":45246,"href":"https:\/\/armstrongyregion.com.ar\/diario\/wp-json\/wp\/v2\/posts\/45244\/revisions\/45246"}],"wp:featuredmedia":[{"embeddable":true,"href":"https:\/\/armstrongyregion.com.ar\/diario\/wp-json\/wp\/v2\/media\/45245"}],"wp:attachment":[{"href":"https:\/\/armstrongyregion.com.ar\/diario\/wp-json\/wp\/v2\/media?parent=45244"}],"wp:term":[{"taxonomy":"category","embeddable":true,"href":"https:\/\/armstrongyregion.com.ar\/diario\/wp-json\/wp\/v2\/categories?post=45244"},{"taxonomy":"post_tag","embeddable":true,"href":"https:\/\/armstrongyregion.com.ar\/diario\/wp-json\/wp\/v2\/tags?post=45244"}],"curies":[{"name":"wp","href":"https:\/\/api.w.org\/{rel}","templated":true}]}}