{"id":45241,"date":"2025-01-25T00:15:46","date_gmt":"2025-01-25T00:15:46","guid":{"rendered":"https:\/\/armstrongyregion.com.ar\/diario\/?p=45241"},"modified":"2025-01-25T00:15:48","modified_gmt":"2025-01-25T00:15:48","slug":"el-ministro-de-educacion-y-los-gremios-docentes-mantuvieron-una-reunion-de-trabajo","status":"publish","type":"post","link":"https:\/\/armstrongyregion.com.ar\/diario\/el-ministro-de-educacion-y-los-gremios-docentes-mantuvieron-una-reunion-de-trabajo\/","title":{"rendered":"El ministro de Educaci\u00f3n y los gremios docentes mantuvieron una reuni\u00f3n de trabajo."},"content":{"rendered":"\n<figure class=\"wp-block-image size-full\"><img loading=\"lazy\" decoding=\"async\" width=\"640\" height=\"427\" src=\"http:\/\/armstrongyregion.com.ar\/diario\/wp-content\/uploads\/2025\/01\/ministro-sindicalistas-.jpg\" alt=\"\" class=\"wp-image-45242\" srcset=\"https:\/\/armstrongyregion.com.ar\/diario\/wp-content\/uploads\/2025\/01\/ministro-sindicalistas-.jpg 640w, https:\/\/armstrongyregion.com.ar\/diario\/wp-content\/uploads\/2025\/01\/ministro-sindicalistas--300x200.jpg 300w\" sizes=\"auto, (max-width: 640px) 100vw, 640px\" \/><\/figure>\n\n\n\n<h2 class=\"wp-block-heading\">Se busca construir las condiciones necesarias para lograr acuerdos. \u201cHay voluntad y predisposici\u00f3n al di\u00e1logo, y la prioridad est\u00e1 puesta en los aprendizajes\u201d indic\u00f3 Goity, quien a su vez destac\u00f3 la intensa actividad educativa en enero, que incluye 36.000 estudiantes y 1.700 docentes en las escuelas de verano, adem\u00e1s de los avances en el Programa 1000 Aulas.<\/h2>\n\n\n\n<p>El ministro de Educaci\u00f3n de la provincia de Santa Fe, Jos\u00e9 Goity, recibi\u00f3 a representantes de los gremios docentes. En primera instancia se reuni\u00f3 con el Secretario General de Amsaf\u00e9, Rodrigo Alonso, y posteriormente con Pedro Bay\u00fagar de Sadop.&nbsp;<\/p>\n\n\n\n<p>Se reunieron para comenzar a trabajar de cara al inicio del ciclo lectivo 2025. Los encuentros tuvieron lugar este viernes 24 de enero en las oficinas de la cartera educativa de la ciudad de Santa Fe.&nbsp;<\/p>\n\n\n\n<p>Goity enfatiz\u00f3 la prioridad que tienen los aprendizajes en todas las acciones que desarrolla el Ministerio de Educaci\u00f3n y remarc\u00f3 \u201cenero nos encuentra trabajando, con importantes avances del programa 1000 Aulas y con 36.000 estudiantes y 1.700 docentes en las escuelas de verano que hay a lo largo de la provincia\u201d.<\/p>\n\n\n\n<p>En el marco de esta nueva mesa de trabajo Goity destac\u00f3: \u201cestamos construyendo las condiciones necesarias para llegar a los acuerdos que fortalezcan la educaci\u00f3n santafesina\u201d.\u00a0<\/p>\n\n\n\n<p>Finalmente, y de cara a la reuni\u00f3n paritaria que se desarrollar\u00e1 pr\u00f3ximamente, durante el encuentro acordaron mantener el di\u00e1logo abierto para trabajar sobre diversos temas.<\/p>\n\n\n\n<p>Estuvieron presentes en la reuni\u00f3n la secretaria de Coordinaci\u00f3n y Gesti\u00f3n de Recursos, Mar\u00eda Mart\u00edn; la secretaria de Educaci\u00f3n, Carolina Piedrabuena; la secretaria de Gesti\u00f3n Territorial Educativa, Daiana Gallo Ambrosis. En representaci\u00f3n de Amsaf\u00e9 acompa\u00f1aron Patricia Hern\u00e1ndez, Paulo Juncos y Susana Ludmer, y por Sadop, Mart\u00edn Lucero.<\/p>\n","protected":false},"excerpt":{"rendered":"<p>El ministro de Educaci\u00f3n y los gremios docentes mantuvieron una reuni\u00f3n de trabajo.<\/p>\n","protected":false},"author":1,"featured_media":45242,"comment_status":"open","ping_status":"open","sticky":false,"template":"","format":"image","meta":{"_jetpack_memberships_contains_paid_content":false,"footnotes":"","jetpack_publicize_message":"","jetpack_publicize_feature_enabled":true,"jetpack_social_post_already_shared":true,"jetpack_social_options":{"image_generator_settings":{"template":"highway","default_image_id":0,"enabled":false},"version":2}},"categories":[6,8,1,2,7,3],"tags":[5030,2635,9016,11384,462,1066],"class_list":["post-45241","post","type-post","status-publish","format-image","has-post-thumbnail","hentry","category-cultura-entretenimiento","category-deliberando","category-diario-armstrong","category-locales","category-politica","category-region","tag-diario-armstrong","tag-docentes","tag-gremios","tag-ministro-de-trabajo","tag-reunion","tag-trabajo","post_format-post-format-image"],"jetpack_publicize_connections":[],"jetpack_featured_media_url":"https:\/\/armstrongyregion.com.ar\/diario\/wp-content\/uploads\/2025\/01\/ministro-sindicalistas-.jpg","jetpack_shortlink":"https:\/\/wp.me\/p62QDO-bLH","jetpack_sharing_enabled":true,"amp_enabled":true,"_links":{"self":[{"href":"https:\/\/armstrongyregion.com.ar\/diario\/wp-json\/wp\/v2\/posts\/45241","targetHints":{"allow":["GET"]}}],"collection":[{"href":"https:\/\/armstrongyregion.com.ar\/diario\/wp-json\/wp\/v2\/posts"}],"about":[{"href":"https:\/\/armstrongyregion.com.ar\/diario\/wp-json\/wp\/v2\/types\/post"}],"author":[{"embeddable":true,"href":"https:\/\/armstrongyregion.com.ar\/diario\/wp-json\/wp\/v2\/users\/1"}],"replies":[{"embeddable":true,"href":"https:\/\/armstrongyregion.com.ar\/diario\/wp-json\/wp\/v2\/comments?post=45241"}],"version-history":[{"count":1,"href":"https:\/\/armstrongyregion.com.ar\/diario\/wp-json\/wp\/v2\/posts\/45241\/revisions"}],"predecessor-version":[{"id":45243,"href":"https:\/\/armstrongyregion.com.ar\/diario\/wp-json\/wp\/v2\/posts\/45241\/revisions\/45243"}],"wp:featuredmedia":[{"embeddable":true,"href":"https:\/\/armstrongyregion.com.ar\/diario\/wp-json\/wp\/v2\/media\/45242"}],"wp:attachment":[{"href":"https:\/\/armstrongyregion.com.ar\/diario\/wp-json\/wp\/v2\/media?parent=45241"}],"wp:term":[{"taxonomy":"category","embeddable":true,"href":"https:\/\/armstrongyregion.com.ar\/diario\/wp-json\/wp\/v2\/categories?post=45241"},{"taxonomy":"post_tag","embeddable":true,"href":"https:\/\/armstrongyregion.com.ar\/diario\/wp-json\/wp\/v2\/tags?post=45241"}],"curies":[{"name":"wp","href":"https:\/\/api.w.org\/{rel}","templated":true}]}}