{"id":45229,"date":"2025-01-23T15:27:34","date_gmt":"2025-01-23T15:27:34","guid":{"rendered":"https:\/\/armstrongyregion.com.ar\/diario\/?p=45229"},"modified":"2025-01-23T15:27:36","modified_gmt":"2025-01-23T15:27:36","slug":"la-provincia-iniciara-la-paritaria-docente-antes-de-fin-de-enero-con-la-conviccion-de-que-las-clases-comenzaran-el-24-de-febrero","status":"publish","type":"post","link":"https:\/\/armstrongyregion.com.ar\/diario\/la-provincia-iniciara-la-paritaria-docente-antes-de-fin-de-enero-con-la-conviccion-de-que-las-clases-comenzaran-el-24-de-febrero\/","title":{"rendered":"La provincia iniciar\u00e1 la paritaria docente antes de fin de enero con la convicci\u00f3n de que \u00ablas clases comenzar\u00e1n el 24 de febrero\u00bb"},"content":{"rendered":"\n<figure class=\"wp-block-image size-large\"><img loading=\"lazy\" decoding=\"async\" width=\"640\" height=\"360\" src=\"http:\/\/armstrongyregion.com.ar\/diario\/wp-content\/uploads\/2025\/01\/image_-13-_crop1736791688851_crop1736791709693.png_1756841869-640x360.png\" alt=\"\" class=\"wp-image-45231\" srcset=\"https:\/\/armstrongyregion.com.ar\/diario\/wp-content\/uploads\/2025\/01\/image_-13-_crop1736791688851_crop1736791709693.png_1756841869-640x360.png 640w, https:\/\/armstrongyregion.com.ar\/diario\/wp-content\/uploads\/2025\/01\/image_-13-_crop1736791688851_crop1736791709693.png_1756841869-300x169.png 300w, https:\/\/armstrongyregion.com.ar\/diario\/wp-content\/uploads\/2025\/01\/image_-13-_crop1736791688851_crop1736791709693.png_1756841869-768x432.png 768w, https:\/\/armstrongyregion.com.ar\/diario\/wp-content\/uploads\/2025\/01\/image_-13-_crop1736791688851_crop1736791709693.png_1756841869.png 800w\" sizes=\"auto, (max-width: 640px) 100vw, 640px\" \/><\/figure>\n\n\n\n<h2 class=\"wp-block-heading\">El ministro de\u00a0Educaci\u00f3n dijo que la primera convocatoria a los gremios ser\u00e1 la semana que viene. Si bien se mostr\u00f3 confiado en que habr\u00e1 acuerdo, fij\u00f3 como postura que el arranque del ciclo lectivo no deber\u00eda depender de eso.<\/h2>\n\n\n\n<p>El gobierno provincial convocar\u00e1 antes de que termine enero a los gremios docentes para comenzar la discusi\u00f3n de los aumentos salariales en paritarias, seg\u00fan anticip\u00f3 el ministro de Educaci\u00f3n, Jose Goity. El funcionario se mostr\u00f3 confiado en llegar a un acuerdo en febrero, pero tambi\u00e9n sostuvo que de ninguna manera el inicio del ciclo lectivo deber\u00eda estar atado a si eso sucede o no.<\/p>\n\n\n\n<p>\u201cLas clases empiezan el 24 de febrero en el nivel primario y el 5 de marzo en el secundario. Eso es lo que va a suceder. No puede ser que eso est\u00e9 supeditado a la paritaria, tenemos que ser responsables\u201d, dijo, en una frase que fue un claro llamado a la reflexi\u00f3n a los gremios.&nbsp;<\/p>\n\n\n\n<p>\u201cEl a\u00f1o pasado hubo un aprendizaje mutuo; tenemos que ser creativos y sensibles para que las clases inicien y los chicos puedan estar en las escuelas\u201d, insisti\u00f3.<\/p>\n\n\n\n<p>Goity explic\u00f3 que Educaci\u00f3n que el gobierno provincial trabaja para \u201cconstruir las condiciones de un acuerdo salarial\u201d y anticip\u00f3 que en la convocatoria a los gremios que se har\u00e1 antes de que termine el mes se \u201cfijar\u00e1n las pautas\u201d de la discusi\u00f3n con la idea de llegar a un acuerdo en febrero.<\/p>\n\n\n\n<p>\u201cEstamos buscando alternativas y opciones que sean sostenibles para la provincia y permitan defender y preservar el poder adquisitivo de los trabajadores\u201d, agreg\u00f3, sin dar n\u00fameros.<\/p>\n\n\n\n<p>\u201cVamos a ir por los acuerdos. Hay buena voluntad y va a pasar\u201d, enfatiz\u00f3.<\/p>\n\n\n\n<h2 class=\"wp-block-heading\">\u00a0<\/h2>\n\n\n\n<p><\/p>\n","protected":false},"excerpt":{"rendered":"<p>La provincia iniciar\u00e1 la paritaria docente antes de fin de enero con la convicci\u00f3n de que \u00ablas clases comenzar\u00e1n el 24 de febrero\u00bb<\/p>\n","protected":false},"author":1,"featured_media":45231,"comment_status":"open","ping_status":"open","sticky":false,"template":"","format":"image","meta":{"_jetpack_memberships_contains_paid_content":false,"footnotes":"","jetpack_publicize_message":"","jetpack_publicize_feature_enabled":true,"jetpack_social_post_already_shared":true,"jetpack_social_options":{"image_generator_settings":{"template":"highway","default_image_id":0,"enabled":false},"version":2}},"categories":[6,8,1,2,7,3],"tags":[11378,1027,5030,9058,10526],"class_list":["post-45229","post","type-post","status-publish","format-image","has-post-thumbnail","hentry","category-cultura-entretenimiento","category-deliberando","category-diario-armstrong","category-locales","category-politica","category-region","tag-24-de-febrero","tag-clases","tag-diario-armstrong","tag-enero-2","tag-paritaria-docente","post_format-post-format-image"],"jetpack_publicize_connections":[],"jetpack_featured_media_url":"https:\/\/armstrongyregion.com.ar\/diario\/wp-content\/uploads\/2025\/01\/image_-13-_crop1736791688851_crop1736791709693.png_1756841869.png","jetpack_shortlink":"https:\/\/wp.me\/p62QDO-bLv","jetpack_sharing_enabled":true,"amp_enabled":true,"_links":{"self":[{"href":"https:\/\/armstrongyregion.com.ar\/diario\/wp-json\/wp\/v2\/posts\/45229","targetHints":{"allow":["GET"]}}],"collection":[{"href":"https:\/\/armstrongyregion.com.ar\/diario\/wp-json\/wp\/v2\/posts"}],"about":[{"href":"https:\/\/armstrongyregion.com.ar\/diario\/wp-json\/wp\/v2\/types\/post"}],"author":[{"embeddable":true,"href":"https:\/\/armstrongyregion.com.ar\/diario\/wp-json\/wp\/v2\/users\/1"}],"replies":[{"embeddable":true,"href":"https:\/\/armstrongyregion.com.ar\/diario\/wp-json\/wp\/v2\/comments?post=45229"}],"version-history":[{"count":1,"href":"https:\/\/armstrongyregion.com.ar\/diario\/wp-json\/wp\/v2\/posts\/45229\/revisions"}],"predecessor-version":[{"id":45232,"href":"https:\/\/armstrongyregion.com.ar\/diario\/wp-json\/wp\/v2\/posts\/45229\/revisions\/45232"}],"wp:featuredmedia":[{"embeddable":true,"href":"https:\/\/armstrongyregion.com.ar\/diario\/wp-json\/wp\/v2\/media\/45231"}],"wp:attachment":[{"href":"https:\/\/armstrongyregion.com.ar\/diario\/wp-json\/wp\/v2\/media?parent=45229"}],"wp:term":[{"taxonomy":"category","embeddable":true,"href":"https:\/\/armstrongyregion.com.ar\/diario\/wp-json\/wp\/v2\/categories?post=45229"},{"taxonomy":"post_tag","embeddable":true,"href":"https:\/\/armstrongyregion.com.ar\/diario\/wp-json\/wp\/v2\/tags?post=45229"}],"curies":[{"name":"wp","href":"https:\/\/api.w.org\/{rel}","templated":true}]}}