{"id":45226,"date":"2025-01-23T14:53:33","date_gmt":"2025-01-23T14:53:33","guid":{"rendered":"https:\/\/armstrongyregion.com.ar\/diario\/?p=45226"},"modified":"2025-01-23T14:53:36","modified_gmt":"2025-01-23T14:53:36","slug":"armstrong-se-cumplen-51-anos-del-asesinato-de-los-cooperativistas","status":"publish","type":"post","link":"https:\/\/armstrongyregion.com.ar\/diario\/armstrong-se-cumplen-51-anos-del-asesinato-de-los-cooperativistas\/","title":{"rendered":"Armstrong. Se cumplen 51 a\u00f1os del asesinato de los cooperativistas."},"content":{"rendered":"\n<figure class=\"wp-block-image size-large\"><img loading=\"lazy\" decoding=\"async\" width=\"476\" height=\"480\" src=\"http:\/\/armstrongyregion.com.ar\/diario\/wp-content\/uploads\/2025\/01\/51-anos-cooperativistas--476x480.jpg\" alt=\"\" class=\"wp-image-45227\" srcset=\"https:\/\/armstrongyregion.com.ar\/diario\/wp-content\/uploads\/2025\/01\/51-anos-cooperativistas--476x480.jpg 476w, https:\/\/armstrongyregion.com.ar\/diario\/wp-content\/uploads\/2025\/01\/51-anos-cooperativistas--297x300.jpg 297w, https:\/\/armstrongyregion.com.ar\/diario\/wp-content\/uploads\/2025\/01\/51-anos-cooperativistas--150x150.jpg 150w, https:\/\/armstrongyregion.com.ar\/diario\/wp-content\/uploads\/2025\/01\/51-anos-cooperativistas-.jpg 645w\" sizes=\"auto, (max-width: 476px) 100vw, 476px\" \/><\/figure>\n\n\n\n<p><strong>Hoy, 23 de enero de 2025, a\u00a051 a\u00f1os del asesinato de los cooperativistas, hecho tr\u00e1gico ocurrido en un per\u00edodo democr\u00e1tico (1974), el Intendente Municipal Ing. Guillermo Luzzi y toda la comunidad de Armstrong honramos sus memorias, destacando el ejemplo que estos hombres visionarios nos dejaron a trav\u00e9s del compromiso de integrar y trabajar en instituciones de la ciudad para el beneficio de los armstronenses.<\/strong><\/p>\n\n\n\n<p>En este 2025 se cumplen 51 a\u00f1os del asesinato de V\u00edctor Cantoia (Gerente), Aldo Alberto Viotto (Jefe de Contadur\u00eda), H\u00e9ctor Blanch (Jefe de la Secci\u00f3n Tienda), Ernesto Pascucci (Jefe de la Secci\u00f3n Almac\u00e9n), integrantes de la Cooperativa Agr\u00edcola Ganadera de Armstrong y Odorico Montorfano (Supervisor contable de la FACA, delegaci\u00f3n Rosario), que los acompa\u00f1aba.<\/p>\n\n\n\n<p>Los cinco viajaban hacia la Cooperativa de Colonia Caroya, provincia de C\u00f3rdoba, para interiorizarse sobre el funcionamiento de su supermercado, con el objetivo de instalar uno de similares caracter\u00edsticas en Armstrong.<\/p>\n\n\n\n<p>\u00a0El Comando Radioel\u00e9ctrico de la polic\u00eda cordobesa los intercepta por error entre las localidades de R\u00edo Segundo y Toledo y, para justificarlo, los autores dir\u00e1n que las v\u00edctimas eran subversivos huyendo del frustrado ataque al cuartel de Azul. <\/p>\n\n\n\n<p>A trav\u00e9s de la investigaci\u00f3n, se comprobar\u00e1 que el operativo, en realidad, fue montado contra el autom\u00f3vil de caracter\u00edsticas similares perteneciente a la Polic\u00eda Federal que se desplazaba desde Laguna Larga en misi\u00f3n operacional, y que el asesinato fue producto de m\u00f3viles pol\u00edticos encubiertos para derrocar al Gobierno Provincial del Dr. Obreg\u00f3n Cano y de una interna entre la polic\u00eda de la provincia de C\u00f3rdoba y la Federal.<\/p>\n\n\n\n<p><strong>Nuestra comunidad se une al reclamo de los familiares para que la sentencia judicial sea anulada y se realice otro juicio considerando que, en realidad, al tratarse de un homicidio a manos de fuerzas dependientes del Estado, el crimen debe ser considerado de Lesa Humanidad y, por lo tanto, imprescriptible<\/strong><\/p>\n\n\n\n<p><\/p>\n","protected":false},"excerpt":{"rendered":"<p>Armstrong. Se cumplen 51 a\u00f1os del asesinato de los cooperativistas.<\/p>\n","protected":false},"author":1,"featured_media":45227,"comment_status":"open","ping_status":"open","sticky":false,"template":"","format":"image","meta":{"_jetpack_memberships_contains_paid_content":false,"footnotes":"","jetpack_publicize_message":"","jetpack_publicize_feature_enabled":true,"jetpack_social_post_already_shared":true,"jetpack_social_options":{"image_generator_settings":{"template":"highway","default_image_id":0,"enabled":false},"version":2}},"categories":[6,8,1,2,7,3],"tags":[11377,20,8886,8887,5030],"class_list":["post-45226","post","type-post","status-publish","format-image","has-post-thumbnail","hentry","category-cultura-entretenimiento","category-deliberando","category-diario-armstrong","category-locales","category-politica","category-region","tag-51-anos","tag-armstrong","tag-asesinato","tag-cooperativistas-2","tag-diario-armstrong","post_format-post-format-image"],"jetpack_publicize_connections":[],"jetpack_featured_media_url":"https:\/\/armstrongyregion.com.ar\/diario\/wp-content\/uploads\/2025\/01\/51-anos-cooperativistas-.jpg","jetpack_shortlink":"https:\/\/wp.me\/p62QDO-bLs","jetpack_sharing_enabled":true,"amp_enabled":true,"_links":{"self":[{"href":"https:\/\/armstrongyregion.com.ar\/diario\/wp-json\/wp\/v2\/posts\/45226","targetHints":{"allow":["GET"]}}],"collection":[{"href":"https:\/\/armstrongyregion.com.ar\/diario\/wp-json\/wp\/v2\/posts"}],"about":[{"href":"https:\/\/armstrongyregion.com.ar\/diario\/wp-json\/wp\/v2\/types\/post"}],"author":[{"embeddable":true,"href":"https:\/\/armstrongyregion.com.ar\/diario\/wp-json\/wp\/v2\/users\/1"}],"replies":[{"embeddable":true,"href":"https:\/\/armstrongyregion.com.ar\/diario\/wp-json\/wp\/v2\/comments?post=45226"}],"version-history":[{"count":1,"href":"https:\/\/armstrongyregion.com.ar\/diario\/wp-json\/wp\/v2\/posts\/45226\/revisions"}],"predecessor-version":[{"id":45228,"href":"https:\/\/armstrongyregion.com.ar\/diario\/wp-json\/wp\/v2\/posts\/45226\/revisions\/45228"}],"wp:featuredmedia":[{"embeddable":true,"href":"https:\/\/armstrongyregion.com.ar\/diario\/wp-json\/wp\/v2\/media\/45227"}],"wp:attachment":[{"href":"https:\/\/armstrongyregion.com.ar\/diario\/wp-json\/wp\/v2\/media?parent=45226"}],"wp:term":[{"taxonomy":"category","embeddable":true,"href":"https:\/\/armstrongyregion.com.ar\/diario\/wp-json\/wp\/v2\/categories?post=45226"},{"taxonomy":"post_tag","embeddable":true,"href":"https:\/\/armstrongyregion.com.ar\/diario\/wp-json\/wp\/v2\/tags?post=45226"}],"curies":[{"name":"wp","href":"https:\/\/api.w.org\/{rel}","templated":true}]}}