{"id":45223,"date":"2025-01-23T00:46:50","date_gmt":"2025-01-23T00:46:50","guid":{"rendered":"https:\/\/armstrongyregion.com.ar\/diario\/?p=45223"},"modified":"2025-01-23T00:46:53","modified_gmt":"2025-01-23T00:46:53","slug":"el-aeropuerto-de-rosario-ya-cuenta-con-dos-frecuencias-por-semana-a-mar-del-plata","status":"publish","type":"post","link":"https:\/\/armstrongyregion.com.ar\/diario\/el-aeropuerto-de-rosario-ya-cuenta-con-dos-frecuencias-por-semana-a-mar-del-plata\/","title":{"rendered":"El Aeropuerto de Rosario ya cuenta con dos frecuencias por semana a Mar del Plata."},"content":{"rendered":"\n<figure class=\"wp-block-image size-full\"><img loading=\"lazy\" decoding=\"async\" width=\"570\" height=\"320\" src=\"http:\/\/armstrongyregion.com.ar\/diario\/wp-content\/uploads\/2025\/01\/AEROPUERTO-ROSARIO.jpg\" alt=\"\" class=\"wp-image-45224\" srcset=\"https:\/\/armstrongyregion.com.ar\/diario\/wp-content\/uploads\/2025\/01\/AEROPUERTO-ROSARIO.jpg 570w, https:\/\/armstrongyregion.com.ar\/diario\/wp-content\/uploads\/2025\/01\/AEROPUERTO-ROSARIO-300x168.jpg 300w\" sizes=\"auto, (max-width: 570px) 100vw, 570px\" \/><\/figure>\n\n\n\n<h2 class=\"wp-block-heading\">Ese destino de la terminal se suma a las frecuencias a Bariloche, Aeroparque, Mendoza, Iguaz\u00fa, R\u00edo de Janeiro, Florian\u00f3polis, Panam\u00e1, Lima y Punta Cana. \u201cEs un paso m\u00e1s en la b\u00fasqueda de la expansi\u00f3n y el reposicionamiento de la ciudad de Rosario y la provincia en la escena tur\u00edstica nacional\u201d, afirm\u00f3 el ministro de Desarrollo Productivo, Gustavo Puccini.<\/h2>\n\n\n\n<p>El Aeropuerto Internacional de Rosario (AIR) \u201cIslas Malvinas\u201d, en conjunto con Aerol\u00edneas Argentinas, comenz\u00f3 a operar a partir de 2025 dos frecuencias directas hacia Mar del Plata. La duraci\u00f3n estipulada del trayecto es de 1 hora y 15 minutos. Las conexiones se llevan a cabo dos d\u00edas a la semana: los jueves arriba a Rosario a las 12:55 y parte hacia Mar del Plata a las 13:25; y s\u00e1bados aterriza 12:35 y despega hacia la ciudad costera a las 13:05. La ruta es operada con m\u00e1quinas Embraer 190 con una capacidad de 96 pasajeros.<\/p>\n\n\n\n<p>Esta nueva ruta se suma a otros destinos tur\u00edsticos que fueron impulsados desde el a\u00f1o pasado por el gobierno provincial, entre los que se encuentran: Punta Cana, Florian\u00f3polis, Lima, Panam\u00e1 y R\u00edo de Janeiro.<\/p>\n\n\n\n<p>Al respecto, el ministro de Desarrollo Productivo provincial, Gustavo Puccini, manifest\u00f3: \u201cEs un paso m\u00e1s en la b\u00fasqueda de la expansi\u00f3n y el reposicionamiento de la ciudad de Rosario en la escena tur\u00edstica nacional. Vamos a continuar con las obras de infraestructura, a seguir trabajando por la conectividad y a potenciar a Santa Fe desde lo productivo y tur\u00edstico\u201d.<\/p>\n\n\n\n<figure class=\"wp-block-image\"><img decoding=\"async\" src=\"https:\/\/ci3.googleusercontent.com\/meips\/ADKq_NZ1dcA1pNPhDRlkCdXuu2mueO72OqynLZdhMxDSxYGu4aSTtlLuQZFEOPoGBAwEzjTw3ljXCtRTKWdrTyZEznowKyP0XsrjsgnhMQNcTRfqygNnl7Bl-YEWENi-r-Gfrh0O4-eCsAML2lWhccM=s0-d-e1-ft#https:\/\/www.santafe.gob.ar\/noticias\/recursos\/fotos\/2025\/01\/2025-01-21NID_282129O_2.jpeg\" alt=\"\"\/><\/figure>\n\n\n\n<p>Las gestiones realizadas y la estacionalidad del a\u00f1o han repercutido favorablemente en la vinculaci\u00f3n a\u00e9rea que presenta el Aeropuerto Internacional de Rosario a trav\u00e9s de los vuelos operados por Aerol\u00edneas Argentinas, Copa, Latam y GOL. De esta manera, la terminal ofrece semanalmente 11 frecuencias a R\u00edo de Janeiro, 6 frecuencias a Florian\u00f3polis, 10 frecuencias a Panam\u00e1, 4 frecuencias a Lima, 1 frecuencia a Punta Cana. &nbsp;<\/p>\n\n\n\n<p>En cuanto a destinos nacionales, el reinicio de los vuelos a Mar del Plata marcan una tendencia dentro del pa\u00eds, junto con las salidas regulares hacia Bariloche, Aeroparque, Mendoza e Iguaz\u00fa. &nbsp;<\/p>\n\n\n\n<p>\u00abVamos a continuar con las obras de infraestructura, a seguir trabajando por la conectividad y a potenciar a Santa Fe desde lo productivo y tur\u00edstico\u201d, asegur\u00f3 Puccini.<\/p>\n","protected":false},"excerpt":{"rendered":"<p>El Aeropuerto de Rosario ya cuenta con dos frecuencias por semana a Mar del Plata.<\/p>\n","protected":false},"author":1,"featured_media":45224,"comment_status":"open","ping_status":"open","sticky":false,"template":"","format":"image","meta":{"_jetpack_memberships_contains_paid_content":false,"footnotes":"","jetpack_publicize_message":"","jetpack_publicize_feature_enabled":true,"jetpack_social_post_already_shared":true,"jetpack_social_options":{"image_generator_settings":{"template":"highway","default_image_id":0,"enabled":false},"version":2}},"categories":[8,1,2,7,3],"tags":[33,9200,5030,831,11375,11376,8588,919],"class_list":["post-45223","post","type-post","status-publish","format-image","has-post-thumbnail","hentry","category-deliberando","category-diario-armstrong","category-locales","category-politica","category-region","tag-a","tag-aeropuerto","tag-diario-armstrong","tag-dos","tag-frecuencias","tag-mar-del-plata","tag-rosario-2","tag-semana","post_format-post-format-image"],"jetpack_publicize_connections":[],"jetpack_featured_media_url":"https:\/\/armstrongyregion.com.ar\/diario\/wp-content\/uploads\/2025\/01\/AEROPUERTO-ROSARIO.jpg","jetpack_shortlink":"https:\/\/wp.me\/p62QDO-bLp","jetpack_sharing_enabled":true,"amp_enabled":true,"_links":{"self":[{"href":"https:\/\/armstrongyregion.com.ar\/diario\/wp-json\/wp\/v2\/posts\/45223","targetHints":{"allow":["GET"]}}],"collection":[{"href":"https:\/\/armstrongyregion.com.ar\/diario\/wp-json\/wp\/v2\/posts"}],"about":[{"href":"https:\/\/armstrongyregion.com.ar\/diario\/wp-json\/wp\/v2\/types\/post"}],"author":[{"embeddable":true,"href":"https:\/\/armstrongyregion.com.ar\/diario\/wp-json\/wp\/v2\/users\/1"}],"replies":[{"embeddable":true,"href":"https:\/\/armstrongyregion.com.ar\/diario\/wp-json\/wp\/v2\/comments?post=45223"}],"version-history":[{"count":1,"href":"https:\/\/armstrongyregion.com.ar\/diario\/wp-json\/wp\/v2\/posts\/45223\/revisions"}],"predecessor-version":[{"id":45225,"href":"https:\/\/armstrongyregion.com.ar\/diario\/wp-json\/wp\/v2\/posts\/45223\/revisions\/45225"}],"wp:featuredmedia":[{"embeddable":true,"href":"https:\/\/armstrongyregion.com.ar\/diario\/wp-json\/wp\/v2\/media\/45224"}],"wp:attachment":[{"href":"https:\/\/armstrongyregion.com.ar\/diario\/wp-json\/wp\/v2\/media?parent=45223"}],"wp:term":[{"taxonomy":"category","embeddable":true,"href":"https:\/\/armstrongyregion.com.ar\/diario\/wp-json\/wp\/v2\/categories?post=45223"},{"taxonomy":"post_tag","embeddable":true,"href":"https:\/\/armstrongyregion.com.ar\/diario\/wp-json\/wp\/v2\/tags?post=45223"}],"curies":[{"name":"wp","href":"https:\/\/api.w.org\/{rel}","templated":true}]}}