{"id":45204,"date":"2025-01-20T19:06:29","date_gmt":"2025-01-20T19:06:29","guid":{"rendered":"https:\/\/armstrongyregion.com.ar\/diario\/?p=45204"},"modified":"2025-01-20T19:06:31","modified_gmt":"2025-01-20T19:06:31","slug":"talleres-de-verano-en-el-conservatorio-municipal-de-armstrong","status":"publish","type":"post","link":"https:\/\/armstrongyregion.com.ar\/diario\/talleres-de-verano-en-el-conservatorio-municipal-de-armstrong\/","title":{"rendered":"Talleres de verano en el Conservatorio Municipal de Armstrong."},"content":{"rendered":"\n<figure class=\"wp-block-image size-large\"><img loading=\"lazy\" decoding=\"async\" width=\"480\" height=\"480\" src=\"http:\/\/armstrongyregion.com.ar\/diario\/wp-content\/uploads\/2025\/01\/Taller-conservatorio-1-480x480.jpg\" alt=\"\" class=\"wp-image-45205\" srcset=\"https:\/\/armstrongyregion.com.ar\/diario\/wp-content\/uploads\/2025\/01\/Taller-conservatorio-1-480x480.jpg 480w, https:\/\/armstrongyregion.com.ar\/diario\/wp-content\/uploads\/2025\/01\/Taller-conservatorio-1-300x300.jpg 300w, https:\/\/armstrongyregion.com.ar\/diario\/wp-content\/uploads\/2025\/01\/Taller-conservatorio-1-150x150.jpg 150w, https:\/\/armstrongyregion.com.ar\/diario\/wp-content\/uploads\/2025\/01\/Taller-conservatorio-1-768x768.jpg 768w, https:\/\/armstrongyregion.com.ar\/diario\/wp-content\/uploads\/2025\/01\/Taller-conservatorio-1.jpg 800w\" sizes=\"auto, (max-width: 480px) 100vw, 480px\" \/><\/figure>\n\n\n\n<p> <strong>El Conservatorio Municipal de Armstrong, hoy, dar\u00e1 inicio a sus talleres de verano con una gran convocatoria<\/strong>. <\/p>\n\n\n\n<figure class=\"wp-block-image size-full\"><img loading=\"lazy\" decoding=\"async\" width=\"544\" height=\"356\" src=\"http:\/\/armstrongyregion.com.ar\/diario\/wp-content\/uploads\/2025\/01\/Gualtieri.jpg\" alt=\"\" class=\"wp-image-45206\" srcset=\"https:\/\/armstrongyregion.com.ar\/diario\/wp-content\/uploads\/2025\/01\/Gualtieri.jpg 544w, https:\/\/armstrongyregion.com.ar\/diario\/wp-content\/uploads\/2025\/01\/Gualtieri-300x196.jpg 300w\" sizes=\"auto, (max-width: 544px) 100vw, 544px\" \/><figcaption class=\"wp-element-caption\">Screenshot<\/figcaption><\/figure>\n\n\n\n<p>Con cupos completos, la iniciativa busca acercar la m\u00fasica a la comunidad, ofreciendo una introducci\u00f3n al mundo instrumental para ni\u00f1os y j\u00f3venes. <\/p>\n\n\n\n<p>La Secretaria de Educaci\u00f3n, Rosana Siri, expres\u00f3 su satisfacci\u00f3n por el \u00e9xito de la inscripci\u00f3n:<strong> \u00abEs un buen comienzo, sabemos que muchos estaban esperando esta oportunidad. Es una forma de que la gente conozca los instrumentos y pueda elegir mejor para el ciclo lectivo 2025\u00bb. <\/strong><\/p>\n\n\n\n<figure class=\"wp-block-image size-full\"><img loading=\"lazy\" decoding=\"async\" width=\"523\" height=\"361\" src=\"http:\/\/armstrongyregion.com.ar\/diario\/wp-content\/uploads\/2025\/01\/Gualtieri-2-.png\" alt=\"\" class=\"wp-image-45207\" srcset=\"https:\/\/armstrongyregion.com.ar\/diario\/wp-content\/uploads\/2025\/01\/Gualtieri-2-.png 523w, https:\/\/armstrongyregion.com.ar\/diario\/wp-content\/uploads\/2025\/01\/Gualtieri-2--300x207.png 300w\" sizes=\"auto, (max-width: 523px) 100vw, 523px\" \/><\/figure>\n\n\n\n<p>El profesor Cristian Gualtieri, a cargo de los talleres, ampli\u00f3 la informaci\u00f3n: <strong>\u00abSon cinco encuentros, un d\u00eda a la semana, donde los participantes explorar\u00e1n diferentes instrumentos, aprender\u00e1n canciones y participar\u00e1n en juegos recreativos. No es necesario tener experiencia previa, la idea es que se acerquen a la m\u00fasica y descubran su pasi\u00f3n\u00bb. <\/strong><\/p>\n\n\n\n<p>Los talleres, divididos por edades, se llevan a cabo de 17 a 21 horas, y representan un puntapi\u00e9 inicial para aquellos que deseen inscribirse en las actividades regulares del conservatorio durante el a\u00f1o. <\/p>\n\n\n\n<p>Gualtieri, destac\u00f3 la incorporaci\u00f3n de una novedad:<strong> \u00abVamos a intentar algo nuevo con los ensambles, una sorpresa que se revelar\u00e1 durante el taller\u00bb.<\/strong> La iniciativa busca fomentar la m\u00fasica en grupo y la exploraci\u00f3n instrumental.<\/p>\n\n\n\n<p> <strong>En resumen<\/strong>: <\/p>\n\n\n\n<p><strong>Los talleres de verano del Conservatorio Municipal de Armstrong prev\u00e9n ser un \u00e9xito rotundo, con una gran cantidad de inscriptos que se muestran entusiasmados por explorar el mundo de la m\u00fasica. La iniciativa busca ser un puntapi\u00e9 inicial para futuras inscripciones al ciclo lectivo 2025.<\/strong><\/p>\n","protected":false},"excerpt":{"rendered":"<p>Talleres de verano en el Conservatorio Municipal de Armstrong.<\/p>\n","protected":false},"author":1,"featured_media":45205,"comment_status":"open","ping_status":"open","sticky":false,"template":"","format":"image","meta":{"_jetpack_memberships_contains_paid_content":false,"footnotes":"","jetpack_publicize_message":"","jetpack_publicize_feature_enabled":true,"jetpack_social_post_already_shared":true,"jetpack_social_options":{"image_generator_settings":{"template":"highway","default_image_id":0,"enabled":false},"version":2}},"categories":[8,1,2,7,3],"tags":[11335,11369,19,5030,9426,994,8873],"class_list":["post-45204","post","type-post","status-publish","format-image","has-post-thumbnail","hentry","category-deliberando","category-diario-armstrong","category-locales","category-politica","category-region","tag-conservatorio-municipal","tag-cristian-gualtieri","tag-de","tag-diario-armstrong","tag-rosana-siri","tag-talleres","tag-verano-2","post_format-post-format-image"],"jetpack_publicize_connections":[],"jetpack_featured_media_url":"https:\/\/armstrongyregion.com.ar\/diario\/wp-content\/uploads\/2025\/01\/Taller-conservatorio-1.jpg","jetpack_shortlink":"https:\/\/wp.me\/p62QDO-bL6","jetpack_sharing_enabled":true,"amp_enabled":true,"_links":{"self":[{"href":"https:\/\/armstrongyregion.com.ar\/diario\/wp-json\/wp\/v2\/posts\/45204","targetHints":{"allow":["GET"]}}],"collection":[{"href":"https:\/\/armstrongyregion.com.ar\/diario\/wp-json\/wp\/v2\/posts"}],"about":[{"href":"https:\/\/armstrongyregion.com.ar\/diario\/wp-json\/wp\/v2\/types\/post"}],"author":[{"embeddable":true,"href":"https:\/\/armstrongyregion.com.ar\/diario\/wp-json\/wp\/v2\/users\/1"}],"replies":[{"embeddable":true,"href":"https:\/\/armstrongyregion.com.ar\/diario\/wp-json\/wp\/v2\/comments?post=45204"}],"version-history":[{"count":1,"href":"https:\/\/armstrongyregion.com.ar\/diario\/wp-json\/wp\/v2\/posts\/45204\/revisions"}],"predecessor-version":[{"id":45208,"href":"https:\/\/armstrongyregion.com.ar\/diario\/wp-json\/wp\/v2\/posts\/45204\/revisions\/45208"}],"wp:featuredmedia":[{"embeddable":true,"href":"https:\/\/armstrongyregion.com.ar\/diario\/wp-json\/wp\/v2\/media\/45205"}],"wp:attachment":[{"href":"https:\/\/armstrongyregion.com.ar\/diario\/wp-json\/wp\/v2\/media?parent=45204"}],"wp:term":[{"taxonomy":"category","embeddable":true,"href":"https:\/\/armstrongyregion.com.ar\/diario\/wp-json\/wp\/v2\/categories?post=45204"},{"taxonomy":"post_tag","embeddable":true,"href":"https:\/\/armstrongyregion.com.ar\/diario\/wp-json\/wp\/v2\/tags?post=45204"}],"curies":[{"name":"wp","href":"https:\/\/api.w.org\/{rel}","templated":true}]}}