{"id":4519,"date":"2015-10-14T14:18:23","date_gmt":"2015-10-14T14:18:23","guid":{"rendered":"https:\/\/armstrongyregion.com.ar\/diario\/?p=4519"},"modified":"2015-10-14T14:18:23","modified_gmt":"2015-10-14T14:18:23","slug":"perotti-y-rabolini-junto-a-las-amas-de-casa-en-rosario","status":"publish","type":"post","link":"https:\/\/armstrongyregion.com.ar\/diario\/perotti-y-rabolini-junto-a-las-amas-de-casa-en-rosario\/","title":{"rendered":"Perotti y Rabolini junto a las Amas de Casa en Rosario."},"content":{"rendered":"<p><a href=\"http:\/\/armstrongyregion.com.ar\/diario\/wp-content\/uploads\/2015\/10\/IMG_5972.jpg\"><img loading=\"lazy\" decoding=\"async\" class=\"alignnone size-medium wp-image-4520\" src=\"http:\/\/armstrongyregion.com.ar\/diario\/wp-content\/uploads\/2015\/10\/IMG_5972-300x200.jpg\" alt=\"rabolini-peroti\" width=\"300\" height=\"200\" srcset=\"https:\/\/armstrongyregion.com.ar\/diario\/wp-content\/uploads\/2015\/10\/IMG_5972-300x200.jpg 300w, https:\/\/armstrongyregion.com.ar\/diario\/wp-content\/uploads\/2015\/10\/IMG_5972-1024x683.jpg 1024w\" sizes=\"auto, (max-width: 300px) 100vw, 300px\" \/><\/a>El diputado nacional y candidato a senador nacional Omar Perotti, particip\u00f3 ayer por la tarde de la inauguraci\u00f3n de la ampliaci\u00f3n del centro de salud del Sindicato de Amas de Casa de Rosario, acompa\u00f1ado por la presidenta de la Fundaci\u00f3n Banco Provincia Karina Rabolini.<br \/>\nOmar Perotti estuvo junto a su par de formula Mar\u00eda de los \u00c1ngeles Sacnun, y la candidata a diputada nacional Silvina Frana, quienes fueron recibidos por la secretaria general del SACRA, Rita Colli.<br \/>\nEl candidato a senador nacional valor\u00f3 el trabaj\u00f3 de organizaci\u00f3n de las mujeres presentes y agradeci\u00f3 el apoyo al proyecto de desarrollo argentino, que propone Daniel Scioli. \u201cel futuro tiene piso solido en base a lo hecho\u201d y para alcanzar la nueva etapa \u201ctenemos al mejor candidato\u201d expres\u00f3 Perotti durante su encuentro con las mujeres que integran el Sindicato de Amas de Casa de Rosario.<br \/>\nConsultado por la prensa sobre el tema de la seguridad, Omar Perotti resalt\u00f3 la prioridad central que se le dio en provincia de Buenos Aires \u201ccon un fuerte contenido en inversi\u00f3n, formaci\u00f3n, profesionalizaci\u00f3n y equipamiento, y con la conformaci\u00f3n de las polic\u00edas locales para que est\u00e9n m\u00e1s cerca de los ciudadanos\u201d.<br \/>\nPor otro lado, el candidato a senador nacional, destac\u00f3 la convocatoria que realiz\u00f3 Daniel Scioli, \u201cde m\u00e1s de cien mil agentes para incorporarse a las fuerzas de seguridad federales y una Agencia para luchar contra el narcotr\u00e1fico, en donde Santa Fe encontrara el apoyo necesario\u201d.<br \/>\nEn cuanto a la situaci\u00f3n en la provincia de Santa Fe, el actual diputado nacional, se\u00f1al\u00f3 la necesidad de que la seguridad se convierta en un tema prioritario para Miguel Lifschitz y manifest\u00f3 todo su apoyo y la garant\u00eda de la colaboraci\u00f3n nacional, para con el futuro gobernador y el deseo de que \u201ctome la decisi\u00f3n pol\u00edtica de conducir a los 20 mil hombres que integran la polic\u00eda provincial lo que necesariamente implica destinar recursos y reestructurar nuestra fuerza de seguridad\u201d.<\/p>\n","protected":false},"excerpt":{"rendered":"<p>El diputado nacional y candidato a senador nacional Omar Perotti, particip\u00f3 ayer por la tarde de la inauguraci\u00f3n de la ampliaci\u00f3n del centro de salud del Sindicato de Amas de Casa de Rosario, acompa\u00f1ado por la presidenta de la Fundaci\u00f3n Banco Provincia Karina Rabolini. Omar Perotti estuvo junto a su par de formula Mar\u00eda de <a href=\"https:\/\/armstrongyregion.com.ar\/diario\/perotti-y-rabolini-junto-a-las-amas-de-casa-en-rosario\/\" title=\"Read more\" >&#8230;<\/a><\/p>\n","protected":false},"author":2,"featured_media":4520,"comment_status":"open","ping_status":"open","sticky":false,"template":"","format":"standard","meta":{"_jetpack_memberships_contains_paid_content":false,"footnotes":"","jetpack_publicize_message":"","jetpack_publicize_feature_enabled":true,"jetpack_social_post_already_shared":false,"jetpack_social_options":{"image_generator_settings":{"template":"highway","default_image_id":0,"enabled":false},"version":2}},"categories":[1,2819,7,3],"tags":[33,2933,325,19,15,290,23,1409,2932,784,13],"class_list":["post-4519","post","type-post","status-publish","format-standard","has-post-thumbnail","hentry","category-diario-armstrong","category-el-pais","category-politica","category-region","tag-a","tag-amas","tag-casa","tag-de","tag-en","tag-junto","tag-las","tag-perotti","tag-rabolini","tag-rosario","tag-y"],"jetpack_publicize_connections":[],"jetpack_featured_media_url":"https:\/\/armstrongyregion.com.ar\/diario\/wp-content\/uploads\/2015\/10\/IMG_5972.jpg","jetpack_shortlink":"https:\/\/wp.me\/p62QDO-1aT","jetpack_sharing_enabled":true,"amp_enabled":true,"_links":{"self":[{"href":"https:\/\/armstrongyregion.com.ar\/diario\/wp-json\/wp\/v2\/posts\/4519","targetHints":{"allow":["GET"]}}],"collection":[{"href":"https:\/\/armstrongyregion.com.ar\/diario\/wp-json\/wp\/v2\/posts"}],"about":[{"href":"https:\/\/armstrongyregion.com.ar\/diario\/wp-json\/wp\/v2\/types\/post"}],"author":[{"embeddable":true,"href":"https:\/\/armstrongyregion.com.ar\/diario\/wp-json\/wp\/v2\/users\/2"}],"replies":[{"embeddable":true,"href":"https:\/\/armstrongyregion.com.ar\/diario\/wp-json\/wp\/v2\/comments?post=4519"}],"version-history":[{"count":0,"href":"https:\/\/armstrongyregion.com.ar\/diario\/wp-json\/wp\/v2\/posts\/4519\/revisions"}],"wp:featuredmedia":[{"embeddable":true,"href":"https:\/\/armstrongyregion.com.ar\/diario\/wp-json\/wp\/v2\/media\/4520"}],"wp:attachment":[{"href":"https:\/\/armstrongyregion.com.ar\/diario\/wp-json\/wp\/v2\/media?parent=4519"}],"wp:term":[{"taxonomy":"category","embeddable":true,"href":"https:\/\/armstrongyregion.com.ar\/diario\/wp-json\/wp\/v2\/categories?post=4519"},{"taxonomy":"post_tag","embeddable":true,"href":"https:\/\/armstrongyregion.com.ar\/diario\/wp-json\/wp\/v2\/tags?post=4519"}],"curies":[{"name":"wp","href":"https:\/\/api.w.org\/{rel}","templated":true}]}}