{"id":45156,"date":"2025-01-13T19:57:29","date_gmt":"2025-01-13T19:57:29","guid":{"rendered":"https:\/\/armstrongyregion.com.ar\/diario\/?p=45156"},"modified":"2025-01-13T19:57:31","modified_gmt":"2025-01-13T19:57:31","slug":"esta-publicado-el-padron-provisional-para-las-elecciones-de-convencionales-reformadores-y-de-autoridades-locales","status":"publish","type":"post","link":"https:\/\/armstrongyregion.com.ar\/diario\/esta-publicado-el-padron-provisional-para-las-elecciones-de-convencionales-reformadores-y-de-autoridades-locales\/","title":{"rendered":"Est\u00e1 publicado el Padr\u00f3n Provisional para las elecciones de convencionales reformadores y de autoridades locales."},"content":{"rendered":"\n<figure class=\"wp-block-image size-large\"><img loading=\"lazy\" decoding=\"async\" width=\"640\" height=\"480\" src=\"http:\/\/armstrongyregion.com.ar\/diario\/wp-content\/uploads\/2025\/01\/elecciones-2025-640x480.jpg\" alt=\"\" class=\"wp-image-45157\" srcset=\"https:\/\/armstrongyregion.com.ar\/diario\/wp-content\/uploads\/2025\/01\/elecciones-2025-640x480.jpg 640w, https:\/\/armstrongyregion.com.ar\/diario\/wp-content\/uploads\/2025\/01\/elecciones-2025-300x225.jpg 300w, https:\/\/armstrongyregion.com.ar\/diario\/wp-content\/uploads\/2025\/01\/elecciones-2025.jpg 720w\" sizes=\"auto, (max-width: 640px) 100vw, 640px\" \/><\/figure>\n\n\n\n<h2 class=\"wp-block-heading\">Se encuentra disponible en el portal del Gobierno de Santa Fe. Los reclamos se pueden realizar hasta el 28 de enero inclusive. La elecci\u00f3n general de convencionales reformadores de la Constituci\u00f3n y las primarias municipales y comunales se llevar\u00e1n a cabo el 13 de abril de 2025.<\/h2>\n\n\n\n<figure class=\"wp-block-table\"><table><tbody><tr><td>La Secretar\u00eda Electoral de la Provincia de Santa Fe public\u00f3 el Padr\u00f3n Provisional de Electores nacionales y extranjeros para las elecciones provinciales, municipales y comunales en la p\u00e1gina web&nbsp;<a href=\"https:\/\/www.santafe.gob.ar\/elecciones2025\/consultaPadronProvisorio\/\" target=\"_blank\" rel=\"noreferrer noopener\">https:\/\/www.santafe.gob.ar\/elecciones2025\/consultaPadronProvisorio\/<\/a>.&nbsp;Las Primarias Abiertas Simult\u00e1neas y Obligatorias (PASO) de autoridades municipales y comunales, y las elecciones generales de convencionales reformadores de la Constituci\u00f3n Provincial se celebrar\u00e1n el 13 de abril del corriente a\u00f1o.&nbsp;En caso de advertir que no se encuentran inscriptos o detectar inconsistencias, los reclamos se pueden realizar hasta el 28 de enero inclusive mediante formulario electr\u00f3nico disponible en&nbsp;<a href=\"https:\/\/www.padron.gov.ar\/cne_reclamos\/santafe.php\" target=\"_blank\" rel=\"noreferrer noopener\">https:\/\/www.padron.gov.ar\/cne_reclamos\/santafe.php<\/a>, o de manera presencial en dicho organismo.Asimismo, y en cumplimiento de lo previsto por la ley N\u00b0 11.627, la Secretar\u00eda Electoral remiti\u00f3 copias en papel de los padrones provisionales para su exhibici\u00f3n en municipios y comunas; oficinas de Registro Civil y juzgados comunitarios; y destacamentos policiales.M\u00e1s informaci\u00f3n en&nbsp;<a href=\"https:\/\/www.santafe.gov.ar\/tribunalelectoral\/\" target=\"_blank\" rel=\"noreferrer noopener\">https:\/\/www.santafe.gov.ar\/tribunalelectoral\/<\/a>.&nbsp;<\/td><td>&nbsp;<\/td><\/tr><\/tbody><\/table><\/figure>\n\n\n\n<figure class=\"wp-block-table\"><table><tbody><tr><td>&nbsp;<\/td><td>&nbsp;<\/td><\/tr><\/tbody><\/table><\/figure>\n","protected":false},"excerpt":{"rendered":"<p>Est\u00e1 publicado el Padr\u00f3n Provisional para las elecciones de convencionales reformadores y de autoridades locales.<\/p>\n","protected":false},"author":1,"featured_media":45157,"comment_status":"open","ping_status":"open","sticky":false,"template":"","format":"image","meta":{"_jetpack_memberships_contains_paid_content":false,"footnotes":"","jetpack_publicize_message":"","jetpack_publicize_feature_enabled":true,"jetpack_social_post_already_shared":true,"jetpack_social_options":{"image_generator_settings":{"template":"highway","default_image_id":0,"enabled":false},"version":2}},"categories":[8,1,2,7,3],"tags":[857,11348,5030,8495,9346,2320,11346,11347,11349],"class_list":["post-45156","post","type-post","status-publish","format-image","has-post-thumbnail","hentry","category-deliberando","category-diario-armstrong","category-locales","category-politica","category-region","tag-autoridades","tag-convencionales","tag-diario-armstrong","tag-elecciones-2","tag-graciela-de-la-casa","tag-locales","tag-padron","tag-provisional","tag-reformadores","post_format-post-format-image"],"jetpack_publicize_connections":[],"jetpack_featured_media_url":"https:\/\/armstrongyregion.com.ar\/diario\/wp-content\/uploads\/2025\/01\/elecciones-2025.jpg","jetpack_shortlink":"https:\/\/wp.me\/p62QDO-bKk","jetpack_sharing_enabled":true,"amp_enabled":true,"_links":{"self":[{"href":"https:\/\/armstrongyregion.com.ar\/diario\/wp-json\/wp\/v2\/posts\/45156","targetHints":{"allow":["GET"]}}],"collection":[{"href":"https:\/\/armstrongyregion.com.ar\/diario\/wp-json\/wp\/v2\/posts"}],"about":[{"href":"https:\/\/armstrongyregion.com.ar\/diario\/wp-json\/wp\/v2\/types\/post"}],"author":[{"embeddable":true,"href":"https:\/\/armstrongyregion.com.ar\/diario\/wp-json\/wp\/v2\/users\/1"}],"replies":[{"embeddable":true,"href":"https:\/\/armstrongyregion.com.ar\/diario\/wp-json\/wp\/v2\/comments?post=45156"}],"version-history":[{"count":1,"href":"https:\/\/armstrongyregion.com.ar\/diario\/wp-json\/wp\/v2\/posts\/45156\/revisions"}],"predecessor-version":[{"id":45158,"href":"https:\/\/armstrongyregion.com.ar\/diario\/wp-json\/wp\/v2\/posts\/45156\/revisions\/45158"}],"wp:featuredmedia":[{"embeddable":true,"href":"https:\/\/armstrongyregion.com.ar\/diario\/wp-json\/wp\/v2\/media\/45157"}],"wp:attachment":[{"href":"https:\/\/armstrongyregion.com.ar\/diario\/wp-json\/wp\/v2\/media?parent=45156"}],"wp:term":[{"taxonomy":"category","embeddable":true,"href":"https:\/\/armstrongyregion.com.ar\/diario\/wp-json\/wp\/v2\/categories?post=45156"},{"taxonomy":"post_tag","embeddable":true,"href":"https:\/\/armstrongyregion.com.ar\/diario\/wp-json\/wp\/v2\/tags?post=45156"}],"curies":[{"name":"wp","href":"https:\/\/api.w.org\/{rel}","templated":true}]}}