{"id":45149,"date":"2025-01-13T16:04:15","date_gmt":"2025-01-13T16:04:15","guid":{"rendered":"https:\/\/armstrongyregion.com.ar\/diario\/?p=45149"},"modified":"2025-01-13T16:04:17","modified_gmt":"2025-01-13T16:04:17","slug":"pullaro-las-fiestas-populares-son-clave-para-defender-la-cultura-santafesina","status":"publish","type":"post","link":"https:\/\/armstrongyregion.com.ar\/diario\/pullaro-las-fiestas-populares-son-clave-para-defender-la-cultura-santafesina\/","title":{"rendered":"Pullaro: \u201cLas fiestas populares son clave para defender la cultura santafesina\u201d"},"content":{"rendered":"\n<figure class=\"wp-block-image size-large\"><img loading=\"lazy\" decoding=\"async\" width=\"640\" height=\"426\" src=\"http:\/\/armstrongyregion.com.ar\/diario\/wp-content\/uploads\/2025\/01\/correa-1--640x426.jpeg\" alt=\"\" class=\"wp-image-45150\" srcset=\"https:\/\/armstrongyregion.com.ar\/diario\/wp-content\/uploads\/2025\/01\/correa-1--640x426.jpeg 640w, https:\/\/armstrongyregion.com.ar\/diario\/wp-content\/uploads\/2025\/01\/correa-1--300x200.jpeg 300w, https:\/\/armstrongyregion.com.ar\/diario\/wp-content\/uploads\/2025\/01\/correa-1--768x512.jpeg 768w, https:\/\/armstrongyregion.com.ar\/diario\/wp-content\/uploads\/2025\/01\/correa-1--1536x1023.jpeg 1536w, https:\/\/armstrongyregion.com.ar\/diario\/wp-content\/uploads\/2025\/01\/correa-1-.jpeg 1600w\" sizes=\"auto, (max-width: 640px) 100vw, 640px\" \/><\/figure>\n\n\n\n<h2 class=\"wp-block-heading\">Lo asegur\u00f3 el gobernador este s\u00e1bado en Sauce Viejo, al participar del Festival del Pescador. Durante la jornada, el mandatario provincial tambi\u00e9n fue parte de celebraciones en San Francisco de Santa Fe, Chovet y Correa. \u201cJuntos, en equipo, trabajamos para que estos encuentros se consoliden y sean cada vez m\u00e1s grandes\u201d, remarc\u00f3 Pullaro.\u00a0<\/h2>\n\n\n\n<figure class=\"wp-block-image size-large\"><img loading=\"lazy\" decoding=\"async\" width=\"640\" height=\"426\" src=\"http:\/\/armstrongyregion.com.ar\/diario\/wp-content\/uploads\/2025\/01\/sauce-viejo-pullaro-a-640x426.jpg\" alt=\"\" class=\"wp-image-45151\" srcset=\"https:\/\/armstrongyregion.com.ar\/diario\/wp-content\/uploads\/2025\/01\/sauce-viejo-pullaro-a-640x426.jpg 640w, https:\/\/armstrongyregion.com.ar\/diario\/wp-content\/uploads\/2025\/01\/sauce-viejo-pullaro-a-300x200.jpg 300w, https:\/\/armstrongyregion.com.ar\/diario\/wp-content\/uploads\/2025\/01\/sauce-viejo-pullaro-a-768x512.jpg 768w, https:\/\/armstrongyregion.com.ar\/diario\/wp-content\/uploads\/2025\/01\/sauce-viejo-pullaro-a.jpg 800w\" sizes=\"auto, (max-width: 640px) 100vw, 640px\" \/><\/figure>\n\n\n\n<p>El gobernador Maximiliano Pullaro particip\u00f3 este s\u00e1bado de la 39\u00b0 edici\u00f3n del Festival del Pescador en Sauce Viejo. \u201cEstamos muy felices de estar presentes en este encuentro impresionante que enorgullece a toda la provincia. Tiene una convocatoria espectacular: \u2018La Olla\u2019 hoy estuvo llena de vecinos y vecinas de toda la regi\u00f3n que vinieron a disfrutar de la cultura, al arte y a la gastronom\u00eda\u201d, valor\u00f3 el mandatario provincial desde el escenario mayor, en el que estuvo acompa\u00f1ado por el intendente Mario Papaleo.<\/p>\n\n\n\n<figure class=\"wp-block-image size-large\"><img loading=\"lazy\" decoding=\"async\" width=\"640\" height=\"400\" src=\"http:\/\/armstrongyregion.com.ar\/diario\/wp-content\/uploads\/2025\/01\/sauce-viejo--640x400.jpeg\" alt=\"\" class=\"wp-image-45152\" srcset=\"https:\/\/armstrongyregion.com.ar\/diario\/wp-content\/uploads\/2025\/01\/sauce-viejo--640x400.jpeg 640w, https:\/\/armstrongyregion.com.ar\/diario\/wp-content\/uploads\/2025\/01\/sauce-viejo--300x188.jpeg 300w, https:\/\/armstrongyregion.com.ar\/diario\/wp-content\/uploads\/2025\/01\/sauce-viejo--768x480.jpeg 768w, https:\/\/armstrongyregion.com.ar\/diario\/wp-content\/uploads\/2025\/01\/sauce-viejo--1536x960.jpeg 1536w, https:\/\/armstrongyregion.com.ar\/diario\/wp-content\/uploads\/2025\/01\/sauce-viejo-.jpeg 1600w\" sizes=\"auto, (max-width: 640px) 100vw, 640px\" \/><\/figure>\n\n\n\n<p>En este contexto, el gobernador asegur\u00f3 adem\u00e1s que \u201cla provincia de Santa Fe tiene celebraciones populares en cada uno de sus rincones, cada una con sus caracter\u00edsticas y riquezas. Esta noche, adem\u00e1s de aqu\u00ed, estuve en Chovet, San Francisco y Correa\u201d, para luego sostener que \u201cpese a que es un momento duro para la Argentina, los santafesinos decidimos salir al espacio p\u00fablico para disfrutar con amigos y en familia de estos acontecimientos. Por eso estamos convencidos del rol que el Estado provincial y de cada gobierno local desempe\u00f1amos en estos encuentros tan sanos que, adem\u00e1s, son clave para defender nuestra cultura, lo que somos, nuestra esencia santafesina\u201d. Finalmente, Pullaro subray\u00f3 que desde Provincia se trabaja \u201cmuy fuerte para que estas fiestas culturales y populares se consoliden y cada vez sean m\u00e1s grandes. Ah\u00ed tambi\u00e9n radica el valor del trabajo en equipo, unidos, para que Santa Fe siga creciendo\u201d.&nbsp;<\/p>\n\n\n\n<figure class=\"wp-block-image\"><img decoding=\"async\" src=\"https:\/\/ci3.googleusercontent.com\/meips\/ADKq_Nb8yP7JsA8sB__NO9HEIib74vezd4fQOvn3KFUMhnc5Ss03GEiU6ud_wsYmOV0PYTDjo_Kxyzy9rihSGjptftaZLtkdalnS-RD10SsjaE_bJ_2KzyoUfRLeJirPLOAyYv63WUSCEt-JV0bO94M=s0-d-e1-ft#https:\/\/www.santafe.gob.ar\/noticias\/recursos\/fotos\/2025\/01\/2025-01-12NID_282086O_2.jpeg\" alt=\"\"\/><\/figure>\n\n\n\n<p>Cabe se\u00f1alar que tambi\u00e9n estuvieron presentes la presidenta de la C\u00e1mara de Diputados, Clara Garc\u00eda; el senador por el Departamento La Capital, Paco Garibaldi; el ministro de Econom\u00eda, Pablo Olivares; la presidenta del Concejo Municipal de Santa Fe, Chuchi Molina; la secretaria provincial de Turismo, Marcela Aeberhard; el secretario provincial de Derechos Humanos, Emilio Jat\u00f3n; entre otras autoridades.&nbsp;<\/p>\n\n\n\n<p><strong>En toda la provincia<\/strong><\/p>\n\n\n\n<p>Adem\u00e1s de estar en Sauce Viejo, Pullaro particip\u00f3 en la jornada de este s\u00e1bado de otras tres fiestas populares que se desarrollaron en diferentes puntos de la provincia. Su agenda comenz\u00f3 a las 20.30 en San Francisco de Santa Fe donde se celebr\u00f3 el 135\u00b0 aniversario de la localidad; luego se traslad\u00f3 a Chovet para ser parte de la 43\u00b0 Fiesta del Arbolito; m\u00e1s tarde estuvo en Sauce Viejo y finaliz\u00f3 su recorrida en Correa, donde se realiz\u00f3 la Latino Fest.<\/p>\n\n\n\n<p>Cabe se\u00f1alar que todas estas fiestas populares se desarrollan en el territorio santafesino en el marco de Operativo Verano. Para conocer la programaci\u00f3n completa, ingresar a&nbsp;<a href=\"https:\/\/www.santafe.gob.ar\/ms\/operativo-verano\/\" target=\"_blank\" rel=\"noreferrer noopener\">www.santafe.gob.ar\/ms\/operativo-verano<\/a>.&nbsp;<\/p>\n\n\n\n<figure class=\"wp-block-image\"><img decoding=\"async\" src=\"https:\/\/ci3.googleusercontent.com\/meips\/ADKq_NZxjhFScZkRNSp_H1YTpjiuEesvzelueVSvUFHGfLlHYTW0jEbqhj5lpv0fKOA_o7w-isoY6Luqfrlv5PBKhtTZBgAoCkqhlls7m6Q1XrTiThkLpiuBg5RRrABCXLfQW4LHW6NLCVunhobUCaU=s0-d-e1-ft#https:\/\/www.santafe.gob.ar\/noticias\/recursos\/fotos\/2025\/01\/2025-01-12NID_282086O_7.jpeg\" alt=\"\"\/><\/figure>\n","protected":false},"excerpt":{"rendered":"<p>Pullaro: \u201cLas fiestas populares son clave para defender la cultura santafesina\u201d<\/p>\n","protected":false},"author":1,"featured_media":45151,"comment_status":"open","ping_status":"open","sticky":false,"template":"","format":"image","meta":{"_jetpack_memberships_contains_paid_content":false,"footnotes":"","jetpack_publicize_message":"","jetpack_publicize_feature_enabled":true,"jetpack_social_post_already_shared":true,"jetpack_social_options":{"image_generator_settings":{"template":"highway","default_image_id":0,"enabled":false},"version":2}},"categories":[8,1,2,7,3],"tags":[47,11342,5030,9829,9346,11341,2846],"class_list":["post-45149","post","type-post","status-publish","format-image","has-post-thumbnail","hentry","category-deliberando","category-diario-armstrong","category-locales","category-politica","category-region","tag-cultura","tag-cultura-santafesina","tag-diario-armstrong","tag-fiestas-2","tag-graciela-de-la-casa","tag-populares","tag-pullaro","post_format-post-format-image"],"jetpack_publicize_connections":[],"jetpack_featured_media_url":"https:\/\/armstrongyregion.com.ar\/diario\/wp-content\/uploads\/2025\/01\/sauce-viejo-pullaro-a.jpg","jetpack_shortlink":"https:\/\/wp.me\/p62QDO-bKd","jetpack_sharing_enabled":true,"amp_enabled":true,"_links":{"self":[{"href":"https:\/\/armstrongyregion.com.ar\/diario\/wp-json\/wp\/v2\/posts\/45149","targetHints":{"allow":["GET"]}}],"collection":[{"href":"https:\/\/armstrongyregion.com.ar\/diario\/wp-json\/wp\/v2\/posts"}],"about":[{"href":"https:\/\/armstrongyregion.com.ar\/diario\/wp-json\/wp\/v2\/types\/post"}],"author":[{"embeddable":true,"href":"https:\/\/armstrongyregion.com.ar\/diario\/wp-json\/wp\/v2\/users\/1"}],"replies":[{"embeddable":true,"href":"https:\/\/armstrongyregion.com.ar\/diario\/wp-json\/wp\/v2\/comments?post=45149"}],"version-history":[{"count":1,"href":"https:\/\/armstrongyregion.com.ar\/diario\/wp-json\/wp\/v2\/posts\/45149\/revisions"}],"predecessor-version":[{"id":45153,"href":"https:\/\/armstrongyregion.com.ar\/diario\/wp-json\/wp\/v2\/posts\/45149\/revisions\/45153"}],"wp:featuredmedia":[{"embeddable":true,"href":"https:\/\/armstrongyregion.com.ar\/diario\/wp-json\/wp\/v2\/media\/45151"}],"wp:attachment":[{"href":"https:\/\/armstrongyregion.com.ar\/diario\/wp-json\/wp\/v2\/media?parent=45149"}],"wp:term":[{"taxonomy":"category","embeddable":true,"href":"https:\/\/armstrongyregion.com.ar\/diario\/wp-json\/wp\/v2\/categories?post=45149"},{"taxonomy":"post_tag","embeddable":true,"href":"https:\/\/armstrongyregion.com.ar\/diario\/wp-json\/wp\/v2\/tags?post=45149"}],"curies":[{"name":"wp","href":"https:\/\/api.w.org\/{rel}","templated":true}]}}