{"id":45142,"date":"2025-01-13T14:24:47","date_gmt":"2025-01-13T14:24:47","guid":{"rendered":"https:\/\/armstrongyregion.com.ar\/diario\/?p=45142"},"modified":"2025-01-13T14:36:51","modified_gmt":"2025-01-13T14:36:51","slug":"cambio-de-sentido-en-calles-del-barrio-sur-de-armstrong","status":"publish","type":"post","link":"https:\/\/armstrongyregion.com.ar\/diario\/cambio-de-sentido-en-calles-del-barrio-sur-de-armstrong\/","title":{"rendered":"Cambio de Sentido en Calles del Barrio Sur de Armstrong."},"content":{"rendered":"\n<figure class=\"wp-block-image size-large\"><img loading=\"lazy\" decoding=\"async\" width=\"640\" height=\"480\" src=\"http:\/\/armstrongyregion.com.ar\/diario\/wp-content\/uploads\/2025\/01\/Daniela-PereZ-13-1-25-640x480.jpg\" alt=\"\" class=\"wp-image-45143\" srcset=\"https:\/\/armstrongyregion.com.ar\/diario\/wp-content\/uploads\/2025\/01\/Daniela-PereZ-13-1-25-640x480.jpg 640w, https:\/\/armstrongyregion.com.ar\/diario\/wp-content\/uploads\/2025\/01\/Daniela-PereZ-13-1-25-300x225.jpg 300w, https:\/\/armstrongyregion.com.ar\/diario\/wp-content\/uploads\/2025\/01\/Daniela-PereZ-13-1-25.jpg 714w\" sizes=\"auto, (max-width: 640px) 100vw, 640px\" \/><\/figure>\n\n\n\n<p><strong>El Municipio de Armstrong informa a sus vecinos sobre la implementaci\u00f3n de un nuevo sistema de circulaci\u00f3n en nueve arterias del barrio sur, a partir del lunes 20 de enero. <\/strong><\/p>\n\n\n\n<figure class=\"wp-block-image size-large\"><img loading=\"lazy\" decoding=\"async\" width=\"400\" height=\"480\" src=\"http:\/\/armstrongyregion.com.ar\/diario\/wp-content\/uploads\/2025\/01\/calles-a--400x480.jpg\" alt=\"\" class=\"wp-image-45145\" srcset=\"https:\/\/armstrongyregion.com.ar\/diario\/wp-content\/uploads\/2025\/01\/calles-a--400x480.jpg 400w, https:\/\/armstrongyregion.com.ar\/diario\/wp-content\/uploads\/2025\/01\/calles-a--250x300.jpg 250w, https:\/\/armstrongyregion.com.ar\/diario\/wp-content\/uploads\/2025\/01\/calles-a-.jpg 667w\" sizes=\"auto, (max-width: 400px) 100vw, 400px\" \/><\/figure>\n\n\n\n<p><strong>Este cambio, solicitado por los vecinos y aprobado por el Concejo Municipal, busca mejorar el flujo vehicular y la seguridad vial en una zona que ha experimentado un importante crecimiento comercial. Las calles afectadas se extienden desde calle San Lorenzo hasta calle Radical. Las calles Buenos Aires y Democracia ya cuentan con sentido \u00fanico de circulaci\u00f3n. <\/strong><\/p>\n\n\n\n<figure class=\"wp-block-image size-large\"><img loading=\"lazy\" decoding=\"async\" width=\"400\" height=\"480\" src=\"http:\/\/armstrongyregion.com.ar\/diario\/wp-content\/uploads\/2025\/01\/calles-1--400x480.jpg\" alt=\"\" class=\"wp-image-45146\" srcset=\"https:\/\/armstrongyregion.com.ar\/diario\/wp-content\/uploads\/2025\/01\/calles-1--400x480.jpg 400w, https:\/\/armstrongyregion.com.ar\/diario\/wp-content\/uploads\/2025\/01\/calles-1--250x300.jpg 250w, https:\/\/armstrongyregion.com.ar\/diario\/wp-content\/uploads\/2025\/01\/calles-1-.jpg 667w\" sizes=\"auto, (max-width: 400px) 100vw, 400px\" \/><\/figure>\n\n\n\n<p>Se destaca que las calles Fischer y el paso, a la altura de calle Mart\u00ednez, ser\u00e1n las \u00fanicas que mantengan doble sentido en el sector. El resto de las arterias mencionadas pasar\u00e1n a tener un \u00fanico sentido de circulaci\u00f3n. <strong>Se solicita a los vecinos familiarizarse con los nuevos cambios de sentido. <\/strong><\/p>\n\n\n\n<figure class=\"wp-block-image size-large\"><img loading=\"lazy\" decoding=\"async\" width=\"400\" height=\"480\" src=\"http:\/\/armstrongyregion.com.ar\/diario\/wp-content\/uploads\/2025\/01\/calles-2--400x480.jpg\" alt=\"\" class=\"wp-image-45147\" srcset=\"https:\/\/armstrongyregion.com.ar\/diario\/wp-content\/uploads\/2025\/01\/calles-2--400x480.jpg 400w, https:\/\/armstrongyregion.com.ar\/diario\/wp-content\/uploads\/2025\/01\/calles-2--250x300.jpg 250w, https:\/\/armstrongyregion.com.ar\/diario\/wp-content\/uploads\/2025\/01\/calles-2-.jpg 667w\" sizes=\"auto, (max-width: 400px) 100vw, 400px\" \/><\/figure>\n\n\n\n<p>El Municipio est\u00e1 trabajando en la colocaci\u00f3n e instalaci\u00f3n de nueva carteler\u00eda vial informativa en las zonas afectadas para que los conductores puedan adaptarse a los cambios con facilidad. Se espera que para el d\u00eda 20 de enero toda la carteler\u00eda est\u00e9 instalada y en perfecto estado. <\/p>\n\n\n\n<p><strong>La Secretaria de Gobierno, Daniela P\u00e9rez, enfatiz\u00f3 la importancia de la colaboraci\u00f3n ciudadana para el \u00e9xito de esta iniciativa. \u00abEl objetivo principal es mejorar el tr\u00e1nsito, especialmente en las zonas comerciales del barrio sur, y garantizar la seguridad de todos los vecinos. Se recomienda a los conductores circular con precauci\u00f3n durante los primeros d\u00edas de la implementaci\u00f3n y prestar especial atenci\u00f3n a la nueva se\u00f1alizaci\u00f3n.<\/strong>\u00ab<\/p>\n","protected":false},"excerpt":{"rendered":"<p>Cambio de Sentido en Calles del Barrio Sur de Armstrong.<\/p>\n","protected":false},"author":1,"featured_media":45143,"comment_status":"open","ping_status":"open","sticky":false,"template":"","format":"image","meta":{"_jetpack_memberships_contains_paid_content":false,"footnotes":"","jetpack_publicize_message":"","jetpack_publicize_feature_enabled":true,"jetpack_social_post_already_shared":true,"jetpack_social_options":{"image_generator_settings":{"template":"highway","default_image_id":0,"enabled":false},"version":2}},"categories":[8,1,2,7,3],"tags":[20,11340,1985,311,9913,19,5030,15,8777,4121],"class_list":["post-45142","post","type-post","status-publish","format-image","has-post-thumbnail","hentry","category-deliberando","category-diario-armstrong","category-locales","category-politica","category-region","tag-armstrong","tag-barrio-sur","tag-calles","tag-cambio","tag-daniela-perez","tag-de","tag-diario-armstrong","tag-en","tag-lic-graciela-de-la-casa","tag-sentido","post_format-post-format-image"],"jetpack_publicize_connections":[],"jetpack_featured_media_url":"https:\/\/armstrongyregion.com.ar\/diario\/wp-content\/uploads\/2025\/01\/Daniela-PereZ-13-1-25.jpg","jetpack_shortlink":"https:\/\/wp.me\/p62QDO-bK6","jetpack_sharing_enabled":true,"amp_enabled":true,"_links":{"self":[{"href":"https:\/\/armstrongyregion.com.ar\/diario\/wp-json\/wp\/v2\/posts\/45142","targetHints":{"allow":["GET"]}}],"collection":[{"href":"https:\/\/armstrongyregion.com.ar\/diario\/wp-json\/wp\/v2\/posts"}],"about":[{"href":"https:\/\/armstrongyregion.com.ar\/diario\/wp-json\/wp\/v2\/types\/post"}],"author":[{"embeddable":true,"href":"https:\/\/armstrongyregion.com.ar\/diario\/wp-json\/wp\/v2\/users\/1"}],"replies":[{"embeddable":true,"href":"https:\/\/armstrongyregion.com.ar\/diario\/wp-json\/wp\/v2\/comments?post=45142"}],"version-history":[{"count":2,"href":"https:\/\/armstrongyregion.com.ar\/diario\/wp-json\/wp\/v2\/posts\/45142\/revisions"}],"predecessor-version":[{"id":45148,"href":"https:\/\/armstrongyregion.com.ar\/diario\/wp-json\/wp\/v2\/posts\/45142\/revisions\/45148"}],"wp:featuredmedia":[{"embeddable":true,"href":"https:\/\/armstrongyregion.com.ar\/diario\/wp-json\/wp\/v2\/media\/45143"}],"wp:attachment":[{"href":"https:\/\/armstrongyregion.com.ar\/diario\/wp-json\/wp\/v2\/media?parent=45142"}],"wp:term":[{"taxonomy":"category","embeddable":true,"href":"https:\/\/armstrongyregion.com.ar\/diario\/wp-json\/wp\/v2\/categories?post=45142"},{"taxonomy":"post_tag","embeddable":true,"href":"https:\/\/armstrongyregion.com.ar\/diario\/wp-json\/wp\/v2\/tags?post=45142"}],"curies":[{"name":"wp","href":"https:\/\/api.w.org\/{rel}","templated":true}]}}