{"id":45113,"date":"2025-01-08T14:33:11","date_gmt":"2025-01-08T14:33:11","guid":{"rendered":"https:\/\/armstrongyregion.com.ar\/diario\/?p=45113"},"modified":"2025-01-08T14:33:13","modified_gmt":"2025-01-08T14:33:13","slug":"armstrong-el-intendente-luzzi-entrego-mas-de-16-000-000-por-f-a-e","status":"publish","type":"post","link":"https:\/\/armstrongyregion.com.ar\/diario\/armstrong-el-intendente-luzzi-entrego-mas-de-16-000-000-por-f-a-e\/","title":{"rendered":"Armstrong. El Intendente Luzzi entreg\u00f3 m\u00e1s de $ 16.000.000 por F.A.E."},"content":{"rendered":"\n<figure class=\"wp-block-image size-full\"><img loading=\"lazy\" decoding=\"async\" width=\"640\" height=\"427\" src=\"http:\/\/armstrongyregion.com.ar\/diario\/wp-content\/uploads\/2025\/01\/FAE-1-25.jpg\" alt=\"\" class=\"wp-image-45114\" srcset=\"https:\/\/armstrongyregion.com.ar\/diario\/wp-content\/uploads\/2025\/01\/FAE-1-25.jpg 640w, https:\/\/armstrongyregion.com.ar\/diario\/wp-content\/uploads\/2025\/01\/FAE-1-25-300x200.jpg 300w\" sizes=\"auto, (max-width: 640px) 100vw, 640px\" \/><\/figure>\n\n\n\n<p>El martes 7 de enero en el sal\u00f3n San Mart\u00edn de la Municipalidad de Armstrong, el Intendente<br>Guilermo Luzzi encabez\u00f3 la primera entrega del a\u00f1o 2025 del Fondo de Asistencia Educativa (F.A.E.) a<br>todas las escuelas y Biblioteca Popular Sarmiento.<\/p>\n\n\n\n<figure class=\"wp-block-image size-full\"><img loading=\"lazy\" decoding=\"async\" width=\"640\" height=\"427\" src=\"http:\/\/armstrongyregion.com.ar\/diario\/wp-content\/uploads\/2025\/01\/FAE-2-25.jpg\" alt=\"\" class=\"wp-image-45115\" srcset=\"https:\/\/armstrongyregion.com.ar\/diario\/wp-content\/uploads\/2025\/01\/FAE-2-25.jpg 640w, https:\/\/armstrongyregion.com.ar\/diario\/wp-content\/uploads\/2025\/01\/FAE-2-25-300x200.jpg 300w\" sizes=\"auto, (max-width: 640px) 100vw, 640px\" \/><\/figure>\n\n\n\n<p><br>Estuvo acompa\u00f1ado por la secretaria de Educaci\u00f3n y Desarrollo Integral Rosana Siri, y ambos dieron<br>la bienvenida a las instituciones a trav\u00e9s de sus directivos, docentes y\/o cooperadores presentes.<\/p>\n\n\n\n<figure class=\"wp-block-image size-full\"><img loading=\"lazy\" decoding=\"async\" width=\"640\" height=\"427\" src=\"http:\/\/armstrongyregion.com.ar\/diario\/wp-content\/uploads\/2025\/01\/FAE-3-25.jpg\" alt=\"\" class=\"wp-image-45116\" srcset=\"https:\/\/armstrongyregion.com.ar\/diario\/wp-content\/uploads\/2025\/01\/FAE-3-25.jpg 640w, https:\/\/armstrongyregion.com.ar\/diario\/wp-content\/uploads\/2025\/01\/FAE-3-25-300x200.jpg 300w\" sizes=\"auto, (max-width: 640px) 100vw, 640px\" \/><\/figure>\n\n\n\n<p><br>A partir de la presente entrega correspondiente al mes de enero y en funci\u00f3n a los criterios<br>aplicados por las autoridades municipales y consensuado con Directivos y Asociaciones<br>Cooperadoras, los pagos se realizan mediante una redistribuci\u00f3n por categor\u00edas que tiene que ver<br>con el tama\u00f1o en metros cuadrados y cantidad de alumnos en cada una de las instituciones,<br>teniendo en cuenta que el destino primario del F.A.E. es para el mantenimiento edilicio de las<br>mismas como ba\u00f1os, techos, cocina, paredes, grietas, etc.<\/p>\n\n\n\n<p><br>Es as\u00ed que se conforman tres categor\u00edas de pagos de F.A.E., cada una de ellas con sus montos<br>respectivos, hasta con un 166 % de incremento: Categor\u00eda I, que en 2024 cobraba mensualmente $<br>450.000, pasa a cobrar $ 1.200.000 por mes; Categor\u00eda II, un 60% de la anterior, recibe $ 800.000;<br>Categor\u00eda III, un 50% de la Categor\u00eda I, es decir $ 600.000.<\/p>\n\n\n\n<figure class=\"wp-block-image size-full\"><img loading=\"lazy\" decoding=\"async\" width=\"640\" height=\"389\" src=\"http:\/\/armstrongyregion.com.ar\/diario\/wp-content\/uploads\/2025\/01\/FAE-4-25.jpg\" alt=\"\" class=\"wp-image-45118\" srcset=\"https:\/\/armstrongyregion.com.ar\/diario\/wp-content\/uploads\/2025\/01\/FAE-4-25.jpg 640w, https:\/\/armstrongyregion.com.ar\/diario\/wp-content\/uploads\/2025\/01\/FAE-4-25-300x182.jpg 300w\" sizes=\"auto, (max-width: 640px) 100vw, 640px\" \/><\/figure>\n\n\n\n<p><br>La Categor\u00eda III, por ejemplo, tiene que ver con las instituciones que funcionan dentro del edificio de<br>otra escuela como lo hacen el CENPA N\u00b0 91 que funciona en instalaciones de la Escuela N\u00b0 600, la<br>E.E.M.P.A N\u00b0 1137 funciona en la Escuela T\u00e9cnica N\u00b0 291, y el jard\u00edn N\u00b0 33 que est\u00e1 dentro de un<br>edificio mayor.<\/p>\n\n\n\n\n\n<p>De esta manera, mensualmente el municipio otorgar\u00e1 la suma de $ 12.000.000 y en oportunidad de<br>este primer encuentro anual, el monto que se destin\u00f3 al pago del F.A.E. es de $ 16.500.000 debido a<br>que se realizaron pagos pendientes de los a\u00f1os 2023 y 2024 a la cooperadora del Taller Manual N\u00b0<br>3045, que se ha podido constituir recientemente. Dichos montos fueron actualizados y por ello, esta<br>instituci\u00f3n recibi\u00f3 la suma de $ 5.700.000, dinero que ser\u00e1 invertido en una remodelaci\u00f3n y<br>ampliaci\u00f3n del aula que se est\u00e1 construyendo en la Escuela N\u00b0 600 en el marco del programa<br>provincial 1.000 Aulas, y que ser\u00e1 compartido por ambas instituciones.<\/p>\n","protected":false},"excerpt":{"rendered":"<p>Armstrong. Luzzi entreg\u00f3 m\u00e1s de $ 16.000.000 por F.A.E. <\/p>\n","protected":false},"author":1,"featured_media":45114,"comment_status":"open","ping_status":"open","sticky":false,"template":"","format":"image","meta":{"_jetpack_memberships_contains_paid_content":false,"footnotes":"","jetpack_publicize_message":"","jetpack_publicize_feature_enabled":true,"jetpack_social_post_already_shared":true,"jetpack_social_options":{"image_generator_settings":{"template":"highway","default_image_id":0,"enabled":false},"version":2}},"categories":[6,8,1,2,7,3],"tags":[20,5030,112,8620,8777,8735],"class_list":["post-45113","post","type-post","status-publish","format-image","has-post-thumbnail","hentry","category-cultura-entretenimiento","category-deliberando","category-diario-armstrong","category-locales","category-politica","category-region","tag-armstrong","tag-diario-armstrong","tag-entrego","tag-fae-2","tag-lic-graciela-de-la-casa","tag-luzzi","post_format-post-format-image"],"jetpack_publicize_connections":[],"jetpack_featured_media_url":"https:\/\/armstrongyregion.com.ar\/diario\/wp-content\/uploads\/2025\/01\/FAE-1-25.jpg","jetpack_shortlink":"https:\/\/wp.me\/p62QDO-bJD","jetpack_sharing_enabled":true,"amp_enabled":true,"_links":{"self":[{"href":"https:\/\/armstrongyregion.com.ar\/diario\/wp-json\/wp\/v2\/posts\/45113","targetHints":{"allow":["GET"]}}],"collection":[{"href":"https:\/\/armstrongyregion.com.ar\/diario\/wp-json\/wp\/v2\/posts"}],"about":[{"href":"https:\/\/armstrongyregion.com.ar\/diario\/wp-json\/wp\/v2\/types\/post"}],"author":[{"embeddable":true,"href":"https:\/\/armstrongyregion.com.ar\/diario\/wp-json\/wp\/v2\/users\/1"}],"replies":[{"embeddable":true,"href":"https:\/\/armstrongyregion.com.ar\/diario\/wp-json\/wp\/v2\/comments?post=45113"}],"version-history":[{"count":1,"href":"https:\/\/armstrongyregion.com.ar\/diario\/wp-json\/wp\/v2\/posts\/45113\/revisions"}],"predecessor-version":[{"id":45119,"href":"https:\/\/armstrongyregion.com.ar\/diario\/wp-json\/wp\/v2\/posts\/45113\/revisions\/45119"}],"wp:featuredmedia":[{"embeddable":true,"href":"https:\/\/armstrongyregion.com.ar\/diario\/wp-json\/wp\/v2\/media\/45114"}],"wp:attachment":[{"href":"https:\/\/armstrongyregion.com.ar\/diario\/wp-json\/wp\/v2\/media?parent=45113"}],"wp:term":[{"taxonomy":"category","embeddable":true,"href":"https:\/\/armstrongyregion.com.ar\/diario\/wp-json\/wp\/v2\/categories?post=45113"},{"taxonomy":"post_tag","embeddable":true,"href":"https:\/\/armstrongyregion.com.ar\/diario\/wp-json\/wp\/v2\/tags?post=45113"}],"curies":[{"name":"wp","href":"https:\/\/api.w.org\/{rel}","templated":true}]}}