{"id":45108,"date":"2025-01-07T15:40:06","date_gmt":"2025-01-07T15:40:06","guid":{"rendered":"https:\/\/armstrongyregion.com.ar\/diario\/?p=45108"},"modified":"2025-01-07T15:40:08","modified_gmt":"2025-01-07T15:40:08","slug":"armstrong-talleres-de-verano-en-el-conservatorio-municipal-2025","status":"publish","type":"post","link":"https:\/\/armstrongyregion.com.ar\/diario\/armstrong-talleres-de-verano-en-el-conservatorio-municipal-2025\/","title":{"rendered":"Armstrong. Talleres de verano en el Conservatorio Municipal 2025."},"content":{"rendered":"\n<figure class=\"wp-block-image size-large\"><img loading=\"lazy\" decoding=\"async\" width=\"480\" height=\"480\" src=\"http:\/\/armstrongyregion.com.ar\/diario\/wp-content\/uploads\/2025\/01\/Taller-conservatorio-480x480.jpg\" alt=\"\" class=\"wp-image-45109\" srcset=\"https:\/\/armstrongyregion.com.ar\/diario\/wp-content\/uploads\/2025\/01\/Taller-conservatorio-480x480.jpg 480w, https:\/\/armstrongyregion.com.ar\/diario\/wp-content\/uploads\/2025\/01\/Taller-conservatorio-300x300.jpg 300w, https:\/\/armstrongyregion.com.ar\/diario\/wp-content\/uploads\/2025\/01\/Taller-conservatorio-150x150.jpg 150w, https:\/\/armstrongyregion.com.ar\/diario\/wp-content\/uploads\/2025\/01\/Taller-conservatorio-768x768.jpg 768w, https:\/\/armstrongyregion.com.ar\/diario\/wp-content\/uploads\/2025\/01\/Taller-conservatorio.jpg 800w\" sizes=\"auto, (max-width: 480px) 100vw, 480px\" \/><\/figure>\n\n\n\n<p><strong>La Municipalidad de Armstrong invita a todos los interesados en conocer sobre m\u00fasica e instrumentos musicales, a participar de los talleres de verano que se ofrecen en el Conservatorio municipal de m\u00fasica, de manera totalmente gratuita.<\/strong><br>Con un enfoque sencillo y divertido e interactuando con diferentes instrumentos. Para todas las edades y niveles. A partir de los 8 a\u00f1os, sin necesidad de tener conocimientos previos. Cupos limitados.<br>Se ofrecer\u00e1n clases de flauta traversa y clarinete, viol\u00edn, guitarras y bajo, bater\u00eda y percusi\u00f3n, coordinados por los profesores Graciela Ortiz, Ayel\u00e9n Bastida, Joaqu\u00edn Mart\u00ednez y Valent\u00edn M\u00e1rquez, respectivamente, y se propondr\u00e1n ensambles entre ni\u00f1os y adultos donde se pondr\u00e1 en pr\u00e1ctica lo aprendido previamente.<br>Los encuentros, que inician el d\u00eda 20 de enero, se desarrollar\u00e1n todos los lunes, hasta el 17 de febrero, de 17 a 21 hs en el Espacio Conservatorio, previa inscripci\u00f3n a los whatsapps 3471-579905, 3400-658700 \u00f3 al link&nbsp;<a href=\"https:\/\/forms.gle\/sTM9wiaZgZmSa4357.\">https:\/\/forms.gle\/sTM9wiaZgZmSa4357.<\/a><\/p>\n\n\n\n<p>Las clases tienen una primera franja horaria donde se trabaja con el profesor en forma individual, y luego en grupo. Son contenidos que se pueden ver a lo largo del a\u00f1o en este espacio cultural educativo, pero en formato taller, con juegos para ni\u00f1os y diferentes actividades para los adultos y as\u00ed conocer qu\u00e9 es el ritmo, la melod\u00eda, etc.<br>Una propuesta diferente a las clases convencionales con objetivos a corto plazo, conocimientos iniciales sobre cuestiones te\u00f3ricas, t\u00e9cnicas y pr\u00e1cticas que inmediatamente se emplear\u00e1n.<\/p>\n","protected":false},"excerpt":{"rendered":"<p>Armstrong. Talleres de verano en el Conservatorio Municipal 2025.<\/p>\n","protected":false},"author":1,"featured_media":45109,"comment_status":"open","ping_status":"open","sticky":false,"template":"","format":"image","meta":{"_jetpack_memberships_contains_paid_content":false,"footnotes":"","jetpack_publicize_message":"","jetpack_publicize_feature_enabled":true,"jetpack_social_post_already_shared":true,"jetpack_social_options":{"image_generator_settings":{"template":"highway","default_image_id":0,"enabled":false},"version":2}},"categories":[8,1,2,7,3],"tags":[10981,20,11335,19,5030,8777,994,8873],"class_list":["post-45108","post","type-post","status-publish","format-image","has-post-thumbnail","hentry","category-deliberando","category-diario-armstrong","category-locales","category-politica","category-region","tag-10981","tag-armstrong","tag-conservatorio-municipal","tag-de","tag-diario-armstrong","tag-lic-graciela-de-la-casa","tag-talleres","tag-verano-2","post_format-post-format-image"],"jetpack_publicize_connections":[],"jetpack_featured_media_url":"https:\/\/armstrongyregion.com.ar\/diario\/wp-content\/uploads\/2025\/01\/Taller-conservatorio.jpg","jetpack_shortlink":"https:\/\/wp.me\/p62QDO-bJy","jetpack_sharing_enabled":true,"amp_enabled":true,"_links":{"self":[{"href":"https:\/\/armstrongyregion.com.ar\/diario\/wp-json\/wp\/v2\/posts\/45108","targetHints":{"allow":["GET"]}}],"collection":[{"href":"https:\/\/armstrongyregion.com.ar\/diario\/wp-json\/wp\/v2\/posts"}],"about":[{"href":"https:\/\/armstrongyregion.com.ar\/diario\/wp-json\/wp\/v2\/types\/post"}],"author":[{"embeddable":true,"href":"https:\/\/armstrongyregion.com.ar\/diario\/wp-json\/wp\/v2\/users\/1"}],"replies":[{"embeddable":true,"href":"https:\/\/armstrongyregion.com.ar\/diario\/wp-json\/wp\/v2\/comments?post=45108"}],"version-history":[{"count":1,"href":"https:\/\/armstrongyregion.com.ar\/diario\/wp-json\/wp\/v2\/posts\/45108\/revisions"}],"predecessor-version":[{"id":45110,"href":"https:\/\/armstrongyregion.com.ar\/diario\/wp-json\/wp\/v2\/posts\/45108\/revisions\/45110"}],"wp:featuredmedia":[{"embeddable":true,"href":"https:\/\/armstrongyregion.com.ar\/diario\/wp-json\/wp\/v2\/media\/45109"}],"wp:attachment":[{"href":"https:\/\/armstrongyregion.com.ar\/diario\/wp-json\/wp\/v2\/media?parent=45108"}],"wp:term":[{"taxonomy":"category","embeddable":true,"href":"https:\/\/armstrongyregion.com.ar\/diario\/wp-json\/wp\/v2\/categories?post=45108"},{"taxonomy":"post_tag","embeddable":true,"href":"https:\/\/armstrongyregion.com.ar\/diario\/wp-json\/wp\/v2\/tags?post=45108"}],"curies":[{"name":"wp","href":"https:\/\/api.w.org\/{rel}","templated":true}]}}