{"id":45104,"date":"2025-01-07T15:33:14","date_gmt":"2025-01-07T15:33:14","guid":{"rendered":"https:\/\/armstrongyregion.com.ar\/diario\/?p=45104"},"modified":"2025-01-07T15:33:16","modified_gmt":"2025-01-07T15:33:16","slug":"donacion-de-la-familia-parola-gatti-a-la-banda-municipal-las-rosas","status":"publish","type":"post","link":"https:\/\/armstrongyregion.com.ar\/diario\/donacion-de-la-familia-parola-gatti-a-la-banda-municipal-las-rosas\/","title":{"rendered":"Donaci\u00f3n de la familia Parola Gatti a la Banda Municipal Las Rosas."},"content":{"rendered":"\n<figure class=\"wp-block-image size-large\"><img loading=\"lazy\" decoding=\"async\" width=\"561\" height=\"480\" src=\"http:\/\/armstrongyregion.com.ar\/diario\/wp-content\/uploads\/2025\/01\/marta-gatti-1--561x480.jpg\" alt=\"\" class=\"wp-image-45105\" srcset=\"https:\/\/armstrongyregion.com.ar\/diario\/wp-content\/uploads\/2025\/01\/marta-gatti-1--561x480.jpg 561w, https:\/\/armstrongyregion.com.ar\/diario\/wp-content\/uploads\/2025\/01\/marta-gatti-1--300x257.jpg 300w, https:\/\/armstrongyregion.com.ar\/diario\/wp-content\/uploads\/2025\/01\/marta-gatti-1--768x658.jpg 768w, https:\/\/armstrongyregion.com.ar\/diario\/wp-content\/uploads\/2025\/01\/marta-gatti-1-.jpg 828w\" sizes=\"auto, (max-width: 561px) 100vw, 561px\" \/><\/figure>\n\n\n\n<h2 class=\"wp-block-heading\">El Intendente Meyer recibi\u00f3 un saxo alto Master, que perteneciera a Misael Parola.<\/h2>\n\n\n\n<figure class=\"wp-block-image size-large\"><img loading=\"lazy\" decoding=\"async\" width=\"561\" height=\"480\" src=\"http:\/\/armstrongyregion.com.ar\/diario\/wp-content\/uploads\/2025\/01\/marta-Gatti-2--561x480.jpg\" alt=\"\" class=\"wp-image-45106\" srcset=\"https:\/\/armstrongyregion.com.ar\/diario\/wp-content\/uploads\/2025\/01\/marta-Gatti-2--561x480.jpg 561w, https:\/\/armstrongyregion.com.ar\/diario\/wp-content\/uploads\/2025\/01\/marta-Gatti-2--300x257.jpg 300w, https:\/\/armstrongyregion.com.ar\/diario\/wp-content\/uploads\/2025\/01\/marta-Gatti-2--768x658.jpg 768w, https:\/\/armstrongyregion.com.ar\/diario\/wp-content\/uploads\/2025\/01\/marta-Gatti-2-.jpg 828w\" sizes=\"auto, (max-width: 561px) 100vw, 561px\" \/><\/figure>\n\n\n\n<p>El Intendente Javier Meyer recibi\u00f3 la donaci\u00f3n de Oscar Antonio Parola y Martha Beatriz Gatti, vecinos de nuestra ciudad, un saxo alto Master, que perteneciera a su hijo Misael Parola, quien formara parte de la Banda Municipal y dedicara su vida a la m\u00fasica como profesi\u00f3n.<\/p>\n\n\n\n<p>Agradecemos este aporte, que enriquecer\u00e1 las actividades de la Banda Municipal y seguir\u00e1 fomentando la m\u00fasica en Las Rosas, de esta forma entre todos Honraremos su memoria.<\/p>\n\n\n\n<p><\/p>\n","protected":false},"excerpt":{"rendered":"<p>Donaci\u00f3n de la familia Parola Gatti a la Banda Municipal Las Rosas.<\/p>\n","protected":false},"author":1,"featured_media":45105,"comment_status":"open","ping_status":"open","sticky":false,"template":"","format":"image","meta":{"_jetpack_memberships_contains_paid_content":false,"footnotes":"","jetpack_publicize_message":"","jetpack_publicize_feature_enabled":true,"jetpack_social_post_already_shared":true,"jetpack_social_options":{"image_generator_settings":{"template":"highway","default_image_id":0,"enabled":false},"version":2}},"categories":[8,1,2,7,3],"tags":[11334,5030,1834,1163,11333,9346,8883,11332],"class_list":["post-45104","post","type-post","status-publish","format-image","has-post-thumbnail","hentry","category-deliberando","category-diario-armstrong","category-locales","category-politica","category-region","tag-banda-municipal","tag-diario-armstrong","tag-donacion","tag-familia","tag-gatti","tag-graciela-de-la-casa","tag-las-rosas-2","tag-parola","post_format-post-format-image"],"jetpack_publicize_connections":[],"jetpack_featured_media_url":"https:\/\/armstrongyregion.com.ar\/diario\/wp-content\/uploads\/2025\/01\/marta-gatti-1-.jpg","jetpack_shortlink":"https:\/\/wp.me\/p62QDO-bJu","jetpack_sharing_enabled":true,"amp_enabled":true,"_links":{"self":[{"href":"https:\/\/armstrongyregion.com.ar\/diario\/wp-json\/wp\/v2\/posts\/45104","targetHints":{"allow":["GET"]}}],"collection":[{"href":"https:\/\/armstrongyregion.com.ar\/diario\/wp-json\/wp\/v2\/posts"}],"about":[{"href":"https:\/\/armstrongyregion.com.ar\/diario\/wp-json\/wp\/v2\/types\/post"}],"author":[{"embeddable":true,"href":"https:\/\/armstrongyregion.com.ar\/diario\/wp-json\/wp\/v2\/users\/1"}],"replies":[{"embeddable":true,"href":"https:\/\/armstrongyregion.com.ar\/diario\/wp-json\/wp\/v2\/comments?post=45104"}],"version-history":[{"count":1,"href":"https:\/\/armstrongyregion.com.ar\/diario\/wp-json\/wp\/v2\/posts\/45104\/revisions"}],"predecessor-version":[{"id":45107,"href":"https:\/\/armstrongyregion.com.ar\/diario\/wp-json\/wp\/v2\/posts\/45104\/revisions\/45107"}],"wp:featuredmedia":[{"embeddable":true,"href":"https:\/\/armstrongyregion.com.ar\/diario\/wp-json\/wp\/v2\/media\/45105"}],"wp:attachment":[{"href":"https:\/\/armstrongyregion.com.ar\/diario\/wp-json\/wp\/v2\/media?parent=45104"}],"wp:term":[{"taxonomy":"category","embeddable":true,"href":"https:\/\/armstrongyregion.com.ar\/diario\/wp-json\/wp\/v2\/categories?post=45104"},{"taxonomy":"post_tag","embeddable":true,"href":"https:\/\/armstrongyregion.com.ar\/diario\/wp-json\/wp\/v2\/tags?post=45104"}],"curies":[{"name":"wp","href":"https:\/\/api.w.org\/{rel}","templated":true}]}}